{"id":34779,"date":"2021-06-29T12:31:47","date_gmt":"2021-06-29T10:31:47","guid":{"rendered":"http:\/\/iuzb.de\/?p=34779"},"modified":"2021-10-31T19:02:54","modified_gmt":"2021-10-31T18:02:54","slug":"humanitaer-zahnaerztliches-engagement-der-zahnaerzteschaft-staerken","status":"publish","type":"post","link":"https:\/\/iuzb.de\/?p=34779","title":{"rendered":"Humanit\u00e4r-zahn\u00e4rztliches Engagement der Zahn\u00e4rzteschaft st\u00e4rken"},"content":{"rendered":"<p>Aus der <a href=\"https:\/\/iuzb.de\/?p=34398\" target=\"_blank\" rel=\"noopener\">Bundesversammlung der Bundeszahn\u00e4rztekammer vom 04\/05. Juni 2021<\/a>:<\/p>\n<table style=\"width: 100%;\">\n<tbody>\n<tr>\n<td style=\"width: 30.5714%;\">TOP-Nr.<\/td>\n<td style=\"width: 4.57146%;\">:<\/td>\n<td style=\"width: 64.8571%;\">7.8<\/td>\n<\/tr>\n<tr>\n<td style=\"width: 30.5714%;\">Antrag \u2013 Nr.:<\/td>\n<td style=\"width: 4.57146%;\">:<\/td>\n<td style=\"width: 64.8571%;\">1<\/td>\n<\/tr>\n<tr>\n<td style=\"width: 30.5714%;\">Betr.:<\/td>\n<td style=\"width: 4.57146%;\">:<\/td>\n<td style=\"width: 64.8571%;\"><strong> Humanit\u00e4r-zahn\u00e4rztliches Engagement der Zahn\u00e4rzteschaft st\u00e4rken<\/strong><\/td>\n<\/tr>\n<tr>\n<td style=\"width: 30.5714%;\">Antragsteller<\/td>\n<td style=\"width: 4.57146%;\">:<\/td>\n<td style=\"width: 64.8571%;\">Vorstand der Bundeszahn\u00e4rztekammer<\/td>\n<\/tr>\n<tr>\n<td style=\"width: 30.5714%;\">Haushaltsauswirkungen<\/td>\n<td style=\"width: 4.57146%;\">:<\/td>\n<td style=\"width: 64.8571%;\">Keine<\/td>\n<\/tr>\n<\/tbody>\n<\/table>\n<p><span style=\"text-decoration: underline;\">Wortlaut:<\/span><\/p>\n<p style=\"text-align: justify;\"><strong>Die Bundesversammlung dankt ausdr\u00fccklich allen Kolleginnen und Kollegen, die sich ehrenamtlich in zahlreichen (zahn\u00e4rztlichen) Hilfsorganisationen engagieren.<\/strong><\/p>\n<p style=\"text-align: justify;\"><strong>Die zunehmenden gesellschaftlichen Problemlagen &#8211; national und international &#8211; wurden durch die Corona-Pandemie noch versch\u00e4rft. Dadurch ist ehrenamtliches Engagement umso wichtiger. Die Bundeszahn\u00e4rztekammer (BZ\u00c4K) wird aufgefordert, auch k\u00fcnftig dieses Engagement koordinierend zu unterst\u00fctzen und als wesentlichen Beitrag des zahn\u00e4rztlichen Berufsstandes bei der Bew\u00e4ltigung der gesellschaftlichen Herausforderungen in die \u00d6ffentlichkeit zu tragen.<\/strong><\/p>\n<p><span style=\"text-decoration: underline;\">Begr\u00fcndung<\/span>:<\/p>\n<p style=\"text-align: justify;\">Zahn\u00e4rztinnen und Zahn\u00e4rzte sind dem Gemeinwohl verpflichtet. Ausdruck findet dies in der Musterberufsordnung der BZ\u00c4K und im <a href=\"https:\/\/de.wikipedia.org\/wiki\/Genfer_Deklaration_des_Welt%C3%A4rztebundes\" target=\"_blank\" rel=\"noopener\">Genfer Gel\u00f6bnis<\/a>. Diese Gemeinwohlverpflichtung wird tagt\u00e4glich in der Praxis gelebt. Viele erf\u00fcllen ihre ethischen Verpflichtungen \u00fcber den eigentlichen Auftrag hinaus und engagieren sich zus\u00e4tzlich auf vielf\u00e4ltige Weise auch unter den Bedingungen der Pandemie ehrenamtlich.<\/p>\n<p><span style=\"text-decoration: underline;\">Abstimmungsergebnis:<\/span><\/p>\n<p><strong>Daf\u00fcr: einstimmig<\/strong><\/p>\n<p>Dagegen: 0<\/p>\n<p>Enthaltungen: 0<\/p>\n","protected":false},"excerpt":{"rendered":"<p>Aus der Bundesversammlung der Bundeszahn\u00e4rztekammer vom 04\/05. Juni 2021: TOP-Nr. : 7.8 Antrag \u2013 Nr.: : 1 Betr.: : Humanit\u00e4r-zahn\u00e4rztliches Engagement der Zahn\u00e4rzteschaft st\u00e4rken Antragsteller : Vorstand der Bundeszahn\u00e4rztekammer Haushaltsauswirkungen [&#8230;]<\/p>\n","protected":false},"author":8,"featured_media":0,"comment_status":"open","ping_status":"closed","sticky":false,"template":"","format":"standard","meta":{"ngg_post_thumbnail":0,"iawp_total_views":1,"footnotes":""},"categories":[305,121],"tags":[],"class_list":["post-34779","post","type-post","status-publish","format-standard","hentry","category-bundesversammlung","category-bzaek"],"_links":{"self":[{"href":"https:\/\/iuzb.de\/index.php?rest_route=\/wp\/v2\/posts\/34779","targetHints":{"allow":["GET"]}}],"collection":[{"href":"https:\/\/iuzb.de\/index.php?rest_route=\/wp\/v2\/posts"}],"about":[{"href":"https:\/\/iuzb.de\/index.php?rest_route=\/wp\/v2\/types\/post"}],"author":[{"embeddable":true,"href":"https:\/\/iuzb.de\/index.php?rest_route=\/wp\/v2\/users\/8"}],"replies":[{"embeddable":true,"href":"https:\/\/iuzb.de\/index.php?rest_route=%2Fwp%2Fv2%2Fcomments&post=34779"}],"version-history":[{"count":2,"href":"https:\/\/iuzb.de\/index.php?rest_route=\/wp\/v2\/posts\/34779\/revisions"}],"predecessor-version":[{"id":34783,"href":"https:\/\/iuzb.de\/index.php?rest_route=\/wp\/v2\/posts\/34779\/revisions\/34783"}],"wp:attachment":[{"href":"https:\/\/iuzb.de\/index.php?rest_route=%2Fwp%2Fv2%2Fmedia&parent=34779"}],"wp:term":[{"taxonomy":"category","embeddable":true,"href":"https:\/\/iuzb.de\/index.php?rest_route=%2Fwp%2Fv2%2Fcategories&post=34779"},{"taxonomy":"post_tag","embeddable":true,"href":"https:\/\/iuzb.de\/index.php?rest_route=%2Fwp%2Fv2%2Ftags&post=34779"}],"curies":[{"name":"wp","href":"https:\/\/api.w.org\/{rel}","templated":true}]}}