{"id":34776,"date":"2021-06-29T12:25:01","date_gmt":"2021-06-29T10:25:01","guid":{"rendered":"http:\/\/iuzb.de\/?p=34776"},"modified":"2025-09-07T08:00:34","modified_gmt":"2025-09-07T06:00:34","slug":"ablehnung-einer-buergerversicherung","status":"publish","type":"post","link":"https:\/\/iuzb.de\/?p=34776","title":{"rendered":"Ablehnung einer B\u00fcrgerversicherung"},"content":{"rendered":"<p>Aus der <a href=\"https:\/\/iuzb.de\/?p=34398\" target=\"_blank\" rel=\"noopener\">Bundesversammlung der Bundeszahn\u00e4rztekammer vom 04\/05. Juni 2021<\/a>:<\/p>\n<table>\n<tbody>\n<tr>\n<td>TOP-Nr.<\/td>\n<td>:<\/td>\n<td>7.9<\/td>\n<\/tr>\n<tr>\n<td>Antrag \u2013 Nr.:<\/td>\n<td>:<\/td>\n<td>1<\/td>\n<\/tr>\n<tr>\n<td>Betr.:<\/td>\n<td>:<\/td>\n<td><strong>Ablehnung einer B\u00fcrgerversicherung<\/strong><\/td>\n<\/tr>\n<tr>\n<td>Antragsteller<\/td>\n<td>:<\/td>\n<td>Delegierte der Landeszahn\u00e4rztekammer BW<\/td>\n<\/tr>\n<tr>\n<td>Haushaltsauswirkungen<\/td>\n<td>:<\/td>\n<td>Keine<\/td>\n<\/tr>\n<\/tbody>\n<\/table>\n<p><span style=\"text-decoration: underline;\">Wortlaut:<\/span><\/p>\n<p style=\"text-align: justify;\"><strong>Die Bundesversammlung der Bundeszahn\u00e4rztekammer m\u00f6ge beschlie\u00dfen:<\/strong><\/p>\n<p style=\"text-align: justify;\"><strong>Die Bundesversammlung lehnt die Einf\u00fchrung einer B\u00fcrgerversicherung ab und fordert die Politik auf, das duale Gesundheitssystem von GKV und PKV weiterzuentwickeln.<\/strong><\/p>\n<p><span style=\"text-decoration: underline;\">Begr\u00fcndung:<\/span><\/p>\n<p style=\"text-align: justify;\">Unser gut funktionierendes Gesundheitssystem soll einseitig auf ein nicht demographiefestes Umlageverfahren umgestellt werden.<\/p>\n<p style=\"text-align: justify;\">F\u00fchrende Wissenschaftler der Gesundheits\u00f6konomie sagen bereits eine Steigerung des Beitragssatzes von heute durchschnittlich 15,9 % auf bis zu 30 % im Jahr 2050 voraus oder ersatzweise eine drastische K\u00fcrzung der medizinischen Leistungen. Das Umlageverfahren ist weder generationengerecht noch nachhaltig. Berechnungen zeigen ebenso, dass durch die Einbeziehung der Privatversicherten nur kurzfristig eine Beitragssenkung zu erwarten ist.<\/p>\n<p style=\"text-align: justify;\">Neben verfassungsrechtlichen Bedenken, wie z. B. bei der Einbeziehung der Beamten in die GKV, ist die Teilhabe der Versicherten am medizinisch-technischen Fortschritt nicht mehr gesichert.<\/p>\n<p><span style=\"text-decoration: underline;\">Abstimmungsergebnis:<\/span><\/p>\n<p><strong>Daf\u00fcr: einstimmig<\/strong><\/p>\n<p>Dagegen:<\/p>\n<p>Enthaltungen: 1<\/p>\n","protected":false},"excerpt":{"rendered":"<p>Aus der Bundesversammlung der Bundeszahn\u00e4rztekammer vom 04\/05. Juni 2021: TOP-Nr. : 7.9 Antrag \u2013 Nr.: : 1 Betr.: : Ablehnung einer B\u00fcrgerversicherung Antragsteller : Delegierte der Landeszahn\u00e4rztekammer BW Haushaltsauswirkungen : [&#8230;]<\/p>\n","protected":false},"author":8,"featured_media":0,"comment_status":"open","ping_status":"closed","sticky":false,"template":"","format":"standard","meta":{"ngg_post_thumbnail":0,"iawp_total_views":2,"footnotes":""},"categories":[305,121],"tags":[],"class_list":["post-34776","post","type-post","status-publish","format-standard","hentry","category-bundesversammlung","category-bzaek"],"_links":{"self":[{"href":"https:\/\/iuzb.de\/index.php?rest_route=\/wp\/v2\/posts\/34776","targetHints":{"allow":["GET"]}}],"collection":[{"href":"https:\/\/iuzb.de\/index.php?rest_route=\/wp\/v2\/posts"}],"about":[{"href":"https:\/\/iuzb.de\/index.php?rest_route=\/wp\/v2\/types\/post"}],"author":[{"embeddable":true,"href":"https:\/\/iuzb.de\/index.php?rest_route=\/wp\/v2\/users\/8"}],"replies":[{"embeddable":true,"href":"https:\/\/iuzb.de\/index.php?rest_route=%2Fwp%2Fv2%2Fcomments&post=34776"}],"version-history":[{"count":3,"href":"https:\/\/iuzb.de\/index.php?rest_route=\/wp\/v2\/posts\/34776\/revisions"}],"predecessor-version":[{"id":48596,"href":"https:\/\/iuzb.de\/index.php?rest_route=\/wp\/v2\/posts\/34776\/revisions\/48596"}],"wp:attachment":[{"href":"https:\/\/iuzb.de\/index.php?rest_route=%2Fwp%2Fv2%2Fmedia&parent=34776"}],"wp:term":[{"taxonomy":"category","embeddable":true,"href":"https:\/\/iuzb.de\/index.php?rest_route=%2Fwp%2Fv2%2Fcategories&post=34776"},{"taxonomy":"post_tag","embeddable":true,"href":"https:\/\/iuzb.de\/index.php?rest_route=%2Fwp%2Fv2%2Ftags&post=34776"}],"curies":[{"name":"wp","href":"https:\/\/api.w.org\/{rel}","templated":true}]}}