{"id":34768,"date":"2021-06-29T12:16:53","date_gmt":"2021-06-29T10:16:53","guid":{"rendered":"http:\/\/iuzb.de\/?p=34768"},"modified":"2025-09-07T08:00:41","modified_gmt":"2025-09-07T06:00:41","slug":"nachhaltigkeit-in-der-zahnmedizin","status":"publish","type":"post","link":"https:\/\/iuzb.de\/?p=34768","title":{"rendered":"Nachhaltigkeit in der Zahnmedizin"},"content":{"rendered":"<p>Aus der <a href=\"https:\/\/iuzb.de\/?p=34398\" target=\"_blank\" rel=\"noopener\">Bundesversammlung der Bundeszahn\u00e4rztekammer vom 04\/05. Juni 2021<\/a>:<\/p>\n<table>\n<tbody>\n<tr>\n<td>TOP-Nr.<\/td>\n<td>:<\/td>\n<td>7.10<\/td>\n<\/tr>\n<tr>\n<td>Antrag \u2013 Nr.:<\/td>\n<td>:<\/td>\n<td>1<\/td>\n<\/tr>\n<tr>\n<td>Betr.:<\/td>\n<td>:<\/td>\n<td><strong>Nachhaltigkeit in der Zahnmedizin<\/strong><\/td>\n<\/tr>\n<tr>\n<td>Antragsteller<\/td>\n<td>:<\/td>\n<td>Delegierte der Landeszahn\u00e4rztekammer Baden-W\u00fcrttemberg<\/td>\n<\/tr>\n<tr>\n<td>Haushaltsauswirkungen<\/td>\n<td>:<\/td>\n<td>Keine<\/td>\n<\/tr>\n<\/tbody>\n<\/table>\n<p><span style=\"text-decoration: underline;\">Wortlaut:<\/span><\/p>\n<p style=\"text-align: justify;\"><strong>Die Bundesversammlung der Bundeszahn\u00e4rztekammer m\u00f6ge beschlie\u00dfen:<\/strong><\/p>\n<p style=\"text-align: justify;\"><strong>Die Bundesversammlung nimmt das Positionspapier des BZ\u00c4K-Vorstandes \u201eNachhaltigkeit in der Zahnmedizin\u201c, bef\u00fcrwortend zur Kenntnis und beauftragt den Bundesvorstand dieses Thema mit Nachdruck anzugehen.<\/strong><\/p>\n<p style=\"text-align: justify;\"><span style=\"text-decoration: underline;\">Begr\u00fcndung:<\/span><\/p>\n<p style=\"text-align: justify;\">Das Thema Umweltschutz und Nachhaltigkeit spielt heute bereits gesellschaftspolitische eine gro\u00dfe Rolle und wird k\u00fcnftig, auch in der Zahnmedizin, immer mehr an Bedeutung gewinnen.<\/p>\n<p style=\"text-align: justify;\">Die Zahn\u00e4rzteschaft kann sich dieser Entwicklung nicht verschlie\u00dfen. Die Bundeszahn\u00e4rztekammer muss sich deshalb beim Thema Umweltschutz und Nachhaltigkeit aktiv einbringen, auch um ihrer gesellschaftspolitischen Verantwortung gerecht zu werden.<\/p>\n<p><span style=\"text-decoration: underline;\">Abstimmungsergebnis:<\/span><\/p>\n<p><strong>Daf\u00fcr: einstimmig<\/strong><\/p>\n<p>Dagegen: 0<\/p>\n<p>Enthaltungen: wenige<\/p>\n","protected":false},"excerpt":{"rendered":"<p>Aus der Bundesversammlung der Bundeszahn\u00e4rztekammer vom 04\/05. Juni 2021: TOP-Nr. : 7.10 Antrag \u2013 Nr.: : 1 Betr.: : Nachhaltigkeit in der Zahnmedizin Antragsteller : Delegierte der Landeszahn\u00e4rztekammer Baden-W\u00fcrttemberg Haushaltsauswirkungen [&#8230;]<\/p>\n","protected":false},"author":8,"featured_media":0,"comment_status":"open","ping_status":"closed","sticky":false,"template":"","format":"standard","meta":{"ngg_post_thumbnail":0,"iawp_total_views":2,"footnotes":""},"categories":[305,121,188],"tags":[],"class_list":["post-34768","post","type-post","status-publish","format-standard","hentry","category-bundesversammlung","category-bzaek","category-medizin"],"_links":{"self":[{"href":"https:\/\/iuzb.de\/index.php?rest_route=\/wp\/v2\/posts\/34768","targetHints":{"allow":["GET"]}}],"collection":[{"href":"https:\/\/iuzb.de\/index.php?rest_route=\/wp\/v2\/posts"}],"about":[{"href":"https:\/\/iuzb.de\/index.php?rest_route=\/wp\/v2\/types\/post"}],"author":[{"embeddable":true,"href":"https:\/\/iuzb.de\/index.php?rest_route=\/wp\/v2\/users\/8"}],"replies":[{"embeddable":true,"href":"https:\/\/iuzb.de\/index.php?rest_route=%2Fwp%2Fv2%2Fcomments&post=34768"}],"version-history":[{"count":3,"href":"https:\/\/iuzb.de\/index.php?rest_route=\/wp\/v2\/posts\/34768\/revisions"}],"predecessor-version":[{"id":34774,"href":"https:\/\/iuzb.de\/index.php?rest_route=\/wp\/v2\/posts\/34768\/revisions\/34774"}],"wp:attachment":[{"href":"https:\/\/iuzb.de\/index.php?rest_route=%2Fwp%2Fv2%2Fmedia&parent=34768"}],"wp:term":[{"taxonomy":"category","embeddable":true,"href":"https:\/\/iuzb.de\/index.php?rest_route=%2Fwp%2Fv2%2Fcategories&post=34768"},{"taxonomy":"post_tag","embeddable":true,"href":"https:\/\/iuzb.de\/index.php?rest_route=%2Fwp%2Fv2%2Ftags&post=34768"}],"curies":[{"name":"wp","href":"https:\/\/api.w.org\/{rel}","templated":true}]}}