{"id":34759,"date":"2021-06-29T12:02:12","date_gmt":"2021-06-29T10:02:12","guid":{"rendered":"http:\/\/iuzb.de\/?p=34759"},"modified":"2021-10-31T19:04:16","modified_gmt":"2021-10-31T18:04:16","slug":"haende-weg-von-der-altersversorgung-der-freien-berufe-resolution-an-alle-politischen-parteien-des-deutschen-bundestags","status":"publish","type":"post","link":"https:\/\/iuzb.de\/?p=34759","title":{"rendered":"H\u00e4nde weg von der Altersversorgung der Freien Berufe! Resolution- an alle politischen Parteien des deutschen Bundestags"},"content":{"rendered":"<p>Aus der <a href=\"https:\/\/iuzb.de\/?p=34398\" target=\"_blank\" rel=\"noopener\">Bundesversammlung der Bundeszahn\u00e4rztekammer vom 04\/05. Juni 2021<\/a>:<\/p>\n<table>\n<tbody>\n<tr>\n<td>TOP-Nr.<\/td>\n<td>:<\/td>\n<td>7.11<\/td>\n<\/tr>\n<tr>\n<td>Antrag \u2013 Nr.:<\/td>\n<td>:<\/td>\n<td>1<\/td>\n<\/tr>\n<tr>\n<td>Betr.:<\/td>\n<td>:<\/td>\n<td><strong>H\u00e4nde weg von der Altersversorgung der Freien Berufe!<br \/>\nResolution- an alle politischen Parteien des deutschen Bundestags<\/strong><\/td>\n<\/tr>\n<tr>\n<td>Antragsteller<\/td>\n<td>:<\/td>\n<td>Delegierte der Landeszahn\u00e4rztekammer Baden-W\u00fcrttemberg<\/td>\n<\/tr>\n<tr>\n<td>Haushaltsauswirkungen<\/td>\n<td>:<\/td>\n<td>Keine<\/td>\n<\/tr>\n<\/tbody>\n<\/table>\n<p><span style=\"text-decoration: underline;\">Wortlaut:<\/span><\/p>\n<p style=\"text-align: justify;\"><strong>Die deutsche Zahn\u00e4rzteschaft fordert die Politik auf, die berufsst\u00e4ndische Versorgung, ein funktionierendes System der Sicherung der Angeh\u00f6rigen der verkammerten Freien Berufe f\u00fcr Renten im Alter, bei Berufsunf\u00e4higkeit und f\u00fcr die Hinterbliebenen, nicht anzutasten f\u00fcr die Einf\u00fchrung einer Erwerbst\u00e4tigenversicherung.<\/strong><\/p>\n<p style=\"text-align: justify;\"><strong>Ein seit jeher bew\u00e4hrtes, ohne jeden staatlichen Zuschuss ausschlie\u00dflich aus Eigenmitteln finanziertes System kann und darf nicht zerst\u00f6rt werden.<\/strong><\/p>\n<p style=\"text-align: justify;\"><span style=\"text-decoration: underline;\">Begr\u00fcndung:<\/span><\/p>\n<p style=\"text-align: justify;\">Die meisten Versorgungswerke wurden als Surrogat f\u00fcr den Ausschluss der Freien Berufe aus der Sozialversicherung bei der Adenauerschen Rentenreform sozusagen als Selbsthilfegruppen gegr\u00fcndet.<\/p>\n<p style=\"text-align: justify;\">Die Mitglieder berufsst\u00e4ndischer Versorgungseinrichtungen sind wegen ihrer typischen Risikoeigenschaften f\u00fcr die gesetzliche Rentenversicherung ein schlechtes Gesch\u00e4ft. Sie leben l\u00e4nger, sie erreichen das Rentenalter h\u00e4ufiger und sie haben mehr und j\u00fcngere Hinterbliebene als der Durchschnitt der Bev\u00f6lkerung. Somit stellen unsere Mitglieder f\u00fcr die Deutsche Rentenversicherung durch Gutachten nachweisbar und nicht nur durch die R\u00fcrup Kommission festgestellt, nach den Jahren 10-20 einer m\u00f6glichen Einverleibung eine Belastung der gesetzlichen Rentenversicherung dar und belasten erheblich die j\u00fcngere Generation. Die Erweiterung des Versichertenpersonenkreis in der gesetzlichen Rentenversicherung um unsere Mitglieder vergr\u00f6\u00dfert deren Probleme, da jeder zus\u00e4tzliche Beitragszahler in sp\u00e4teren Jahren zus\u00e4tzlicher Anspruchsteller wird.<\/p>\n<p style=\"text-align: justify;\">Unsere Mitglieder entziehen sich nicht der Solidarit\u00e4t. Die gesamtgesellschaftlichen Aufgaben der Rentenversicherung werden ausschlie\u00dflich durch verschiedene Bundeszusch\u00fcsse aus dem Staatshaushalt erstattet. Unsere 30 Mitglieder beteiligen sich als Steuerzahler vollst\u00e4ndig und bei h\u00f6heren Eink\u00fcnften mit entsprechend h\u00f6heren Steuern an diesen Lasten und sie nehmen die daraus resultierende Leistung bis auf die Kindererziehungszeiten nicht einmal in Anspruch.<\/p>\n<p style=\"text-align: justify;\">Also:<\/p>\n<p style=\"text-align: justify;\">Es gibt keinen nachhaltigen Grund f\u00fcr die Einbeziehung unserer berufsst\u00e4ndischen Versorgungswerke in die Deutsche Rentenversicherung. Im Gegenteil, wir w\u00e4ren nur eine Belastung.<\/p>\n<p style=\"text-align: justify;\">Lassen Sie im Sinne der Nachhaltigkeit und der Generationengerechtigkeit in der Deutschen Rentenversicherung von den Pl\u00e4nen der Einbeziehung der Altersversorgung der Freien Berufe in die Deutsche Rentenversicherung ab.<\/p>\n<p style=\"text-align: justify;\"><span style=\"text-decoration: underline;\">Abstimmungsergebnis:<\/span><\/p>\n<p><strong>Daf\u00fcr: einstimmig<\/strong><\/p>\n<p>Dagegen:<\/p>\n<p>Enthaltungen:<\/p>\n","protected":false},"excerpt":{"rendered":"<p>Aus der Bundesversammlung der Bundeszahn\u00e4rztekammer vom 04\/05. Juni 2021: TOP-Nr. : 7.11 Antrag \u2013 Nr.: : 1 Betr.: : H\u00e4nde weg von der Altersversorgung der Freien Berufe! Resolution- an alle [&#8230;]<\/p>\n","protected":false},"author":8,"featured_media":0,"comment_status":"open","ping_status":"closed","sticky":false,"template":"","format":"standard","meta":{"ngg_post_thumbnail":0,"iawp_total_views":2,"footnotes":""},"categories":[305,121,180],"tags":[],"class_list":["post-34759","post","type-post","status-publish","format-standard","hentry","category-bundesversammlung","category-bzaek","category-versorgungswerke"],"_links":{"self":[{"href":"https:\/\/iuzb.de\/index.php?rest_route=\/wp\/v2\/posts\/34759","targetHints":{"allow":["GET"]}}],"collection":[{"href":"https:\/\/iuzb.de\/index.php?rest_route=\/wp\/v2\/posts"}],"about":[{"href":"https:\/\/iuzb.de\/index.php?rest_route=\/wp\/v2\/types\/post"}],"author":[{"embeddable":true,"href":"https:\/\/iuzb.de\/index.php?rest_route=\/wp\/v2\/users\/8"}],"replies":[{"embeddable":true,"href":"https:\/\/iuzb.de\/index.php?rest_route=%2Fwp%2Fv2%2Fcomments&post=34759"}],"version-history":[{"count":9,"href":"https:\/\/iuzb.de\/index.php?rest_route=\/wp\/v2\/posts\/34759\/revisions"}],"predecessor-version":[{"id":34770,"href":"https:\/\/iuzb.de\/index.php?rest_route=\/wp\/v2\/posts\/34759\/revisions\/34770"}],"wp:attachment":[{"href":"https:\/\/iuzb.de\/index.php?rest_route=%2Fwp%2Fv2%2Fmedia&parent=34759"}],"wp:term":[{"taxonomy":"category","embeddable":true,"href":"https:\/\/iuzb.de\/index.php?rest_route=%2Fwp%2Fv2%2Fcategories&post=34759"},{"taxonomy":"post_tag","embeddable":true,"href":"https:\/\/iuzb.de\/index.php?rest_route=%2Fwp%2Fv2%2Ftags&post=34759"}],"curies":[{"name":"wp","href":"https:\/\/api.w.org\/{rel}","templated":true}]}}