{"id":34753,"date":"2021-06-29T11:53:40","date_gmt":"2021-06-29T09:53:40","guid":{"rendered":"http:\/\/iuzb.de\/?p=34753"},"modified":"2021-10-31T19:04:42","modified_gmt":"2021-10-31T18:04:42","slug":"partizipation-von-zahnaerztinnen-in-den-gremien-der-zahnaerztlichen-selbstverwaltung","status":"publish","type":"post","link":"https:\/\/iuzb.de\/?p=34753","title":{"rendered":"Partizipation von Zahn\u00e4rztinnen in den Gremien der zahn\u00e4rztlichen Selbstverwaltung"},"content":{"rendered":"<p>Aus der <a href=\"https:\/\/iuzb.de\/?p=34398\" target=\"_blank\" rel=\"noopener\">Bundesversammlung der Bundeszahn\u00e4rztekammer vom 04\/05. Juni 2021<\/a>:<\/p>\n<table style=\"border-collapse: collapse; width: 100%;\">\n<tbody>\n<tr>\n<td style=\"width: 22.3333%; text-align: left; vertical-align: top;\">TOP-Nr.<\/td>\n<td style=\"width: 4.61902%; text-align: left; vertical-align: top;\">:<\/td>\n<td style=\"width: 73.0476%; text-align: left; vertical-align: top;\">7.12<\/td>\n<\/tr>\n<tr>\n<td style=\"width: 22.3333%; text-align: left; vertical-align: top;\">Antrag \u2013 Nr.:<\/td>\n<td style=\"width: 4.61902%; text-align: left; vertical-align: top;\">:<\/td>\n<td style=\"width: 73.0476%; text-align: left; vertical-align: top;\">1<\/td>\n<\/tr>\n<tr>\n<td style=\"width: 22.3333%; text-align: left; vertical-align: top;\">Betr.:<\/td>\n<td style=\"width: 4.61902%; text-align: left; vertical-align: top;\">:<\/td>\n<td style=\"width: 73.0476%; text-align: left; vertical-align: top;\"><strong>Partizipation von Zahn\u00e4rztinnen in den Gremien der zahn\u00e4rztlichen <\/strong><strong>Selbstverwaltung<\/strong><\/td>\n<\/tr>\n<tr>\n<td style=\"width: 22.3333%; text-align: left; vertical-align: top;\">Antragsteller<\/td>\n<td style=\"width: 4.61902%; text-align: left; vertical-align: top;\">:<\/td>\n<td style=\"width: 73.0476%; text-align: left; vertical-align: top;\">Delegierte der Zahn\u00e4rztekammer Westfalen-Lippe<\/td>\n<\/tr>\n<tr>\n<td style=\"width: 22.3333%; text-align: left; vertical-align: top;\">Haushaltsauswirkungen<\/td>\n<td style=\"width: 4.61902%; text-align: left; vertical-align: top;\">:<\/td>\n<td style=\"width: 73.0476%; text-align: left; vertical-align: top;\">Keine<\/td>\n<\/tr>\n<\/tbody>\n<\/table>\n<p style=\"text-align: justify;\"><span style=\"text-decoration: underline;\">Wortlaut:<\/span><\/p>\n<p style=\"text-align: justify;\"><strong>Die Bundeszahn\u00e4rztekammer bef\u00fcrwortet ausdr\u00fccklich die Mitarbeit zahn\u00e4rztlicher Kolleginnen in den Gremien der zahn\u00e4rztlichen Selbstverwaltung und f\u00f6rdert diese durch strukturierte Ma\u00dfnahmen. Nur wenn Frauen entscheidend an der Fortentwicklung der berufsbezogenen Rahmenbedingungen beteiligt sind, kann diese entsprechend der berufsdemografischen Ver\u00e4nderungen bestm\u00f6glich erfolgen.<\/strong><\/p>\n<p style=\"text-align: justify;\"><span style=\"text-decoration: underline;\">Begr\u00fcndung:<\/span><\/p>\n<p style=\"text-align: justify;\">Zahn\u00e4rztinnen \u00fcbernehmen einen gro\u00dfen Anteil der zahnmedizinischen Versorgung. Ihre Berufsaus\u00fcbung wird dabei naturgem\u00e4\u00df durch rollenspezifische Fragestellungen mitbestimmt. So spielt u.a. die Vereinbarkeit von Familie und Beruf insbesondere in der ersten H\u00e4lfte der beruflichen Lebenszeit eine herausragende Rolle.<\/p>\n<p style=\"text-align: justify;\">Dies gilt sowohl f\u00fcr niedergelassene, als auch f\u00fcr angestellte Zahn\u00e4rztinnen (und deren Arbeitgeber\/innen).<\/p>\n<p style=\"text-align: justify;\">Da der Frauenanteil innerhalb der Zahn\u00e4rzteschaft weiter steigen wird, erhalten frauenspezifische Themen eine immer st\u00e4rkere Relevanz f\u00fcr die Zukunft der Zahn\u00e4rzteschaft. Es obliegt den K\u00f6rperschaften (Kammern, Kassenzahn\u00e4rztlichen Vereinigungen und Altersversorgungen), hier Rahmenbedingungen zu entwickeln, die die M\u00f6glichkeit der freiberuflichen Berufsaus\u00fcbung auch in der Zukunft zu sichern.<\/p>\n<p style=\"text-align: justify;\">Damit Frauen selbst Verantwortung bei der L\u00f6sung dieser, den ganzen Berufsstand betreffenden Probleme \u00fcbernehmen k\u00f6nnen, ist es erforderlich, sie zur Mitarbeit in entscheidungsrelevanten Positionen zu gewinnen.<\/p>\n<p><span style=\"text-decoration: underline;\">Abstimmungsergebnis:<\/span><\/p>\n<p><strong>Daf\u00fcr: einstimmig<\/strong><\/p>\n<p>Dagegen: 0<\/p>\n<p>Enthaltungen: 1<\/p>\n","protected":false},"excerpt":{"rendered":"<p>Aus der Bundesversammlung der Bundeszahn\u00e4rztekammer vom 04\/05. Juni 2021: TOP-Nr. : 7.12 Antrag \u2013 Nr.: : 1 Betr.: : Partizipation von Zahn\u00e4rztinnen in den Gremien der zahn\u00e4rztlichen Selbstverwaltung Antragsteller : [&#8230;]<\/p>\n","protected":false},"author":8,"featured_media":0,"comment_status":"open","ping_status":"closed","sticky":false,"template":"","format":"standard","meta":{"ngg_post_thumbnail":0,"iawp_total_views":1,"footnotes":""},"categories":[305,121,274],"tags":[],"class_list":["post-34753","post","type-post","status-publish","format-standard","hentry","category-bundesversammlung","category-bzaek","category-gleichheit"],"_links":{"self":[{"href":"https:\/\/iuzb.de\/index.php?rest_route=\/wp\/v2\/posts\/34753","targetHints":{"allow":["GET"]}}],"collection":[{"href":"https:\/\/iuzb.de\/index.php?rest_route=\/wp\/v2\/posts"}],"about":[{"href":"https:\/\/iuzb.de\/index.php?rest_route=\/wp\/v2\/types\/post"}],"author":[{"embeddable":true,"href":"https:\/\/iuzb.de\/index.php?rest_route=\/wp\/v2\/users\/8"}],"replies":[{"embeddable":true,"href":"https:\/\/iuzb.de\/index.php?rest_route=%2Fwp%2Fv2%2Fcomments&post=34753"}],"version-history":[{"count":8,"href":"https:\/\/iuzb.de\/index.php?rest_route=\/wp\/v2\/posts\/34753\/revisions"}],"predecessor-version":[{"id":34792,"href":"https:\/\/iuzb.de\/index.php?rest_route=\/wp\/v2\/posts\/34753\/revisions\/34792"}],"wp:attachment":[{"href":"https:\/\/iuzb.de\/index.php?rest_route=%2Fwp%2Fv2%2Fmedia&parent=34753"}],"wp:term":[{"taxonomy":"category","embeddable":true,"href":"https:\/\/iuzb.de\/index.php?rest_route=%2Fwp%2Fv2%2Fcategories&post=34753"},{"taxonomy":"post_tag","embeddable":true,"href":"https:\/\/iuzb.de\/index.php?rest_route=%2Fwp%2Fv2%2Ftags&post=34753"}],"curies":[{"name":"wp","href":"https:\/\/api.w.org\/{rel}","templated":true}]}}