{"id":34731,"date":"2021-06-25T14:19:50","date_gmt":"2021-06-25T12:19:50","guid":{"rendered":"http:\/\/iuzb.de\/?p=34731"},"modified":"2021-06-25T14:22:42","modified_gmt":"2021-06-25T12:22:42","slug":"nur-frauen-als-referentinnen-16-berliner-krebskongress-ab-10-09-2021","status":"publish","type":"post","link":"https:\/\/iuzb.de\/?p=34731","title":{"rendered":"Nur Frauen als Referentinnen: 16. Berliner Krebskongress ab 10.09.2021"},"content":{"rendered":"<p style=\"text-align: justify;\"><strong>Weibliche Tumore, Digitalisierung und Empowerment \u2013 das sind die Themen des <a href=\"http:\/\/http:\/?:\">16. Berliner Krebskongresses am 10.-11. September 2021<\/a>, auf dem die Frau im Mittelpunkt steht. Der Kongress findet digital statt und startet mit einem Patient*innenkongress, auf dem interessierte B\u00fcrgerinnen und B\u00fcrger willkommen sind. <\/strong><\/p>\n<h2 style=\"text-align: justify;\">Warum als Referentinnen ausschlie\u00dflich Frauen eingeladen sind<\/h2>\n<p style=\"text-align: justify;\">Ungew\u00f6hnlich f\u00fcr einen medizinischen Fachkongress: Als Referentinnen sind ausschlie\u00dflich Frauen eingeladen.<strong> Die Vivantes Chef\u00e4rztinnen und Kongresspr\u00e4sidentinnen Dr. Marion Paul und Dr. Mandy Mangler wollen damit ein Zeichen setzen: <\/strong><em>\u201eAuf manchen Kongressen spricht keine einzige Frau. Das Argument, dass es nicht gen\u00fcgend qualifizierte Frauen in der Medizin g\u00e4be, haben wir zumindest f\u00fcr unseren Fachbereich widerlegt. In Spitzenpositionen sind zwar auch in der Gyn\u00e4kologie Frauen in der Minderheit, aber es gibt sie. Und das wollen wir mit diesem Kongress deutlich machen, auf dem ausschlie\u00dflich Frauen sprechen.\u201c<\/em><\/p>\n<p style=\"text-align: justify;\">Mehr dazu im <a href=\"https:\/\/www.vivantes.de\/blog\/gesundheit-gesellschaft\/berliner-krebskongress-100-prozent-frauenquote\" target=\"_blank\" rel=\"noopener\">Interview im Vivantes Blog<\/a>.<\/p>\n<h3 style=\"text-align: justify;\">Die Frau als Ganzes betrachten<\/h3>\n<p style=\"text-align: justify;\">In digitalen Formaten geht es auf dem 16. Berliner Krebskongress um Krebserkrankungen, die (fast nur) Frauen betreffen und um die Frau als Ganzes: Dazu z\u00e4hlen etwa Erkrankungen der Brust und der weiblichen Genitalorgane. Gerade bei diesen Tumorerkrankungen haben sich aktuell die Heilungschancen oder mindestens die Lebenszeit mit einer guten Lebensqualit\u00e4t verl\u00e4ngert, dank weiterentwickelter Therapien.<\/p>\n<p style=\"text-align: justify;\">Soziokulturelle und gesellschaftliche Fragen werden auch thematisiert und so dazu beigetragen, eine Krebserkrankung nicht nur rein medizinisch zu betrachten. Die Anzahl der Frauen, die 2020 neu an Krebs erkrankten, wird vom RKI auf \u00fcber 240.000 gesch\u00e4tzt.<\/p>\n<h3 style=\"text-align: justify;\">Patient*innen-Kongress: Von Arbeitsleben bis Mind-Body-Medizin<\/h3>\n<p style=\"text-align: justify;\">Am ersten Kongresstag sind Betroffene, Angeh\u00f6rige und Interessierte eingeladen, am Patient*innenkongress teilzunehmen. Es geht um die Themen Ern\u00e4hrung bei Krebs, onkologische Pflege, Mind-Body-Medizin und den Weg zur\u00fcck ins Arbeitsleben nach einer Tumorerkrankung.<\/p>\n<h3 style=\"text-align: justify;\">Tumortherapie: Wohnortnah und interdisziplin\u00e4r<\/h3>\n<p style=\"text-align: justify;\">Eine Krebsdiagnose stellt f\u00fcr Patient*innen, Angeh\u00f6rige und auch \u00c4rzt*innen eine besondere Herausforderung dar. Bei Vivantes engagieren sich hochqualifizierte Teams von Spezialist*innen damit jede Betroffene und jeder Betroffene die bestm\u00f6gliche Behandlung bekommt. Die Aufgabe des Vivantes Tumorzentrums (https:\/\/www.vivantes.de\/gesundheitsnetzwerk\/vivantes-tumorzentrum) ist es, deren Zusammenarbeit zu koordinieren. Damit folgt Vivantes den Visionen der Arbeitsgemeinschaft Deutscher Tumorzentren, der Deutschen Krebsgesellschaft und der Deutschen Krebshilfe, jedem Tumorerkrankten wohnortnah eine Therapie auf h\u00f6chstem Niveau anzubieten.<\/p>\n<p style=\"text-align: justify;\"><a href=\"https:\/\/www.vivantes.de\/unternehmen\/presse\/pressemitteilungen\/presse-detail\/news\/nur-frauen-als-referentinnen-16-berliner-krebskongress-am-10-und-11092021\" target=\"_blank\" rel=\"noopener\">Zur <strong>Pressemitteilung online<\/strong><\/a><\/p>\n<h4 style=\"text-align: justify;\">Links<br \/>\nAnmeldung: <a href=\"http:\/\/www.berliner-krebskongress.de\" target=\"_blank\" rel=\"noopener\">www.berliner-krebskongress.de<\/a><\/h4>\n<p style=\"text-align: justify;\"><a href=\"https:\/\/www.vivantes.de\/blog\/gesundheit-gesellschaft\/berliner-krebskongress-100-prozent-frauenquote\" target=\"_blank\" rel=\"noopener\">Vivantes Blog<\/a><\/p>\n<p>&nbsp;<\/p>\n<p>Quelle: Vivantes &#8211; Netzwerk f\u00fcr Gesundheit GmbH, Pressemitteilung vom 25.06.2021<\/p>\n","protected":false},"excerpt":{"rendered":"<p>Weibliche Tumore, Digitalisierung und Empowerment \u2013 das sind die Themen des 16. Berliner Krebskongresses am 10.-11. September 2021, auf dem die Frau im Mittelpunkt steht. Der Kongress findet digital statt [&#8230;]<\/p>\n","protected":false},"author":13,"featured_media":0,"comment_status":"open","ping_status":"closed","sticky":false,"template":"","format":"standard","meta":{"ngg_post_thumbnail":0,"iawp_total_views":6,"footnotes":""},"categories":[177,284],"tags":[],"class_list":["post-34731","post","type-post","status-publish","format-standard","hentry","category-berlin","category-vivantes"],"_links":{"self":[{"href":"https:\/\/iuzb.de\/index.php?rest_route=\/wp\/v2\/posts\/34731","targetHints":{"allow":["GET"]}}],"collection":[{"href":"https:\/\/iuzb.de\/index.php?rest_route=\/wp\/v2\/posts"}],"about":[{"href":"https:\/\/iuzb.de\/index.php?rest_route=\/wp\/v2\/types\/post"}],"author":[{"embeddable":true,"href":"https:\/\/iuzb.de\/index.php?rest_route=\/wp\/v2\/users\/13"}],"replies":[{"embeddable":true,"href":"https:\/\/iuzb.de\/index.php?rest_route=%2Fwp%2Fv2%2Fcomments&post=34731"}],"version-history":[{"count":4,"href":"https:\/\/iuzb.de\/index.php?rest_route=\/wp\/v2\/posts\/34731\/revisions"}],"predecessor-version":[{"id":34735,"href":"https:\/\/iuzb.de\/index.php?rest_route=\/wp\/v2\/posts\/34731\/revisions\/34735"}],"wp:attachment":[{"href":"https:\/\/iuzb.de\/index.php?rest_route=%2Fwp%2Fv2%2Fmedia&parent=34731"}],"wp:term":[{"taxonomy":"category","embeddable":true,"href":"https:\/\/iuzb.de\/index.php?rest_route=%2Fwp%2Fv2%2Fcategories&post=34731"},{"taxonomy":"post_tag","embeddable":true,"href":"https:\/\/iuzb.de\/index.php?rest_route=%2Fwp%2Fv2%2Ftags&post=34731"}],"curies":[{"name":"wp","href":"https:\/\/api.w.org\/{rel}","templated":true}]}}