{"id":34398,"date":"2021-06-04T12:20:55","date_gmt":"2021-06-04T10:20:55","guid":{"rendered":"http:\/\/iuzb.de\/?p=34398"},"modified":"2021-10-31T18:57:21","modified_gmt":"2021-10-31T17:57:21","slug":"live-ticker-live-tocker-04-06-2021-neuwahl-des-geschaeftsfuehrenden-vorstands-der-bundeszahnaerztekammer-oeffentlich","status":"publish","type":"post","link":"https:\/\/iuzb.de\/?p=34398","title":{"rendered":"Live-Ticker.-.- Live-Ticker.-.-04.06.2021: Bundesversammlung der Bundeszahn\u00e4rztekammer in Berlin"},"content":{"rendered":"<p>Bundesversammlung am 04. und 05. Mai 2021 in Berlin<\/p>\n<p>mit Neuwahl des Gesch\u00e4ftsf\u00fchrenden Vorstands<\/p>\n<p><a href=\"https:\/\/iuzb.de\/?p=33948\" target=\"_blank\" rel=\"noopener\"><span style=\"font-size: 14pt;\">Tagesordnung<\/span><\/a><\/p>\n<p>&nbsp;<\/p>\n<p>Einen Live-Ticker hatten wir nicht geplant. Aber eben kam doch etwas herein. Also, mal seh&#8217;n (ob noch) was kommt:<\/p>\n<p><a href=\"https:\/\/iuzb.de\/wp-content\/uploads\/2021\/06\/2021-06-04-Bundesversammlung-in-Berlin-klein.jpg\" target=\"_blank\" rel=\"noopener\"><img loading=\"lazy\" decoding=\"async\" class=\"alignnone wp-image-34405\" src=\"https:\/\/iuzb.de\/wp-content\/uploads\/2021\/06\/2021-06-04-Bundesversammlung-in-Berlin-klein.jpg\" alt=\"\" width=\"800\" height=\"450\" srcset=\"https:\/\/iuzb.de\/wp-content\/uploads\/2021\/06\/2021-06-04-Bundesversammlung-in-Berlin-klein.jpg 1600w, https:\/\/iuzb.de\/wp-content\/uploads\/2021\/06\/2021-06-04-Bundesversammlung-in-Berlin-klein-450x253.jpg 450w, https:\/\/iuzb.de\/wp-content\/uploads\/2021\/06\/2021-06-04-Bundesversammlung-in-Berlin-klein-214x120.jpg 214w, https:\/\/iuzb.de\/wp-content\/uploads\/2021\/06\/2021-06-04-Bundesversammlung-in-Berlin-klein-768x432.jpg 768w, https:\/\/iuzb.de\/wp-content\/uploads\/2021\/06\/2021-06-04-Bundesversammlung-in-Berlin-klein-1536x863.jpg 1536w\" sizes=\"auto, (max-width: 800px) 100vw, 800px\" \/><\/a><\/p>\n<p>&nbsp;<\/p>\n<table style=\"border-collapse: collapse; width: 100%;\">\n<tbody>\n<tr>\n<td style=\"width: 19.7143%; text-align: left; vertical-align: top;\">Fr., 04.05.2021<br \/>\n10:04 Uhr<\/td>\n<td style=\"width: 80.2857%; text-align: left; vertical-align: top;\">Gru\u00dfwort <a href=\"https:\/\/www.bundesgesundheitsministerium.de\/ministerium\/leitung-des-hauses\/psts-thomas-gebhart.html\" target=\"_blank\" rel=\"noopener\">Dr. Thomas Gebhart<\/a><br \/>\nParlamentarischer Staatssekret\u00e4r beim Bundesminister f\u00fcr Gesundheit<br \/>\nEhrungen:<br \/>\n<a href=\"https:\/\/www.leopoldina.org\/fileadmin\/redaktion\/Mitglieder\/CV_Hickel_Reinhard_D.pdf\" target=\"_blank\" rel=\"noopener\">Prof. Dr. Reinhard Hickel<\/a><br \/>\nArno Metzger<\/td>\n<\/tr>\n<tr>\n<td style=\"width: 19.7143%; text-align: left; vertical-align: top;\">11:34 Uhr<\/td>\n<td style=\"width: 80.2857%; text-align: left; vertical-align: top;\"><a href=\"https:\/\/iuzb.de\/wp-content\/uploads\/2021\/06\/2021-06-04-Bundesversammlung-BZAEK-02-klein.jpg\" target=\"_blank\" rel=\"noopener\"><img loading=\"lazy\" decoding=\"async\" class=\"alignnone wp-image-34412\" src=\"https:\/\/iuzb.de\/wp-content\/uploads\/2021\/06\/2021-06-04-Bundesversammlung-BZAEK-02-klein.jpg\" alt=\"\" width=\"640\" height=\"314\" srcset=\"https:\/\/iuzb.de\/wp-content\/uploads\/2021\/06\/2021-06-04-Bundesversammlung-BZAEK-02-klein.jpg 1600w, https:\/\/iuzb.de\/wp-content\/uploads\/2021\/06\/2021-06-04-Bundesversammlung-BZAEK-02-klein-450x221.jpg 450w, https:\/\/iuzb.de\/wp-content\/uploads\/2021\/06\/2021-06-04-Bundesversammlung-BZAEK-02-klein-245x120.jpg 245w, https:\/\/iuzb.de\/wp-content\/uploads\/2021\/06\/2021-06-04-Bundesversammlung-BZAEK-02-klein-768x376.jpg 768w, https:\/\/iuzb.de\/wp-content\/uploads\/2021\/06\/2021-06-04-Bundesversammlung-BZAEK-02-klein-1536x753.jpg 1536w\" sizes=\"auto, (max-width: 640px) 100vw, 640px\" \/><\/a><\/td>\n<\/tr>\n<tr>\n<td style=\"width: 19.7143%; text-align: left; vertical-align: top;\">13:52 Uhr<\/td>\n<td style=\"width: 80.2857%; text-align: left; vertical-align: top;\"><strong>Top 6.1. Wahl des Vorsitzenden der Bundesversammlung<\/strong><br \/>\n<a href=\"https:\/\/zahnaerzte-sh.de\/wir-ueber-uns\/vorstand\/\" target=\"_blank\" rel=\"noopener\">Dr. Kai Voss<\/a> (SH), als einziger Kandidat, einstimmig gew\u00e4hlt.<\/td>\n<\/tr>\n<tr>\n<td style=\"width: 19.7143%; text-align: left; vertical-align: top;\">13:54 Uhr<\/td>\n<td style=\"width: 80.2857%; text-align: left; vertical-align: top;\"><strong>6.2 Wahl von zwei Stellvertretern des Vorsitzenden der Bundesversammlung<br \/>\n<\/strong>1. <a href=\"https:\/\/www.lzkh.de\/ueber-uns\/vorstand\" target=\"_blank\" rel=\"noopener\">Dr. Doris Seiz<\/a> (Hessen)<br \/>\n2. <a href=\"https:\/\/lzk-bw.de\/die-kammer\/bezirkszahnaerztekammern\/karlsruhe\/bezirksvertreterversammlung\" target=\"_blank\" rel=\"noopener\">Dr. Wolfgang Gr\u00fcner<\/a> (BW)<\/td>\n<\/tr>\n<tr>\n<td style=\"width: 19.7143%; text-align: left; vertical-align: top;\">14:04 Uhr<\/td>\n<td style=\"width: 80.2857%; text-align: left; vertical-align: top;\"><strong>6.3 Wahl des Pr\u00e4sidenten der Bundeszahn\u00e4rztekammer<br \/>\n<\/strong>Die Kandierenden:<\/p>\n<ol>\n<li><a href=\"https:\/\/www.bzaek.de\/ueber-uns\/organisationsstruktur\/vorstand\/vita-prof-dr-christoph-benz.html\" target=\"_blank\" rel=\"noopener\">Prof. Dr. Christoph Benz<\/a> (Bayern) von <a href=\"https:\/\/zaek-hb.de\/vorstand\" target=\"_blank\" rel=\"noopener\">Dr. Wolfgang Menke<\/a> von aus Bremen vorgeschlagen<\/li>\n<li><a href=\"https:\/\/www.bzaek.de\/ueber-uns\/organisationsstruktur\/vorstand\/vita-prof-dr-dietmar-oesterreich.html\" target=\"_blank\" rel=\"noopener\">Prof. Dr. Dietmar Oesterreich<\/a> (MV)<\/li>\n<li><a href=\"https:\/\/www.lzkh.de\/ueber-uns\/vorstand\" target=\"_blank\" rel=\"noopener\">Dr. Michael Frank<\/a> (Hessen)<\/li>\n<\/ol>\n<\/td>\n<\/tr>\n<tr>\n<td style=\"width: 19.7143%; text-align: left; vertical-align: top;\">14:08 Uhr<\/td>\n<td style=\"width: 80.2857%; text-align: left; vertical-align: top;\">Benz: &#8222;\u2026.wenn wir alle in Zahnarztpraxen gearbeitet h\u00e4tten, h\u00e4tten wir keine Pandemie\u201c.<\/td>\n<\/tr>\n<tr>\n<td style=\"width: 19.7143%; text-align: left; vertical-align: top;\">15:26 Uhr<\/td>\n<td style=\"width: 80.2857%; text-align: left; vertical-align: top;\">1. Wahlgang:<br \/>\n67 Stimmer Benz<br \/>\n56 Stimmen Frank<br \/>\n35 Stimmen Oesterreich<br \/>\n3 Nein Stimmen<br \/>\nNun 2. Wahlgang zwischen Benz und Frank<\/td>\n<\/tr>\n<tr>\n<td style=\"width: 19.7143%; text-align: left; vertical-align: top;\"><\/td>\n<td style=\"width: 80.2857%; text-align: left; vertical-align: top;\">2. Wahlgang:<br \/>\n102 Stimmen Benz<br \/>\n53 Stimmen Frank<br \/>\n6 Nein<br \/>\n1 Enthaltung<br \/>\n<strong><a href=\"https:\/\/www.bzaek.de\/ueber-uns\/organisationsstruktur\/vorstand\/vita-prof-dr-christoph-benz.html\" target=\"_blank\" rel=\"noopener\">Prof. Dr. Christoph Benz<\/a> ist gew\u00e4hlt<br \/>\nund somit neuer Pr\u00e4sident der Bundeszahn\u00e4rztekammer<\/strong><\/td>\n<\/tr>\n<tr>\n<td style=\"width: 19.7143%; text-align: left; vertical-align: top;\">16:42 Uhr<\/td>\n<td style=\"width: 80.2857%; text-align: left; vertical-align: top;\"><strong>6.4 Wahl der Vizepr\u00e4sidenten der Bundeszahn\u00e4rztekammer<\/strong><br \/>\nDie Kandierenden f\u00fcr den 1. Vizepr\u00e4sidenten:<\/p>\n<ol>\n<li><a href=\"https:\/\/www.zahnaerzte-hh.de\/zahnaerzte-portal\/kammer-kzv\/kammer-wir-ueber-uns\/\" target=\"_blank\" rel=\"noopener\">Konstantin von Laffert<\/a> (Hamburg)<\/li>\n<li><a href=\"https:\/\/www.zaek-berlin.de\/ueber-uns\/vorstand-geschaeftsfuehrung.html\" target=\"_blank\" rel=\"noopener\">Barbara Plaster<\/a> (Berlin)<\/li>\n<li>Dr. Monika B\u00fcscher-Winkelmann (Westfalen-Lippe)<\/li>\n<\/ol>\n<\/td>\n<\/tr>\n<tr>\n<td style=\"width: 19.7143%; text-align: left; vertical-align: top;\">17:27 Uhr\/<br \/>\n18:02 Uhr<\/td>\n<td style=\"width: 80.2857%; text-align: left; vertical-align: top;\">Die Kandierenden und das Ergebnis f\u00fcr den 2. Vizepr\u00e4sidenten:<strong><br \/>\n<\/strong><a href=\"https:\/\/iuzb.de\/wp-content\/uploads\/2021\/06\/2021-06-04-Bundesversammlung-BZAEK-03.jpg\" target=\"_blank\" rel=\"noopener\"><img loading=\"lazy\" decoding=\"async\" class=\"alignnone wp-image-34455\" src=\"https:\/\/iuzb.de\/wp-content\/uploads\/2021\/06\/2021-06-04-Bundesversammlung-BZAEK-03.jpg\" alt=\"\" width=\"640\" height=\"316\" srcset=\"https:\/\/iuzb.de\/wp-content\/uploads\/2021\/06\/2021-06-04-Bundesversammlung-BZAEK-03.jpg 1600w, https:\/\/iuzb.de\/wp-content\/uploads\/2021\/06\/2021-06-04-Bundesversammlung-BZAEK-03-450x222.jpg 450w, https:\/\/iuzb.de\/wp-content\/uploads\/2021\/06\/2021-06-04-Bundesversammlung-BZAEK-03-243x120.jpg 243w, https:\/\/iuzb.de\/wp-content\/uploads\/2021\/06\/2021-06-04-Bundesversammlung-BZAEK-03-768x380.jpg 768w, https:\/\/iuzb.de\/wp-content\/uploads\/2021\/06\/2021-06-04-Bundesversammlung-BZAEK-03-1536x759.jpg 1536w\" sizes=\"auto, (max-width: 640px) 100vw, 640px\" \/><\/a><\/td>\n<\/tr>\n<tr>\n<td style=\"width: 19.7143%; text-align: left; vertical-align: top;\">19:10 Uhr (<a href=\"https:\/\/www.bzaek.de\/presse\/presseinformationen\/presseinformationen-abonnieren.html\" target=\"_blank\" rel=\"noopener\">PIL<\/a>)<\/td>\n<td style=\"width: 80.2857%; text-align: left; vertical-align: top;\"><span style=\"text-decoration: underline;\">Bundeszahn\u00e4rztekammer <a href=\"https:\/\/www.bzaek.de\/presse\/presseinformationen\/presseinformation\/benz-ist-neuer-praesident-der-bundeszahnaerztekammer.html\" target=\"_blank\" rel=\"noopener\">Pressemitteilung<\/a>:<\/span><\/p>\n<p style=\"text-align: justify;\"><strong>Benz ist neuer Pr\u00e4sident der Bundeszahn\u00e4rztekammer<\/strong><\/p>\n<p style=\"text-align: justify;\">Bundesversammlung w\u00e4hlte neuen Gesch\u00e4ftsf\u00fchrenden Vorstand<\/p>\n<p style=\"text-align: justify;\">Auf der au\u00dferordentlichen Bundesversammlung der Bundeszahn\u00e4rztekammer (BZ\u00c4K) am 04.\/05. Juni 2021 in Berlin wurden die Wahlen des Gesch\u00e4ftsf\u00fchrenden Vorstandes nachgeholt, die coronabedingt im Herbst 2020 nicht stattfinden konnten. <strong>Die Delegierten w\u00e4hlten <\/strong><\/p>\n<ul>\n<li style=\"text-align: justify;\"><strong><span style=\"text-decoration: underline;\">Prof. Dr. Christoph Benz<\/span> zum neuen Pr\u00e4sidenten sowie <\/strong><\/li>\n<li style=\"text-align: justify;\"><strong><span style=\"text-decoration: underline;\">Konstantin von Laffert<\/span> zum neuen Vizepr\u00e4sidenten und <\/strong><\/li>\n<li style=\"text-align: justify;\"><strong><a href=\"https:\/\/www.lzkb.de\/kammer\/kammervorstand\" target=\"_blank\" rel=\"noopener\"><span style=\"text-decoration: underline;\">Dr. Romy Ermler<\/span><\/a> zur neuen Vizepr\u00e4sidentin.<\/strong><\/li>\n<\/ul>\n<p>Die Bundesversammlung fand unter strengen Hygieneauflagen statt.<\/p>\n<p style=\"text-align: justify;\">\u201eWir bedanken uns f\u00fcr das Vertrauen der Delegierten und werden unsere neue Aufgabe als Gesch\u00e4ftsf\u00fchrender Vorstand mit gro\u00dfem Eifer und hoher Motivation zukunftsgerichtet angehen. Unser Ziel ist es, die hervorragende tagt\u00e4gliche Arbeit der Kolleginnen und Kollegen in den Praxen bestm\u00f6glich zu unterst\u00fctzen und zu erleichtern \u2013 in der anhaltenden Corona-Pandemie und dar\u00fcber hinaus. Dazu geh\u00f6rt neben der Bewahrung von freier Berufsaus\u00fcbung auch die Weiterentwicklung der GOZ, der B\u00fcrokratieabbau und der Erhalt des bew\u00e4hrten dualen Krankenversicherungssystems.<br \/>\nWir m\u00f6chten uns au\u00dferdem bei dem bisherigen Pr\u00e4sidenten Dr. Peter Engel und dem bisherigen Vizepr\u00e4sidenten Prof. Dr. Dietmar Oesterreich bedanken f\u00fcr ihre jahrelange Arbeit f\u00fcr die BZ\u00c4K, ihren enormen Einsatz und ihre wichtigen Weichenstellungen\u201c, so der neue Gesch\u00e4ftsf\u00fchrende Vorstand der BZ\u00c4K nach der Wahl.<\/p>\n<p>Fotos der Veranstaltung unter:<\/p>\n<p><a href=\"http:\/\/www.bzaek.de\/presse\/presseinformationen\/presseinformationen-abonnieren\/presseverteiler-manager\/presse-informations-letter.html?type=1342671779&amp;tx_newsletter_p%5Bn%5D=364&amp;tx_newsletter_p%5Baction%5D=clicked&amp;tx_newsletter_p%5Bcontroller%5D=Link&amp;tx_newsletter_p%5Bl%5D=818ee1cb9595c063dd1f0b9580a2859a\" target=\"_blank\" rel=\"noopener\">https:\/\/www.picdrop.com\/axentis\/f94DTaSi6Y<\/a><\/p>\n<p><a href=\"https:\/\/www.picdrop.com\/axentis\/f94DTaSi6Y?img=e43264d0b4b14a29dc380a4895962571\" target=\"_blank\" rel=\"noopener\">Unsere Berliner Delegierten in der ersten und zweiten Reihe.<\/a><\/td>\n<\/tr>\n<tr>\n<td style=\"width: 19.7143%; text-align: left; vertical-align: top;\">Sa., 05.06.2021<br \/>\n09:12\/43 Uhr<\/td>\n<td style=\"width: 80.2857%; text-align: left; vertical-align: top;\"><strong>6.5 Wahl der Mitglieder des Finanzausschusses<\/strong><\/p>\n<p><a href=\"https:\/\/iuzb.de\/wp-content\/uploads\/2021\/06\/2021-06-05-Bundesversammlung-01-FA.jpg\" target=\"_blank\" rel=\"noopener\"><img loading=\"lazy\" decoding=\"async\" class=\"alignnone wp-image-34485\" src=\"https:\/\/iuzb.de\/wp-content\/uploads\/2021\/06\/2021-06-05-Bundesversammlung-01-FA.jpg\" alt=\"\" width=\"640\" height=\"333\" srcset=\"https:\/\/iuzb.de\/wp-content\/uploads\/2021\/06\/2021-06-05-Bundesversammlung-01-FA.jpg 1600w, https:\/\/iuzb.de\/wp-content\/uploads\/2021\/06\/2021-06-05-Bundesversammlung-01-FA-450x234.jpg 450w, https:\/\/iuzb.de\/wp-content\/uploads\/2021\/06\/2021-06-05-Bundesversammlung-01-FA-230x120.jpg 230w, https:\/\/iuzb.de\/wp-content\/uploads\/2021\/06\/2021-06-05-Bundesversammlung-01-FA-768x400.jpg 768w, https:\/\/iuzb.de\/wp-content\/uploads\/2021\/06\/2021-06-05-Bundesversammlung-01-FA-1536x800.jpg 1536w\" sizes=\"auto, (max-width: 640px) 100vw, 640px\" \/><\/a><\/td>\n<\/tr>\n<tr>\n<td style=\"width: 19.7143%; text-align: left; vertical-align: top;\">10:14 Uhr<\/td>\n<td style=\"width: 80.2857%;\"><strong>6.6 Wahl des Rechnungspr\u00fcfungsausschusses<\/strong><\/p>\n<p><a href=\"https:\/\/iuzb.de\/wp-content\/uploads\/2021\/06\/2021-06-05-Bundesversammlung-02-RPA.jpg\" target=\"_blank\" rel=\"noopener\"><img loading=\"lazy\" decoding=\"async\" class=\"alignnone wp-image-34487\" src=\"https:\/\/iuzb.de\/wp-content\/uploads\/2021\/06\/2021-06-05-Bundesversammlung-02-RPA.jpg\" alt=\"\" width=\"640\" height=\"345\" srcset=\"https:\/\/iuzb.de\/wp-content\/uploads\/2021\/06\/2021-06-05-Bundesversammlung-02-RPA.jpg 1600w, https:\/\/iuzb.de\/wp-content\/uploads\/2021\/06\/2021-06-05-Bundesversammlung-02-RPA-450x242.jpg 450w, https:\/\/iuzb.de\/wp-content\/uploads\/2021\/06\/2021-06-05-Bundesversammlung-02-RPA-223x120.jpg 223w, https:\/\/iuzb.de\/wp-content\/uploads\/2021\/06\/2021-06-05-Bundesversammlung-02-RPA-768x414.jpg 768w, https:\/\/iuzb.de\/wp-content\/uploads\/2021\/06\/2021-06-05-Bundesversammlung-02-RPA-1536x828.jpg 1536w\" sizes=\"auto, (max-width: 640px) 100vw, 640px\" \/><\/a><\/td>\n<\/tr>\n<tr>\n<td style=\"width: 19.7143%; text-align: left; vertical-align: top;\">10:30 Uhr<\/td>\n<td style=\"width: 80.2857%; text-align: left; vertical-align: top;\"><a href=\"https:\/\/iuzb.de\/wp-content\/uploads\/2021\/06\/2021-06-05-Bundesversammlung-03-GOZ-PW.jpg\" target=\"_blank\" rel=\"noopener\"><img loading=\"lazy\" decoding=\"async\" class=\"alignnone wp-image-34489\" src=\"https:\/\/iuzb.de\/wp-content\/uploads\/2021\/06\/2021-06-05-Bundesversammlung-03-GOZ-PW.jpg\" alt=\"\" width=\"640\" height=\"398\" srcset=\"https:\/\/iuzb.de\/wp-content\/uploads\/2021\/06\/2021-06-05-Bundesversammlung-03-GOZ-PW.jpg 1600w, https:\/\/iuzb.de\/wp-content\/uploads\/2021\/06\/2021-06-05-Bundesversammlung-03-GOZ-PW-450x280.jpg 450w, https:\/\/iuzb.de\/wp-content\/uploads\/2021\/06\/2021-06-05-Bundesversammlung-03-GOZ-PW-193x120.jpg 193w, https:\/\/iuzb.de\/wp-content\/uploads\/2021\/06\/2021-06-05-Bundesversammlung-03-GOZ-PW-768x477.jpg 768w, https:\/\/iuzb.de\/wp-content\/uploads\/2021\/06\/2021-06-05-Bundesversammlung-03-GOZ-PW-1536x954.jpg 1536w\" sizes=\"auto, (max-width: 640px) 100vw, 640px\" \/><\/a><\/td>\n<\/tr>\n<\/tbody>\n<\/table>\n<p>&nbsp;<\/p>\n","protected":false},"excerpt":{"rendered":"<p>Bundesversammlung am 04. und 05. Mai 2021 in Berlin mit Neuwahl des Gesch\u00e4ftsf\u00fchrenden Vorstands Tagesordnung &nbsp; Einen Live-Ticker hatten wir nicht geplant. Aber eben kam doch etwas herein. Also, mal [&#8230;]<\/p>\n","protected":false},"author":13,"featured_media":34408,"comment_status":"open","ping_status":"closed","sticky":false,"template":"","format":"standard","meta":{"ngg_post_thumbnail":0,"iawp_total_views":7,"footnotes":""},"categories":[305,121],"tags":[],"class_list":["post-34398","post","type-post","status-publish","format-standard","has-post-thumbnail","hentry","category-bundesversammlung","category-bzaek"],"_links":{"self":[{"href":"https:\/\/iuzb.de\/index.php?rest_route=\/wp\/v2\/posts\/34398","targetHints":{"allow":["GET"]}}],"collection":[{"href":"https:\/\/iuzb.de\/index.php?rest_route=\/wp\/v2\/posts"}],"about":[{"href":"https:\/\/iuzb.de\/index.php?rest_route=\/wp\/v2\/types\/post"}],"author":[{"embeddable":true,"href":"https:\/\/iuzb.de\/index.php?rest_route=\/wp\/v2\/users\/13"}],"replies":[{"embeddable":true,"href":"https:\/\/iuzb.de\/index.php?rest_route=%2Fwp%2Fv2%2Fcomments&post=34398"}],"version-history":[{"count":74,"href":"https:\/\/iuzb.de\/index.php?rest_route=\/wp\/v2\/posts\/34398\/revisions"}],"predecessor-version":[{"id":34493,"href":"https:\/\/iuzb.de\/index.php?rest_route=\/wp\/v2\/posts\/34398\/revisions\/34493"}],"wp:featuredmedia":[{"embeddable":true,"href":"https:\/\/iuzb.de\/index.php?rest_route=\/wp\/v2\/media\/34408"}],"wp:attachment":[{"href":"https:\/\/iuzb.de\/index.php?rest_route=%2Fwp%2Fv2%2Fmedia&parent=34398"}],"wp:term":[{"taxonomy":"category","embeddable":true,"href":"https:\/\/iuzb.de\/index.php?rest_route=%2Fwp%2Fv2%2Fcategories&post=34398"},{"taxonomy":"post_tag","embeddable":true,"href":"https:\/\/iuzb.de\/index.php?rest_route=%2Fwp%2Fv2%2Ftags&post=34398"}],"curies":[{"name":"wp","href":"https:\/\/api.w.org\/{rel}","templated":true}]}}