{"id":34095,"date":"2021-05-08T10:26:00","date_gmt":"2021-05-08T08:26:00","guid":{"rendered":"http:\/\/iuzb.de\/?p=34095"},"modified":"2025-10-31T14:35:34","modified_gmt":"2025-10-31T13:35:34","slug":"08-05-2021-live-ticker-aus-der-konst-vzb-vv-08-05-2021-live-ticker-aus-der-konst-bzb-vv","status":"publish","type":"post","link":"https:\/\/iuzb.de\/?p=34095","title":{"rendered":"08.05.2021.-.-.-.Live Ticker aus der konst. VZB-VV.-.-.-.-.08.05.2021.-.-.-.Live Ticker aus der konst. VZB-VV&#8230;"},"content":{"rendered":"<p><a href=\"https:\/\/iuzb.de\/wp-content\/uploads\/2021\/05\/2021-05-08-VZB-Einladung-konst.-VV.jpg\" target=\"_blank\" rel=\"noopener\"><img loading=\"lazy\" decoding=\"async\" class=\"alignnone wp-image-34106\" src=\"https:\/\/iuzb.de\/wp-content\/uploads\/2021\/05\/2021-05-08-VZB-Einladung-konst.-VV.jpg\" alt=\"\" width=\"750\" height=\"453\" srcset=\"https:\/\/iuzb.de\/wp-content\/uploads\/2021\/05\/2021-05-08-VZB-Einladung-konst.-VV.jpg 932w, https:\/\/iuzb.de\/wp-content\/uploads\/2021\/05\/2021-05-08-VZB-Einladung-konst.-VV-450x272.jpg 450w, https:\/\/iuzb.de\/wp-content\/uploads\/2021\/05\/2021-05-08-VZB-Einladung-konst.-VV-199x120.jpg 199w, https:\/\/iuzb.de\/wp-content\/uploads\/2021\/05\/2021-05-08-VZB-Einladung-konst.-VV-768x464.jpg 768w\" sizes=\"auto, (max-width: 750px) 100vw, 750px\" \/><\/a><\/p>\n<p><img loading=\"lazy\" decoding=\"async\" class=\"alignnone wp-image-34109 size-full\" src=\"https:\/\/iuzb.de\/wp-content\/uploads\/2021\/05\/2021-05-08-VZB-Einladung-konst.-VV-TOP.jpg\" alt=\"\" width=\"750\" height=\"324\" srcset=\"https:\/\/iuzb.de\/wp-content\/uploads\/2021\/05\/2021-05-08-VZB-Einladung-konst.-VV-TOP.jpg 750w, https:\/\/iuzb.de\/wp-content\/uploads\/2021\/05\/2021-05-08-VZB-Einladung-konst.-VV-TOP-450x194.jpg 450w, https:\/\/iuzb.de\/wp-content\/uploads\/2021\/05\/2021-05-08-VZB-Einladung-konst.-VV-TOP-278x120.jpg 278w\" sizes=\"auto, (max-width: 750px) 100vw, 750px\" \/><\/p>\n<p><a href=\"https:\/\/iuzb.de\/wp-content\/uploads\/2021\/05\/2021-05-08-VZB-Einladung-konst.-VV-TOP-2.jpg\"><img loading=\"lazy\" decoding=\"async\" class=\"alignnone size-full wp-image-34111\" src=\"https:\/\/iuzb.de\/wp-content\/uploads\/2021\/05\/2021-05-08-VZB-Einladung-konst.-VV-TOP-2.jpg\" alt=\"\" width=\"750\" height=\"428\" srcset=\"https:\/\/iuzb.de\/wp-content\/uploads\/2021\/05\/2021-05-08-VZB-Einladung-konst.-VV-TOP-2.jpg 750w, https:\/\/iuzb.de\/wp-content\/uploads\/2021\/05\/2021-05-08-VZB-Einladung-konst.-VV-TOP-2-450x257.jpg 450w, https:\/\/iuzb.de\/wp-content\/uploads\/2021\/05\/2021-05-08-VZB-Einladung-konst.-VV-TOP-2-210x120.jpg 210w\" sizes=\"auto, (max-width: 750px) 100vw, 750px\" \/><\/a><\/p>\n<p>&nbsp;<\/p>\n<p><strong>Live-Ticker aus der <a href=\"https:\/\/iuzb.de\/?p=33484\" target=\"_blank\" rel=\"noopener\">konstituierenden Vertreterversammlung des VZB<\/a>.<\/strong><\/p>\n<p>&nbsp;<\/p>\n<p><span style=\"text-decoration: underline;\">\u00dcbermittlungszeit \/ Inhalt:<\/span><\/p>\n<table style=\"border-collapse: collapse; width: 100%; height: 845px;\">\n<tbody>\n<tr style=\"height: 266px;\">\n<td style=\"width: 16.1428%; text-align: left; vertical-align: top; height: 266px;\">09:49 Uhr<\/td>\n<td style=\"width: 83.8572%; text-align: left; vertical-align: top; height: 266px;\"><a href=\"https:\/\/iuzb.de\/wp-content\/uploads\/2021\/05\/2021-05-08-VZB-Einladung-konst.-VV-Estrel.jpg\" target=\"_blank\" rel=\"noopener\"><img loading=\"lazy\" decoding=\"async\" class=\"alignnone wp-image-34113\" src=\"https:\/\/iuzb.de\/wp-content\/uploads\/2021\/05\/2021-05-08-VZB-Einladung-konst.-VV-Estrel.jpg\" alt=\"\" width=\"150\" height=\"200\" srcset=\"https:\/\/iuzb.de\/wp-content\/uploads\/2021\/05\/2021-05-08-VZB-Einladung-konst.-VV-Estrel.jpg 750w, https:\/\/iuzb.de\/wp-content\/uploads\/2021\/05\/2021-05-08-VZB-Einladung-konst.-VV-Estrel-225x300.jpg 225w, https:\/\/iuzb.de\/wp-content\/uploads\/2021\/05\/2021-05-08-VZB-Einladung-konst.-VV-Estrel-90x120.jpg 90w\" sizes=\"auto, (max-width: 150px) 100vw, 150px\" \/><\/a><\/p>\n<p>Estrell<\/td>\n<\/tr>\n<tr style=\"height: 170px;\">\n<td style=\"width: 16.1428%; text-align: left; vertical-align: top; height: 170px;\">09:52 Uhr<\/td>\n<td style=\"width: 83.8572%; text-align: left; vertical-align: top; height: 170px;\"><a href=\"https:\/\/iuzb.de\/wp-content\/uploads\/2021\/05\/2021-05-08-VZB-Einladung-konst.-VV-Estrel-2.jpg\" target=\"_blank\" rel=\"noopener\"><img loading=\"lazy\" decoding=\"async\" class=\"alignnone wp-image-34117\" src=\"https:\/\/iuzb.de\/wp-content\/uploads\/2021\/05\/2021-05-08-VZB-Einladung-konst.-VV-Estrel-2.jpg\" alt=\"\" width=\"150\" height=\"164\" srcset=\"https:\/\/iuzb.de\/wp-content\/uploads\/2021\/05\/2021-05-08-VZB-Einladung-konst.-VV-Estrel-2.jpg 750w, https:\/\/iuzb.de\/wp-content\/uploads\/2021\/05\/2021-05-08-VZB-Einladung-konst.-VV-Estrel-2-274x300.jpg 274w, https:\/\/iuzb.de\/wp-content\/uploads\/2021\/05\/2021-05-08-VZB-Einladung-konst.-VV-Estrel-2-110x120.jpg 110w\" sizes=\"auto, (max-width: 150px) 100vw, 150px\" \/><\/a><\/td>\n<\/tr>\n<tr style=\"height: 48px;\">\n<td style=\"width: 16.1428%; text-align: left; vertical-align: top; height: 48px;\">10:32 Uhr<\/td>\n<td style=\"width: 83.8572%; text-align: left; vertical-align: top; height: 48px;\"><span style=\"text-decoration: underline;\">TOP 3:<\/span><br \/>\nHerr Wohltmann zum Wahlleiter gew\u00e4hlt.<\/td>\n<\/tr>\n<tr style=\"height: 121px;\">\n<td style=\"width: 16.1428%; text-align: left; vertical-align: top; height: 121px;\">10:28 Uhr<\/td>\n<td style=\"width: 83.8572%; text-align: left; vertical-align: top; height: 121px;\"><span style=\"text-decoration: underline;\">TOP 4:<\/span><br \/>\nRellermeier schl\u00e4gt Dohmeier vor.<br \/>\nEinziger Kandidat.<br \/>\nGeheime Wahl.<br \/>\n12 Ja Stimmen<br \/>\nKeine Gegenstimme<\/td>\n<\/tr>\n<tr style=\"height: 72px;\">\n<td style=\"width: 16.1428%; text-align: left; vertical-align: top; height: 72px;\">10:33 Uhr<\/td>\n<td style=\"width: 83.8572%; text-align: left; vertical-align: top; height: 72px;\">Wahl der Stellvertreterin<br \/>\nWeiss schl\u00e4gt J\u00f6decke vor.<br \/>\n12 Ja<\/td>\n<\/tr>\n<tr style=\"height: 24px;\">\n<td style=\"width: 16.1428%; text-align: left; vertical-align: top; height: 24px;\">10:36 Uhr<\/td>\n<td style=\"width: 83.8572%; text-align: left; vertical-align: top; height: 24px;\"><span style=\"text-decoration: underline;\">TOP 5:<\/span><br \/>\nWohltmann gew\u00e4hlt<\/td>\n<\/tr>\n<tr style=\"height: 24px;\">\n<td style=\"width: 16.1428%; text-align: left; vertical-align: top; height: 24px;\">10:56 Uhr<\/td>\n<td style=\"width: 83.8572%; text-align: left; vertical-align: top; height: 24px;\"><span style=\"text-decoration: underline;\">TOP 6:<\/span><br \/>\nRellermeier schl\u00e4gt Dr. Sch\u00e4fer als Vorsitzenden des AA vor.<br \/>\n12 Ja<br \/>\nWei\u00df schl\u00e4gt Cwertnia vor.<br \/>\n12 Ja<br \/>\nBeisitzer:<br \/>\nWei\u00df schl\u00e4gt Scheithauer aus Bremen vor.<br \/>\n12 Ja<\/td>\n<\/tr>\n<tr style=\"height: 24px;\">\n<td style=\"width: 16.1428%; text-align: left; vertical-align: top; height: 24px;\">11:13 Uhr<\/td>\n<td style=\"width: 83.8572%; text-align: left; vertical-align: top; height: 24px;\">Beisitzer:<br \/>\nRellermeier schl\u00e4gt Hessberger vor.<br \/>\n11 Ja 1 Nein<br \/>\nRellermeier schl\u00e4gt Kapogianni vor.<br \/>\n12 Ja<br \/>\nWei\u00df schl\u00e4gt Gutsche vor.<br \/>\n12 Ja<\/td>\n<\/tr>\n<tr style=\"height: 24px;\">\n<td style=\"width: 16.1428%; text-align: left; vertical-align: top; height: 24px;\">11:15 Uhr<\/td>\n<td style=\"width: 83.8572%; text-align: left; vertical-align: top; height: 24px;\">Klutke r\u00fcckt f\u00fcr Hessberger in die VV nach.<\/td>\n<\/tr>\n<tr style=\"height: 24px;\">\n<td style=\"width: 16.1428%; text-align: left; vertical-align: top; height: 24px;\">11:24 Uhr<\/td>\n<td style=\"width: 83.8572%; text-align: left; vertical-align: top; height: 24px;\"><span style=\"text-decoration: underline;\">Top 7 Wahl des Verwaltungsausschusses:<\/span><br \/>\nWei\u00df schl\u00e4gt Rellermeier als Vorsitzenden des VA vor.<br \/>\n11 Ja 1 Nein<\/td>\n<\/tr>\n<tr style=\"height: 24px;\">\n<td style=\"width: 16.1428%; text-align: left; vertical-align: top; height: 24px;\">11:29 Uhr<\/td>\n<td style=\"width: 83.8572%; text-align: left; vertical-align: top; height: 24px;\">Rellermeier schl\u00e4gt Kisro als stellvertretenden Vorsitzenden vor.<br \/>\n12 Ja<\/td>\n<\/tr>\n<tr style=\"height: 24px;\">\n<td style=\"width: 16.1428%; text-align: left; vertical-align: top; height: 24px;\">11:49 Uhr<\/td>\n<td style=\"width: 83.8572%; text-align: left; vertical-align: top; height: 24px;\">Beisitzer<br \/>\nMenke schl\u00e4gt Weggen aus Bremen vor.<br \/>\n12 Ja<br \/>\nSch\u00e4fer schl\u00e4gt Geuther aus Brandenburg vor.<br \/>\n12 Ja<br \/>\nRellermeier schl\u00e4gt Wei\u00df vor.<br \/>\n11 Ja 1 Nein<br \/>\nWei\u00df schl\u00e4gt Roggensack vor<br \/>\n12 Ja<\/td>\n<\/tr>\n<tr>\n<td style=\"width: 16.1428%; text-align: left; vertical-align: top;\">11:53 Uhr<\/td>\n<td style=\"width: 83.8572%; text-align: left; vertical-align: top;\">Nachr\u00fccker:<br \/>\nFelke<br \/>\nGneist<br \/>\nF\u00f6rster<br \/>\nSeiffert<\/td>\n<\/tr>\n<\/tbody>\n<\/table>\n<p><span style=\"color: #ff0000; font-size: 14pt;\"><strong>Die IUZB gratuliert allen gew\u00e4hlten Pers\u00f6nlichkeiten und w\u00fcnscht ihnen viel Erfolg!<\/strong> <\/span><\/p>\n<p><span style=\"color: #ffffff;\">.<\/span><\/p>\n<p><span style=\"color: #ffffff;\">.<\/span><\/p>\n<p><span style=\"text-decoration: underline;\"><strong>Die Gew\u00e4hlten:<\/strong><\/span><\/p>\n<p><strong>Vertreterversammlung:<\/strong><\/p>\n<table style=\"border-collapse: collapse; width: 100%; height: 34px;\">\n<tbody>\n<tr style=\"height: 24px;\">\n<td style=\"width: 33.3333%; height: 24px; text-align: left; vertical-align: top;\">Vorsitzender<\/td>\n<td style=\"width: 33.3333%; height: 24px; text-align: left; vertical-align: top;\">Dr. Helmut Dohmeier-de Haan<\/td>\n<td style=\"width: 33.3333%; height: 24px; text-align: left; vertical-align: top;\">Berlin (IUZB)<\/td>\n<\/tr>\n<tr style=\"height: 10px;\">\n<td style=\"width: 33.3333%; height: 10px; text-align: left; vertical-align: top;\">Stellv. Vorsitzende<\/td>\n<td style=\"width: 33.3333%; height: 10px; text-align: left; vertical-align: top;\">Dr. Ute J\u00f6decke<\/td>\n<td style=\"width: 33.3333%; height: 10px; text-align: left; vertical-align: top;\">Brandenburg (VNZLB)<\/td>\n<\/tr>\n<\/tbody>\n<\/table>\n<p><strong>Aufsichtsausschuss:<\/strong><\/p>\n<table style=\"border-collapse: collapse; width: 100%;\">\n<tbody>\n<tr>\n<td style=\"width: 33.3333%; text-align: left; vertical-align: top;\">Vorsitzender<\/td>\n<td style=\"width: 33.3333%; text-align: left; vertical-align: top;\">Dr. Eckehart Sch\u00e4fer<\/td>\n<td style=\"width: 33.3333%; text-align: left; vertical-align: top;\">Brandenburg (FVDZ)<\/td>\n<\/tr>\n<tr>\n<td style=\"width: 33.3333%; text-align: left; vertical-align: top;\">Stellv. Vorsitzender<\/td>\n<td style=\"width: 33.3333%; text-align: left; vertical-align: top;\">Dr. Franz Josef Cwiertnia<\/td>\n<td style=\"width: 33.3333%; text-align: left; vertical-align: top;\">Berlin (VdZuZvB)<\/td>\n<\/tr>\n<tr>\n<td style=\"width: 33.3333%; text-align: left; vertical-align: top;\">Beisitzer<\/td>\n<td style=\"width: 33.3333%; text-align: left; vertical-align: top;\">Erik Scheithauer<\/td>\n<td style=\"width: 33.3333%; text-align: left; vertical-align: top;\">Bremen (Liste Bremerhaven)<\/td>\n<\/tr>\n<tr>\n<td style=\"width: 33.3333%; text-align: left; vertical-align: top;\">Beisitzer<\/td>\n<td style=\"width: 33.3333%; text-align: left; vertical-align: top;\">Dr. Andreas Hessberger<\/td>\n<td style=\"width: 33.3333%; text-align: left; vertical-align: top;\">Berlin (IUZB)<\/td>\n<\/tr>\n<tr>\n<td style=\"width: 33.3333%; text-align: left; vertical-align: top;\">Beisitzer<\/td>\n<td style=\"width: 33.3333%; text-align: left; vertical-align: top;\">Eleni Kapogianni<\/td>\n<td style=\"width: 33.3333%; text-align: left; vertical-align: top;\">Berlin (VdZ\u00c4-Dentista)<\/td>\n<\/tr>\n<tr>\n<td style=\"width: 33.3333%; text-align: left; vertical-align: top;\">Beisitzer<\/td>\n<td style=\"width: 33.3333%; text-align: left; vertical-align: top;\">Dr. Peter E. Gutsche<\/td>\n<td style=\"width: 33.3333%; text-align: left; vertical-align: top;\">Berlin (VdZuZvB)<\/td>\n<\/tr>\n<\/tbody>\n<\/table>\n<p><strong>Verwaltungsausschuss:<\/strong><\/p>\n<table style=\"border-collapse: collapse; width: 100%;\">\n<tbody>\n<tr>\n<td style=\"width: 33.3333%; text-align: left; vertical-align: top;\">Vorsitzender<\/td>\n<td style=\"width: 33.3333%; text-align: left; vertical-align: top;\">Dr. Ingo Rellermeier<\/td>\n<td style=\"width: 33.3333%; text-align: left; vertical-align: top;\">Berlin (VdZuZvB)<\/td>\n<\/tr>\n<tr>\n<td style=\"width: 33.3333%; text-align: left; vertical-align: top;\">Stellv. Vorsitzender<\/td>\n<td style=\"width: 33.3333%; text-align: left; vertical-align: top;\">Dr. Rolf Kisro<\/td>\n<td style=\"width: 33.3333%; text-align: left; vertical-align: top;\">Berlin (FVDZ)<\/td>\n<\/tr>\n<tr>\n<td style=\"width: 33.3333%; text-align: left; vertical-align: top;\">Beisitzer<\/td>\n<td style=\"width: 33.3333%; text-align: left; vertical-align: top;\">Rolf Weggen<\/td>\n<td style=\"width: 33.3333%; text-align: left; vertical-align: top;\">Bremen (FVDZ)<\/td>\n<\/tr>\n<tr>\n<td style=\"width: 33.3333%; text-align: left; vertical-align: top;\">Beisitzer<\/td>\n<td style=\"width: 33.3333%; text-align: left; vertical-align: top;\">Dr. Michael Geuther<\/td>\n<td style=\"width: 33.3333%; text-align: left; vertical-align: top;\">Brandenburg (VNZLB)<\/td>\n<\/tr>\n<tr>\n<td style=\"width: 33.3333%; text-align: left; vertical-align: top;\">Beisitzer<\/td>\n<td style=\"width: 33.3333%; text-align: left; vertical-align: top;\">Dr. Lutz-Stephan Wei\u00df<\/td>\n<td style=\"width: 33.3333%; text-align: left; vertical-align: top;\">Berlin (IUZB)<\/td>\n<\/tr>\n<tr>\n<td style=\"width: 33.3333%; text-align: left; vertical-align: top;\">Beisitzer<\/td>\n<td style=\"width: 33.3333%; text-align: left; vertical-align: top;\">Dr. Markus Roggensack<\/td>\n<td style=\"width: 33.3333%; text-align: left; vertical-align: top;\">Berlin (VdZuZvB)<\/td>\n<\/tr>\n<\/tbody>\n<\/table>\n<p><span style=\"color: #ffffff;\">.<\/span><\/p>\n","protected":false},"excerpt":{"rendered":"<p>&nbsp; Live-Ticker aus der konstituierenden Vertreterversammlung des VZB. &nbsp; \u00dcbermittlungszeit \/ Inhalt: 09:49 Uhr Estrell 09:52 Uhr 10:32 Uhr TOP 3: Herr Wohltmann zum Wahlleiter gew\u00e4hlt. 10:28 Uhr TOP 4: [&#8230;]<\/p>\n","protected":false},"author":13,"featured_media":32956,"comment_status":"open","ping_status":"closed","sticky":false,"template":"","format":"standard","meta":{"ngg_post_thumbnail":0,"iawp_total_views":20,"footnotes":""},"categories":[417,47,87,219],"tags":[],"class_list":["post-34095","post","type-post","status-publish","format-standard","has-post-thumbnail","hentry","category-aufsichtsausschuss","category-versorgungswerk-vzb","category-vertreterversammlung","category-verwaltungsausschuss"],"_links":{"self":[{"href":"https:\/\/iuzb.de\/index.php?rest_route=\/wp\/v2\/posts\/34095","targetHints":{"allow":["GET"]}}],"collection":[{"href":"https:\/\/iuzb.de\/index.php?rest_route=\/wp\/v2\/posts"}],"about":[{"href":"https:\/\/iuzb.de\/index.php?rest_route=\/wp\/v2\/types\/post"}],"author":[{"embeddable":true,"href":"https:\/\/iuzb.de\/index.php?rest_route=\/wp\/v2\/users\/13"}],"replies":[{"embeddable":true,"href":"https:\/\/iuzb.de\/index.php?rest_route=%2Fwp%2Fv2%2Fcomments&post=34095"}],"version-history":[{"count":41,"href":"https:\/\/iuzb.de\/index.php?rest_route=\/wp\/v2\/posts\/34095\/revisions"}],"predecessor-version":[{"id":50094,"href":"https:\/\/iuzb.de\/index.php?rest_route=\/wp\/v2\/posts\/34095\/revisions\/50094"}],"wp:featuredmedia":[{"embeddable":true,"href":"https:\/\/iuzb.de\/index.php?rest_route=\/wp\/v2\/media\/32956"}],"wp:attachment":[{"href":"https:\/\/iuzb.de\/index.php?rest_route=%2Fwp%2Fv2%2Fmedia&parent=34095"}],"wp:term":[{"taxonomy":"category","embeddable":true,"href":"https:\/\/iuzb.de\/index.php?rest_route=%2Fwp%2Fv2%2Fcategories&post=34095"},{"taxonomy":"post_tag","embeddable":true,"href":"https:\/\/iuzb.de\/index.php?rest_route=%2Fwp%2Fv2%2Ftags&post=34095"}],"curies":[{"name":"wp","href":"https:\/\/api.w.org\/{rel}","templated":true}]}}