{"id":34043,"date":"2021-05-04T23:09:29","date_gmt":"2021-05-04T21:09:29","guid":{"rendered":"http:\/\/iuzb.de\/?p=34043"},"modified":"2021-05-04T23:22:37","modified_gmt":"2021-05-04T21:22:37","slug":"kindeswohlgefaehrdung-zahnaerzte-sollen-kuenftig-den-aerzten-gleichgestellt-werden","status":"publish","type":"post","link":"https:\/\/iuzb.de\/?p=34043","title":{"rendered":"Kindeswohlgef\u00e4hrdung: Zahn\u00e4rzte sollen k\u00fcnftig eindeutig den \u00c4rzten gleichgestellt werden"},"content":{"rendered":"<p><em><strong>Bundesrat entscheidet \u00fcber Reform der Kinder- und Jugendhilfe<br \/>\n<\/strong>Gesetz zur St\u00e4rkung von Kindern und Jugendlichen:<\/em><\/p>\n<p><a href=\"https:\/\/www.bundesrat.de\/DE\/plenum\/bundesrat-kompakt\/21\/1004\/1004-pk.html\" target=\"_blank\" rel=\"noopener\">Am 07. Mai 2021<\/a> stimmt der Bundesrat \u00fcber die vom Bundestag beschlossene Reform der Kinder- und Jugendhilfe ab. Dies hat im Annahmefall auch Auswirkungen f\u00fcr die Zahn\u00e4rzeschaft:<\/p>\n<p><a href=\"https:\/\/www.bundesrat.de\/drs.html?id=zu319-21\" target=\"_blank\" rel=\"noopener\">Bundesrat &#8211; zu Drucksache 319\/21<\/a> (Beschluss des Deutschen Bundestags):<\/p>\n<p><a href=\"https:\/\/www.bundesrat.de\/drs.html?id=zu319-21\"><img loading=\"lazy\" decoding=\"async\" class=\"alignnone size-full wp-image-34047\" src=\"https:\/\/iuzb.de\/wp-content\/uploads\/2021\/05\/2021-05-04-Gesetz-zur-Staerkung-von-Kindern-und-Jugendlichen-1.jpg\" alt=\"\" width=\"894\" height=\"119\" srcset=\"https:\/\/iuzb.de\/wp-content\/uploads\/2021\/05\/2021-05-04-Gesetz-zur-Staerkung-von-Kindern-und-Jugendlichen-1.jpg 894w, https:\/\/iuzb.de\/wp-content\/uploads\/2021\/05\/2021-05-04-Gesetz-zur-Staerkung-von-Kindern-und-Jugendlichen-1-450x60.jpg 450w, https:\/\/iuzb.de\/wp-content\/uploads\/2021\/05\/2021-05-04-Gesetz-zur-Staerkung-von-Kindern-und-Jugendlichen-1-330x44.jpg 330w, https:\/\/iuzb.de\/wp-content\/uploads\/2021\/05\/2021-05-04-Gesetz-zur-Staerkung-von-Kindern-und-Jugendlichen-1-768x102.jpg 768w\" sizes=\"auto, (max-width: 894px) 100vw, 894px\" \/><\/a><\/p>\n<p><a href=\"https:\/\/www.bundesrat.de\/drs.html?id=319-21\" target=\"_blank\" rel=\"noopener\">Bundesrat &#8211; Drucksache 319\/21<\/a> (Gesetzesbeschluss des Deutschen Bundestages):<\/p>\n<p><a href=\"https:\/\/www.bundesrat.de\/drs.html?id=319-21\"><img loading=\"lazy\" decoding=\"async\" class=\"alignnone size-full wp-image-34048\" src=\"https:\/\/iuzb.de\/wp-content\/uploads\/2021\/05\/2021-05-04-Gesetz-zur-Staerkung-von-Kindern-und-Jugendlichen-2.jpg\" alt=\"\" width=\"991\" height=\"335\" srcset=\"https:\/\/iuzb.de\/wp-content\/uploads\/2021\/05\/2021-05-04-Gesetz-zur-Staerkung-von-Kindern-und-Jugendlichen-2.jpg 991w, https:\/\/iuzb.de\/wp-content\/uploads\/2021\/05\/2021-05-04-Gesetz-zur-Staerkung-von-Kindern-und-Jugendlichen-2-450x152.jpg 450w, https:\/\/iuzb.de\/wp-content\/uploads\/2021\/05\/2021-05-04-Gesetz-zur-Staerkung-von-Kindern-und-Jugendlichen-2-330x112.jpg 330w, https:\/\/iuzb.de\/wp-content\/uploads\/2021\/05\/2021-05-04-Gesetz-zur-Staerkung-von-Kindern-und-Jugendlichen-2-768x260.jpg 768w\" sizes=\"auto, (max-width: 991px) 100vw, 991px\" \/><\/a><\/p>\n<p>Derzeit:<br \/>\nGesetz zur Kooperation und Information im Kinderschutz (KKG)<br \/>\n<a href=\"https:\/\/www.gesetze-im-internet.de\/kkg\/__4.html\" target=\"_blank\" rel=\"noopener\">\u00a7 4\u00a0Beratung und \u00dcbermittlung von Informationen durch Geheimnistr\u00e4ger bei Kindeswohlgef\u00e4hrdung<\/a><\/p>\n","protected":false},"excerpt":{"rendered":"<p>Bundesrat entscheidet \u00fcber Reform der Kinder- und Jugendhilfe Gesetz zur St\u00e4rkung von Kindern und Jugendlichen: Am 07. Mai 2021 stimmt der Bundesrat \u00fcber die vom Bundestag beschlossene Reform der Kinder- [&#8230;]<\/p>\n","protected":false},"author":13,"featured_media":0,"comment_status":"open","ping_status":"closed","sticky":false,"template":"","format":"standard","meta":{"ngg_post_thumbnail":0,"iawp_total_views":1,"footnotes":""},"categories":[68],"tags":[],"class_list":["post-34043","post","type-post","status-publish","format-standard","hentry","category-recht"],"_links":{"self":[{"href":"https:\/\/iuzb.de\/index.php?rest_route=\/wp\/v2\/posts\/34043","targetHints":{"allow":["GET"]}}],"collection":[{"href":"https:\/\/iuzb.de\/index.php?rest_route=\/wp\/v2\/posts"}],"about":[{"href":"https:\/\/iuzb.de\/index.php?rest_route=\/wp\/v2\/types\/post"}],"author":[{"embeddable":true,"href":"https:\/\/iuzb.de\/index.php?rest_route=\/wp\/v2\/users\/13"}],"replies":[{"embeddable":true,"href":"https:\/\/iuzb.de\/index.php?rest_route=%2Fwp%2Fv2%2Fcomments&post=34043"}],"version-history":[{"count":5,"href":"https:\/\/iuzb.de\/index.php?rest_route=\/wp\/v2\/posts\/34043\/revisions"}],"predecessor-version":[{"id":34050,"href":"https:\/\/iuzb.de\/index.php?rest_route=\/wp\/v2\/posts\/34043\/revisions\/34050"}],"wp:attachment":[{"href":"https:\/\/iuzb.de\/index.php?rest_route=%2Fwp%2Fv2%2Fmedia&parent=34043"}],"wp:term":[{"taxonomy":"category","embeddable":true,"href":"https:\/\/iuzb.de\/index.php?rest_route=%2Fwp%2Fv2%2Fcategories&post=34043"},{"taxonomy":"post_tag","embeddable":true,"href":"https:\/\/iuzb.de\/index.php?rest_route=%2Fwp%2Fv2%2Ftags&post=34043"}],"curies":[{"name":"wp","href":"https:\/\/api.w.org\/{rel}","templated":true}]}}