{"id":33948,"date":"2021-05-26T20:18:28","date_gmt":"2021-05-26T18:18:28","guid":{"rendered":"http:\/\/iuzb.de\/?p=33948"},"modified":"2021-10-31T19:05:23","modified_gmt":"2021-10-31T18:05:23","slug":"bzaek-neuwahl-des-geschaeftsfuehrenden-vorstands-der-bundeszahnaerztekammer-am-04-05-juni-2021","status":"publish","type":"post","link":"https:\/\/iuzb.de\/?p=33948","title":{"rendered":"04.06.2021: Neuwahl des Gesch\u00e4ftsf\u00fchrenden Vorstands der Bundeszahn\u00e4rztekammer (\u00f6ffentlich)"},"content":{"rendered":"<p style=\"text-align: justify;\"><strong>Wahl-Bundesversammlung der Bundeszahn\u00e4rztekammer<\/strong><\/p>\n<p style=\"text-align: justify;\">F\u00fcr den 04.\/05. Juni 2021 ist eine Au\u00dferordentliche Bundesversammlung als Pr\u00e4senzveranstaltung in Berlin geplant, auf der Tagesordnung steht die Neuwahl des Gesch\u00e4ftsf\u00fchrenden Vorstands der Bundeszahn\u00e4rztekammer.<\/p>\n<p>Quelle: <a href=\"https:\/\/www.bzaek.de\/service\/veranstaltungen\/deutscher-zahnaerztetag.html\" target=\"_blank\" rel=\"noopener\">Bundeszahn\u00e4rztekammer<\/a><\/p>\n<blockquote>\n<p style=\"text-align: justify;\"><a href=\"https:\/\/www.bzaek.de\/ueber-uns\/organisationsstruktur\/bundesversammlung.html\" target=\"_blank\" rel=\"noopener\"><strong>Bundesversammlung<\/strong><\/a><\/p>\n<p style=\"text-align: justify;\">Oberstes Beschlussorgan der Bundeszahn\u00e4rztekammer ist die Bundesversammlung. Sie besteht aus den Delegierten, die von den 17 Landeszahn\u00e4rztekammern entsandt werden.<\/p>\n<p style=\"text-align: justify;\">Die Bundesversammlung w\u00e4hlt f\u00fcr vier Jahre den Pr\u00e4sidenten und die zwei Vizepr\u00e4sidenten. Sie beschlie\u00dft den Haushalt und legt die Leitlinien der Berufs- und Standespolitik der Bundeszahn\u00e4rztekammer fest.<\/p>\n<p style=\"text-align: justify;\">Einmal j\u00e4hrlich findet im Herbst eine ordentliche Bundesversammlung statt.<br \/>\nJede Landeszahn\u00e4rztekammer entsendet f\u00fcr je 600 Zahn\u00e4rzte in ihrem Zust\u00e4ndigkeitsbereich einen Delegierten und f\u00fcr die Restzahl, sofern diese mehr als 300 betr\u00e4gt, einen weiteren Delegierten in die Bundesversammlung. Die Mindestzahl der Delegierten pro Kammer betr\u00e4gt zwei.<\/p>\n<p><span style=\"text-decoration: underline;\">Aufgaben und Befugnisse<\/span><\/p>\n<ul>\n<li>Wahl und Abberufung des Pr\u00e4sidenten und der beiden Vizepr\u00e4sidenten<\/li>\n<li>Entgegennahme der Rechenschaftsberichte sowie die Entlastung des Vorstandes<\/li>\n<li>Genehmigung des Verwaltungshaushaltes und der ordentlichen Mitgliedsbeitr\u00e4ge zur Finanzierung des Verwaltungshaushaltes<\/li>\n<li>Beschlu\u00dffassung \u00fcber Antr\u00e4ge<\/li>\n<li>Festlegung vorrangiger Ziele und Aufgaben der Bundeszahn\u00e4rztekammer<\/li>\n<li>Genehmigung von \u00c4nderungen der Verbandssatzung, f\u00fcr die eine<\/li>\n<li>Zweidrittelmehrheit aller gew\u00e4hlten Delegierten erforderlich ist<\/li>\n<li>Bestellung eines Rechnungspr\u00fcfungsausschusses<\/li>\n<li>Bestellung eines Finanzausschusses<\/li>\n<li>Beschlu\u00dffassung \u00fcber die Anlage und die Verwendung des Verm\u00f6gens der Bundeszahn\u00e4rztekammer<\/li>\n<\/ul>\n<p><a href=\"https:\/\/www.bzaek.de\/fileadmin\/PDFs\/b\/satzung_bzaek.pdf\" target=\"_blank\" rel=\"noopener\">Satzung<\/a> \u00a7 5<\/p><\/blockquote>\n<p><span style=\"text-decoration: underline;\"><strong>Vorl\u00e4ufige Tagesordnung<\/strong><\/span> <a href=\"https:\/\/www.bzaek.de\/fileadmin\/PDFs\/dzt21\/bv21_vorl.to.pdf\" target=\"_blank\" rel=\"noopener\"><span style=\"font-size: 8pt;\">(gefunden am 26.05.2021)<\/span><\/a><\/p>\n<p><img loading=\"lazy\" decoding=\"async\" class=\"alignnone size-full wp-image-34325\" src=\"https:\/\/iuzb.de\/wp-content\/uploads\/2021\/04\/2021-05-26-Tagesordnung-BV-BZAEK-vorlaeufig-01.jpg\" alt=\"\" width=\"617\" height=\"826\" srcset=\"https:\/\/iuzb.de\/wp-content\/uploads\/2021\/04\/2021-05-26-Tagesordnung-BV-BZAEK-vorlaeufig-01.jpg 617w, https:\/\/iuzb.de\/wp-content\/uploads\/2021\/04\/2021-05-26-Tagesordnung-BV-BZAEK-vorlaeufig-01-224x300.jpg 224w, https:\/\/iuzb.de\/wp-content\/uploads\/2021\/04\/2021-05-26-Tagesordnung-BV-BZAEK-vorlaeufig-01-90x120.jpg 90w\" sizes=\"auto, (max-width: 617px) 100vw, 617px\" \/><\/p>\n<p><img loading=\"lazy\" decoding=\"async\" class=\"alignnone size-full wp-image-34326\" src=\"https:\/\/iuzb.de\/wp-content\/uploads\/2021\/04\/2021-05-26-Tagesordnung-vorlaeufig-BV-BZAEK-02.jpg\" alt=\"\" width=\"616\" height=\"640\" srcset=\"https:\/\/iuzb.de\/wp-content\/uploads\/2021\/04\/2021-05-26-Tagesordnung-vorlaeufig-BV-BZAEK-02.jpg 616w, https:\/\/iuzb.de\/wp-content\/uploads\/2021\/04\/2021-05-26-Tagesordnung-vorlaeufig-BV-BZAEK-02-289x300.jpg 289w, https:\/\/iuzb.de\/wp-content\/uploads\/2021\/04\/2021-05-26-Tagesordnung-vorlaeufig-BV-BZAEK-02-116x120.jpg 116w\" sizes=\"auto, (max-width: 616px) 100vw, 616px\" \/><\/p>\n<p><a href=\"https:\/\/www.bzaek.de\/ueber-uns\/organisationsstruktur.html\" target=\"_blank\" rel=\"noopener\">Satzung<\/a> der Bundeszahn\u00e4rztekammer e.V.:<\/p>\n<blockquote>\n<p style=\"text-align: justify;\"><a href=\"https:\/\/www.bzaek.de\/fileadmin\/PDFs\/b\/satzung_bzaek.pdf\" target=\"_blank\" rel=\"noopener\">\u00a7 5 Bundesversammlung<\/a><\/p>\n<p style=\"text-align: justify;\">9. <strong>Die Bundesversammlung tagt grunds\u00e4tzlich \u00f6ffentlich.<\/strong> Die \u00d6ffentlichkeit kann durch Beschluss der Bundesversammlung ausgeschlossen werden.<\/p>\n<p style=\"text-align: justify;\">11. <strong>\u00dcber den Ablauf der Bundesversammlung und die von ihr gefassten Beschl\u00fcsse ist ein Wortprotokoll zu fertigen<\/strong> und von dem Vorsitzenden zu unterzeichnen. Die Nieder-schrift wird den Mitgliedern und deren Delegierten innerhalb von sechs Wochen in digitaler Form zur Verf\u00fcgung gestellt und gilt als genehmigt, wenn nicht innerhalb eines Monats nach Zugang Einspruch bei der Bundeszahn\u00e4rztekammer eingelegt wird. \u00dcber Einspr\u00fcche oder Korrekturw\u00fcnsche entscheidet der Vorsitzende, in Zweifelsf\u00e4llen die n\u00e4chstfolgende Bundesversammlung.<\/p>\n<\/blockquote>\n","protected":false},"excerpt":{"rendered":"<p>Wahl-Bundesversammlung der Bundeszahn\u00e4rztekammer F\u00fcr den 04.\/05. Juni 2021 ist eine Au\u00dferordentliche Bundesversammlung als Pr\u00e4senzveranstaltung in Berlin geplant, auf der Tagesordnung steht die Neuwahl des Gesch\u00e4ftsf\u00fchrenden Vorstands der Bundeszahn\u00e4rztekammer. Quelle: Bundeszahn\u00e4rztekammer [&#8230;]<\/p>\n","protected":false},"author":13,"featured_media":33267,"comment_status":"open","ping_status":"closed","sticky":false,"template":"","format":"standard","meta":{"ngg_post_thumbnail":0,"iawp_total_views":1,"footnotes":""},"categories":[305,121],"tags":[],"class_list":["post-33948","post","type-post","status-publish","format-standard","has-post-thumbnail","hentry","category-bundesversammlung","category-bzaek"],"_links":{"self":[{"href":"https:\/\/iuzb.de\/index.php?rest_route=\/wp\/v2\/posts\/33948","targetHints":{"allow":["GET"]}}],"collection":[{"href":"https:\/\/iuzb.de\/index.php?rest_route=\/wp\/v2\/posts"}],"about":[{"href":"https:\/\/iuzb.de\/index.php?rest_route=\/wp\/v2\/types\/post"}],"author":[{"embeddable":true,"href":"https:\/\/iuzb.de\/index.php?rest_route=\/wp\/v2\/users\/13"}],"replies":[{"embeddable":true,"href":"https:\/\/iuzb.de\/index.php?rest_route=%2Fwp%2Fv2%2Fcomments&post=33948"}],"version-history":[{"count":15,"href":"https:\/\/iuzb.de\/index.php?rest_route=\/wp\/v2\/posts\/33948\/revisions"}],"predecessor-version":[{"id":34347,"href":"https:\/\/iuzb.de\/index.php?rest_route=\/wp\/v2\/posts\/33948\/revisions\/34347"}],"wp:featuredmedia":[{"embeddable":true,"href":"https:\/\/iuzb.de\/index.php?rest_route=\/wp\/v2\/media\/33267"}],"wp:attachment":[{"href":"https:\/\/iuzb.de\/index.php?rest_route=%2Fwp%2Fv2%2Fmedia&parent=33948"}],"wp:term":[{"taxonomy":"category","embeddable":true,"href":"https:\/\/iuzb.de\/index.php?rest_route=%2Fwp%2Fv2%2Fcategories&post=33948"},{"taxonomy":"post_tag","embeddable":true,"href":"https:\/\/iuzb.de\/index.php?rest_route=%2Fwp%2Fv2%2Ftags&post=33948"}],"curies":[{"name":"wp","href":"https:\/\/api.w.org\/{rel}","templated":true}]}}