{"id":33882,"date":"2021-04-16T17:17:58","date_gmt":"2021-04-16T15:17:58","guid":{"rendered":"http:\/\/iuzb.de\/?p=33882"},"modified":"2021-04-17T10:06:13","modified_gmt":"2021-04-17T08:06:13","slug":"gesetz-zur-mietenbegrenzung-im-wohnungswesen-in-berlin-berliner-mietendeckel-nichtig","status":"publish","type":"post","link":"https:\/\/iuzb.de\/?p=33882","title":{"rendered":"Randnotiz: Gesetz zur Mietenbegrenzung im Wohnungswesen in Berlin (\u201eBerliner Mietendeckel\u201c) nichtig&#8230;"},"content":{"rendered":"<p style=\"text-align: justify;\">&#8230;so hat das Bundesverfassungsgericht gestern beschlossen: <a href=\"https:\/\/www.bundesverfassungsgericht.de\/SharedDocs\/Pressemitteilungen\/DE\/2021\/bvg21-028.html\" target=\"_blank\" rel=\"noopener\">Pressemitteilung<\/a> \/ <a href=\"https:\/\/www.bundesverfassungsgericht.de\/SharedDocs\/Entscheidungen\/DE\/2021\/03\/fs20210325_2bvf000120.html\" target=\"_blank\" rel=\"noopener\">Beschluss<\/a>.<\/p>\n<p style=\"text-align: justify;\">Ich m\u00f6chte einen Punkt herausziehen:<\/p>\n<p style=\"text-align: justify;\">Randnummer 139:<\/p>\n<blockquote>\n<p style=\"text-align: justify;\">Der (Bundes-)Gesetzgeber ist nicht daran gehindert, die Materie des b\u00fcrgerlichen Rechts im Sinne von <a href=\"https:\/\/dejure.org\/gesetze\/GG\/74.html\" target=\"_blank\" rel=\"noopener\">Art. 74 Abs. 1 Nr. 1 GG<\/a> innerhalb der gegenst\u00e4ndlichen Grenzen fortzuentwickeln [&#8230;]. Der Begriff des b\u00fcrgerlichen Rechts wurde von jeher als entwicklungsoffen angesehen und erlaubt es dem (Bundes-)Gesetzgeber, die damit erfassten Teilmaterien spezieller auszuformen und in aus dem B\u00fcrgerlichen Gesetzbuch ausgegliederten Sondergesetzen fortzuentwickeln, um spezifische Regelungen f\u00fcr die Bew\u00e4ltigung neuartiger Probleme bei der Ordnung von Privatrechtsverh\u00e4ltnissen zu schaffen [&#8230;]. <strong>Der Gesetzgeber kann insbesondere mit der entsprechenden Ausgestaltung des b\u00fcrgerlichen Rechts soziale und andere Ziele verfolgen<\/strong>, indem er f\u00fcr die Vertragsgestaltung Vorgaben macht und ihre Beachtung und Durchsetzung sichert.<\/p>\n<\/blockquote>\n<p style=\"text-align: justify;\">Dies er\u00f6ffnet f\u00fcr den Gesetzgeber Handlungsspielraum eben doch gesetzliche Mietpreisbindungen einzuf\u00fchren. Und mehr! Ich denke da, zum Beispiel, an den Komplex &#8222;Eigenbedarf&#8220;. Nur eben direkt oder vorgeschaltet \u00fcber den Bund und nicht die L\u00e4nder.<\/p>\n<p style=\"text-align: justify;\">Ob freilich die Mitglieder des Deutschen Bundestages, die ja vornehmlich zu den &#8222;Besserverdienenden&#8220; geh\u00f6ren und zu einem Gro\u00dfteil Selbstst\u00e4ndige oder Freiberufler sind (das Problem mit den &#8222;Rechtsanw\u00e4lten&#8220; trat ja k\u00fcrzlich wieder einmal offen zutage), an solchen Regelungen ein Interesse haben, ist nat\u00fcrlich eine andere Frage. Dies zeigt sich ja auch daran, dass hinter dem Normenkontrollantrag gegen den Berliner Mietendeckel <a href=\"https:\/\/www.lto.de\/recht\/hintergruende\/h\/cdu-csu-fdp-klage-gegen-berliner-mietendeckel-bundesverfassungsgericht-normenkontrollantrag\/\" target=\"_blank\" rel=\"noopener\">284 Bundestagsabgeordnete der FDP und der CDU\/CSU<\/a> (<a href=\"https:\/\/de.wikipedia.org\/wiki\/19._Deutscher_Bundestag\" target=\"_blank\" rel=\"noopener\">von 325<\/a>) standen. Bestimmt nicht wenige von denen oder ihrem famili\u00e4ren oder wirtschaftlichen Umfeld d\u00fcrften wohl selber Vermieter sein. Au\u00dferdem werden genau diese Parteien auch aus der Immobilienwirtschaft finanziell <a href=\"https:\/\/www.tagesspiegel.de\/politik\/die-grossspender-der-parteien-1-25-millionen-euro-aus-der-immobilienbranche-fuer-die-cdu\/26787686.html\" target=\"_blank\" rel=\"noopener\">unterst\u00fctzt<\/a>.<\/p>\n<p><span style=\"text-decoration: underline;\">Lesenswert:<\/span><\/p>\n<ul>\n<li><a href=\"https:\/\/verfassungsblog.de\/das-private-ist-politisch\/\" target=\"_blank\" rel=\"noopener\">Verfassungsblog<\/a>: Das Private ist politisch \/ Warum das Mietendeckelurteil eine gute Nachricht f\u00fcr ein progressives Privatrecht ist <em>von Jan-Erik Schirmer<\/em><\/li>\n<li><a href=\"https:\/\/verfassungsblog.de\/zur-nichtigkeit-des-berliner-mietendeckels\/\" target=\"_blank\" rel=\"noopener\">Verfassungsblog<\/a>: Zur Nichtigkeit des Berliner Mietendeckels \/ Erste Anmerkungen zu einem eklatanten Fehlurteil <em>von Tim Wihl<\/em><\/li>\n<li><a href=\"https:\/\/verfassungsblog.de\/kein-anlass-zur-schonung\/\" target=\"_blank\" rel=\"noopener\">Verfassungsblog<\/a>: Kein Anlass zur Schonung <em>von Maximilian Steinbeis<\/em><\/li>\n<li><a href=\"https:\/\/www.lto.de\/recht\/hintergruende\/h\/bverfg-2bvf120-2bvl420-2bvl520-berliner-mietendeckel-verfassungswidrig-nichtig-land-bund-kompetenz-entscheidung-einstimmig\/\" target=\"_blank\" rel=\"noopener\">LTO<\/a>: Ein &#8222;Mie\u00adten\u00adde\u00adckel&#8220; ist ein Fall f\u00fcr den Bund<\/li>\n<\/ul>\n<p>U. G.<\/p>\n","protected":false},"excerpt":{"rendered":"<p>&#8230;so hat das Bundesverfassungsgericht gestern beschlossen: Pressemitteilung \/ Beschluss. Ich m\u00f6chte einen Punkt herausziehen: Randnummer 139: Der (Bundes-)Gesetzgeber ist nicht daran gehindert, die Materie des b\u00fcrgerlichen Rechts im Sinne von [&#8230;]<\/p>\n","protected":false},"author":13,"featured_media":0,"comment_status":"open","ping_status":"closed","sticky":false,"template":"","format":"standard","meta":{"ngg_post_thumbnail":0,"iawp_total_views":1,"footnotes":""},"categories":[169,68],"tags":[],"class_list":["post-33882","post","type-post","status-publish","format-standard","hentry","category-bverfg","category-recht"],"_links":{"self":[{"href":"https:\/\/iuzb.de\/index.php?rest_route=\/wp\/v2\/posts\/33882","targetHints":{"allow":["GET"]}}],"collection":[{"href":"https:\/\/iuzb.de\/index.php?rest_route=\/wp\/v2\/posts"}],"about":[{"href":"https:\/\/iuzb.de\/index.php?rest_route=\/wp\/v2\/types\/post"}],"author":[{"embeddable":true,"href":"https:\/\/iuzb.de\/index.php?rest_route=\/wp\/v2\/users\/13"}],"replies":[{"embeddable":true,"href":"https:\/\/iuzb.de\/index.php?rest_route=%2Fwp%2Fv2%2Fcomments&post=33882"}],"version-history":[{"count":18,"href":"https:\/\/iuzb.de\/index.php?rest_route=\/wp\/v2\/posts\/33882\/revisions"}],"predecessor-version":[{"id":33901,"href":"https:\/\/iuzb.de\/index.php?rest_route=\/wp\/v2\/posts\/33882\/revisions\/33901"}],"wp:attachment":[{"href":"https:\/\/iuzb.de\/index.php?rest_route=%2Fwp%2Fv2%2Fmedia&parent=33882"}],"wp:term":[{"taxonomy":"category","embeddable":true,"href":"https:\/\/iuzb.de\/index.php?rest_route=%2Fwp%2Fv2%2Fcategories&post=33882"},{"taxonomy":"post_tag","embeddable":true,"href":"https:\/\/iuzb.de\/index.php?rest_route=%2Fwp%2Fv2%2Ftags&post=33882"}],"curies":[{"name":"wp","href":"https:\/\/api.w.org\/{rel}","templated":true}]}}