{"id":33677,"date":"2021-06-14T13:35:34","date_gmt":"2021-06-14T11:35:34","guid":{"rendered":"http:\/\/iuzb.de\/?p=33677"},"modified":"2021-06-15T23:04:20","modified_gmt":"2021-06-15T21:04:20","slug":"14-06-2021-einladung-zur-vertreterversammlung-der-kzv-berlin","status":"publish","type":"post","link":"https:\/\/iuzb.de\/?p=33677","title":{"rendered":"14.06.2021: Einladung zur Vertreterversammlung der KZV Berlin"},"content":{"rendered":"<p><a href=\"https:\/\/iuzb.de\/wp-content\/uploads\/2021\/06\/2021-06-14-Einladung-KZV-VV.jpg\" target=\"_blank\" rel=\"noopener\"><img loading=\"lazy\" decoding=\"async\" class=\"alignnone size-full wp-image-34508\" src=\"https:\/\/iuzb.de\/wp-content\/uploads\/2021\/06\/2021-06-14-Einladung-KZV-VV.jpg\" alt=\"\" width=\"854\" height=\"332\" srcset=\"https:\/\/iuzb.de\/wp-content\/uploads\/2021\/06\/2021-06-14-Einladung-KZV-VV.jpg 854w, https:\/\/iuzb.de\/wp-content\/uploads\/2021\/06\/2021-06-14-Einladung-KZV-VV-450x175.jpg 450w, https:\/\/iuzb.de\/wp-content\/uploads\/2021\/06\/2021-06-14-Einladung-KZV-VV-309x120.jpg 309w, https:\/\/iuzb.de\/wp-content\/uploads\/2021\/06\/2021-06-14-Einladung-KZV-VV-768x299.jpg 768w\" sizes=\"auto, (max-width: 854px) 100vw, 854px\" \/><\/a><\/p>\n<p><a href=\"https:\/\/www.kzv-berlin.de\/fileadmin\/user_upload\/KZV_Berlin\/1_Vertreterversammlung\/Tagesordnung_14.06.2021.pdf\" target=\"_blank\" rel=\"noopener\">Tagesordnung<\/a><\/p>\n<table style=\"border-collapse: collapse; width: 100%; height: 240px;\">\n<tbody>\n<tr style=\"height: 24px;\">\n<td style=\"width: 13.2857%; text-align: left; vertical-align: top; height: 24px;\">TOP 1<\/td>\n<td style=\"width: 86.7143%; text-align: left; vertical-align: top; height: 24px;\">Begr\u00fc\u00dfung, Feststellung der Anwesenheit, Totenehrung<\/td>\n<\/tr>\n<tr style=\"height: 24px;\">\n<td style=\"width: 13.2857%; text-align: left; vertical-align: top; height: 24px;\">TOP 2<\/td>\n<td style=\"width: 86.7143%; text-align: left; vertical-align: top; height: 24px;\">Protokoll der VV vom 07.12.2020<\/td>\n<\/tr>\n<tr style=\"height: 24px;\">\n<td style=\"width: 13.2857%; text-align: left; vertical-align: top; height: 24px;\">TOP 3<\/td>\n<td style=\"width: 86.7143%; text-align: left; vertical-align: top; height: 24px;\">Bericht des Vorsitzenden der VV<\/td>\n<\/tr>\n<tr style=\"height: 24px;\">\n<td style=\"width: 13.2857%; text-align: left; vertical-align: top; height: 24px;\">TOP 4<\/td>\n<td style=\"width: 86.7143%; text-align: left; vertical-align: top; height: 24px;\">Bericht(e) aus den Aussch\u00fcssen<\/td>\n<\/tr>\n<tr style=\"height: 24px;\">\n<td style=\"width: 13.2857%; text-align: left; vertical-align: top; height: 24px;\">TOP 5<\/td>\n<td style=\"width: 86.7143%; text-align: left; vertical-align: top; height: 24px;\">Bericht des Vorstandes<\/td>\n<\/tr>\n<tr style=\"height: 24px;\">\n<td style=\"width: 13.2857%; text-align: left; vertical-align: top; height: 24px;\">TOP 6<\/td>\n<td style=\"width: 86.7143%; text-align: left; vertical-align: top; height: 24px;\">Fragestunde<\/td>\n<\/tr>\n<tr style=\"height: 24px;\">\n<td style=\"width: 13.2857%; text-align: left; vertical-align: top; height: 24px;\">TOP 7<\/td>\n<td style=\"width: 86.7143%; text-align: left; vertical-align: top; height: 24px;\">Antr\u00e4ge<br \/>\n&#8211; Folgeantr\u00e4ge des Vorstandes<br \/>\n1. Erlass der Verwaltungskosten \u00fcber abgerechnete Leistungen f\u00fcr den Humanistischen Landesverband Berlin-Brandenburg (HVD) -8744-, unter der verantwortlichen Leitung der Zahn\u00e4rztin Monika Zahn f\u00fcr die Zeit ab 01.07.2021 bis 30.06.2023 \u2013 gem\u00e4\u00df Beschluss des Zulassungsausschusses. (Anlage 1)<br \/>\n2. Erlass der Verwaltungskosten \u00fcber abgerechnete Leistungen f\u00fcr die Praxis GEBEWO pro gGmbH, unter der verantwortlichen Leitung der Zahn\u00e4rztin Dr. Ilona Kalage -8746- f\u00fcr die Zeit vom 01.10.2021 bis 30.09.2023 &#8211; gem\u00e4\u00df Beschluss des Zulassungsausschusses. (Anlage 2)<\/td>\n<\/tr>\n<tr style=\"height: 24px;\">\n<td style=\"width: 13.2857%; text-align: left; vertical-align: top; height: 24px;\">TOP 8<\/td>\n<td style=\"width: 86.7143%; text-align: left; vertical-align: top; height: 24px;\">Wahl der Mitglieder f\u00fcr den Wahlausschuss 2022 (Anlage 3)<\/td>\n<\/tr>\n<tr style=\"height: 24px;\">\n<td style=\"width: 13.2857%; text-align: left; vertical-align: top; height: 24px;\">TOP 9<\/td>\n<td style=\"width: 86.7143%; text-align: left; vertical-align: top; height: 24px;\">Satzungs\u00e4nderungen der KZV Berlin (Anlage 4)<br \/>\na. Satzung (Anlage 5)<br \/>\nb. Wahlordnung (Anlage 6)<br \/>\nc. Disziplinarordnung (Anlage 7)<\/td>\n<\/tr>\n<tr style=\"height: 24px;\">\n<td style=\"width: 13.2857%; text-align: left; vertical-align: top; height: 24px;\">TOP 10<\/td>\n<td style=\"width: 86.7143%; text-align: left; vertical-align: top; height: 24px;\">Verschiedenes<\/td>\n<\/tr>\n<\/tbody>\n<\/table>\n","protected":false},"excerpt":{"rendered":"<p>Tagesordnung TOP 1 Begr\u00fc\u00dfung, Feststellung der Anwesenheit, Totenehrung TOP 2 Protokoll der VV vom 07.12.2020 TOP 3 Bericht des Vorsitzenden der VV TOP 4 Bericht(e) aus den Aussch\u00fcssen TOP 5 [&#8230;]<\/p>\n","protected":false},"author":13,"featured_media":33267,"comment_status":"open","ping_status":"closed","sticky":false,"template":"","format":"standard","meta":{"ngg_post_thumbnail":0,"iawp_total_views":0,"footnotes":""},"categories":[45,276,97],"tags":[],"class_list":["post-33677","post","type-post","status-publish","format-standard","has-post-thumbnail","hentry","category-kzv-berlin","category-kzv-wahl-2022","category-vertreterversammlung-kzv-berlin"],"_links":{"self":[{"href":"https:\/\/iuzb.de\/index.php?rest_route=\/wp\/v2\/posts\/33677","targetHints":{"allow":["GET"]}}],"collection":[{"href":"https:\/\/iuzb.de\/index.php?rest_route=\/wp\/v2\/posts"}],"about":[{"href":"https:\/\/iuzb.de\/index.php?rest_route=\/wp\/v2\/types\/post"}],"author":[{"embeddable":true,"href":"https:\/\/iuzb.de\/index.php?rest_route=\/wp\/v2\/users\/13"}],"replies":[{"embeddable":true,"href":"https:\/\/iuzb.de\/index.php?rest_route=%2Fwp%2Fv2%2Fcomments&post=33677"}],"version-history":[{"count":9,"href":"https:\/\/iuzb.de\/index.php?rest_route=\/wp\/v2\/posts\/33677\/revisions"}],"predecessor-version":[{"id":34512,"href":"https:\/\/iuzb.de\/index.php?rest_route=\/wp\/v2\/posts\/33677\/revisions\/34512"}],"wp:featuredmedia":[{"embeddable":true,"href":"https:\/\/iuzb.de\/index.php?rest_route=\/wp\/v2\/media\/33267"}],"wp:attachment":[{"href":"https:\/\/iuzb.de\/index.php?rest_route=%2Fwp%2Fv2%2Fmedia&parent=33677"}],"wp:term":[{"taxonomy":"category","embeddable":true,"href":"https:\/\/iuzb.de\/index.php?rest_route=%2Fwp%2Fv2%2Fcategories&post=33677"},{"taxonomy":"post_tag","embeddable":true,"href":"https:\/\/iuzb.de\/index.php?rest_route=%2Fwp%2Fv2%2Ftags&post=33677"}],"curies":[{"name":"wp","href":"https:\/\/api.w.org\/{rel}","templated":true}]}}