{"id":33626,"date":"2021-03-28T00:04:37","date_gmt":"2021-03-27T23:04:37","guid":{"rendered":"http:\/\/iuzb.de\/?p=33626"},"modified":"2021-03-28T00:16:05","modified_gmt":"2021-03-27T23:16:05","slug":"heute-ist-der-ehrentag-der-verachteten","status":"publish","type":"post","link":"https:\/\/iuzb.de\/?p=33626","title":{"rendered":"Heute ist der Ehrentag der Verachteten:"},"content":{"rendered":"<p><a href=\"https:\/\/www.google.com\/search?q=Ehrentag+des+Unkrauts&amp;client=firefox-b-d&amp;source=lnms&amp;tbm=nws&amp;sa=X&amp;ved=2ahUKEwjB57OczdHvAhUCPuwKHUxaDyU4ChD8BSgCegQIARAE&amp;biw=1680&amp;bih=889\" target=\"_blank\" rel=\"noopener\">&#8222;Unkraut&#8220;.<\/a><\/p>\n<p>&nbsp;<\/p>\n<p>Hier im Sommer 2017 am <a href=\"http:\/\/forst-grunewald.de\/?page_id=11073\" target=\"_blank\" rel=\"noopener\">Karolingerplatz<\/a> in Westend am Stra\u00dfenrand, kurz vor der Vernichtung.<\/p>\n<p><a href=\"http:\/\/forst-grunewald.de\/wp-content\/gallery\/karolingerplatz\/2017-08-20-dsc02419-klein.jpg\"><img loading=\"lazy\" decoding=\"async\" class=\"alignnone size-full wp-image-33635\" src=\"https:\/\/iuzb.de\/wp-content\/uploads\/2021\/03\/2017-08-20-dsc02419-klein.jpg\" alt=\"\" width=\"1600\" height=\"1200\" srcset=\"https:\/\/iuzb.de\/wp-content\/uploads\/2021\/03\/2017-08-20-dsc02419-klein.jpg 1600w, https:\/\/iuzb.de\/wp-content\/uploads\/2021\/03\/2017-08-20-dsc02419-klein-400x300.jpg 400w, https:\/\/iuzb.de\/wp-content\/uploads\/2021\/03\/2017-08-20-dsc02419-klein-160x120.jpg 160w, https:\/\/iuzb.de\/wp-content\/uploads\/2021\/03\/2017-08-20-dsc02419-klein-768x576.jpg 768w, https:\/\/iuzb.de\/wp-content\/uploads\/2021\/03\/2017-08-20-dsc02419-klein-1536x1152.jpg 1536w\" sizes=\"auto, (max-width: 1600px) 100vw, 1600px\" \/><\/a><\/p>\n<p><span class=\"ILfuVd\"><span class=\"hgKElc\">Der <b>Ehrentag des Unkrauts<\/b> findet j\u00e4hrlich am 28. M\u00e4rz statt. Der <b>Ehrentag des Unkrauts<\/b> wurde 2003 von US-amerikanischen Garten-Bloggern ins Leben gerufen<\/span><\/span>.<\/p>\n","protected":false},"excerpt":{"rendered":"<p>&#8222;Unkraut&#8220;. &nbsp; Hier im Sommer 2017 am Karolingerplatz in Westend am Stra\u00dfenrand, kurz vor der Vernichtung. Der Ehrentag des Unkrauts findet j\u00e4hrlich am 28. M\u00e4rz statt. Der Ehrentag des Unkrauts [&#8230;]<\/p>\n","protected":false},"author":13,"featured_media":0,"comment_status":"open","ping_status":"closed","sticky":false,"template":"","format":"standard","meta":{"ngg_post_thumbnail":0,"iawp_total_views":1,"footnotes":""},"categories":[1],"tags":[],"class_list":["post-33626","post","type-post","status-publish","format-standard","hentry","category-allgemein"],"_links":{"self":[{"href":"https:\/\/iuzb.de\/index.php?rest_route=\/wp\/v2\/posts\/33626","targetHints":{"allow":["GET"]}}],"collection":[{"href":"https:\/\/iuzb.de\/index.php?rest_route=\/wp\/v2\/posts"}],"about":[{"href":"https:\/\/iuzb.de\/index.php?rest_route=\/wp\/v2\/types\/post"}],"author":[{"embeddable":true,"href":"https:\/\/iuzb.de\/index.php?rest_route=\/wp\/v2\/users\/13"}],"replies":[{"embeddable":true,"href":"https:\/\/iuzb.de\/index.php?rest_route=%2Fwp%2Fv2%2Fcomments&post=33626"}],"version-history":[{"count":10,"href":"https:\/\/iuzb.de\/index.php?rest_route=\/wp\/v2\/posts\/33626\/revisions"}],"predecessor-version":[{"id":33638,"href":"https:\/\/iuzb.de\/index.php?rest_route=\/wp\/v2\/posts\/33626\/revisions\/33638"}],"wp:attachment":[{"href":"https:\/\/iuzb.de\/index.php?rest_route=%2Fwp%2Fv2%2Fmedia&parent=33626"}],"wp:term":[{"taxonomy":"category","embeddable":true,"href":"https:\/\/iuzb.de\/index.php?rest_route=%2Fwp%2Fv2%2Fcategories&post=33626"},{"taxonomy":"post_tag","embeddable":true,"href":"https:\/\/iuzb.de\/index.php?rest_route=%2Fwp%2Fv2%2Ftags&post=33626"}],"curies":[{"name":"wp","href":"https:\/\/api.w.org\/{rel}","templated":true}]}}