{"id":33430,"date":"2021-03-18T00:27:44","date_gmt":"2021-03-17T23:27:44","guid":{"rendered":"http:\/\/iuzb.de\/?p=33430"},"modified":"2021-03-18T00:27:44","modified_gmt":"2021-03-17T23:27:44","slug":"ovg-in-berlin-geltende-maskenpflicht-im-freien-weitgehend-bestaetigt","status":"publish","type":"post","link":"https:\/\/iuzb.de\/?p=33430","title":{"rendered":"OVG: In Berlin geltende Maskenpflicht im Freien weitgehend best\u00e4tigt"},"content":{"rendered":"<p style=\"text-align: justify;\">Das Oberverwaltungsgericht Berlin-Brandenburg hat einen Beschluss des Verwaltungsgerichts Berlin best\u00e4tigt, wonach die Pflicht zum Tragen einer Mund-Nasen-Bedeckung im Freien im Berliner Stadtgebiet sowohl auf M\u00e4rkten als auch in Warteschlangen nicht unverh\u00e4ltnism\u00e4\u00dfig ist. Ebensowenig sei die Maskenpflicht auf den in der Anlage zur Zweiten SARS-CoV-2-Infektionsschutzma\u00dfnahmenverordnung des Landes Berlin genannten Stra\u00dfen und Pl\u00e4tzen f\u00fcr die Tagzeit zu beanstanden. Anders als das Verwaltungsgericht hat das Oberverwaltungsgericht es jedoch nicht f\u00fcr erforderlich gehalten, dort zwischen 24.00 Uhr und 06.00 Uhr sowie ganzt\u00e4gig auf Parkpl\u00e4tzen eine Mund-Nasen-Bedeckung zu tragen. Diese Entscheidung gilt nur f\u00fcr die Antragstellerin.<\/p>\n<p style=\"text-align: justify;\">Zur Begr\u00fcndung hat der 1. Senat ausgef\u00fchrt: Bei Menschenansammlungen auf M\u00e4rkten und in Warteschlangen dr\u00e4nge sich geradezu auf, dass der Mindestabstand trotz gegebenenfalls bestehender Bodenmarkierungen nicht immer zuverl\u00e4ssig eingehalten werden k\u00f6nne, auch wenn das Infektionsrisiko im Freien geringer einzusch\u00e4tzen sei als in geschlossenen R\u00e4umen. Demgegen\u00fcber \u00fcberzeuge dies f\u00fcr die Situation auf Parkpl\u00e4tzen nicht. Dort hielten Menschen sich in der Regel nur kurzzeitig zum Ein- und Aussteigen und f\u00fcr Ladet\u00e4tigkeiten auf und k\u00f6nnten f\u00fcr gew\u00f6hnlich den Mindestabstand zueinander einhalten. Soweit Ann\u00e4herungen in Warteschlangen vor Parkautomaten entstehen k\u00f6nnten, greife bereits die insoweit bestehende Verpflichtung zum Tragen einer Mund-Nasen-Bedeckung. Ebenso wenig sei die zeitlich unbegrenzte Maskenpflicht auf den ausdr\u00fccklich benannten belebten Stra\u00dfen und Pl\u00e4tzen erforderlich. Zwar sei nachvollziehbar, dass sich dort zur Tagzeit und auch noch w\u00e4hrend der Abendstunden viele Menschen begegnen k\u00f6nnten, so dass der Mindestabstand in diesen Bereichen nicht selten unterschritten werden d\u00fcrfte. Doch erscheine dies jedenfalls ab Mitternacht und bis zum Beginn des fr\u00fchmorgendlichen Gesch\u00e4ftsverkehrs eher ausgeschlossen. Deshalb sei die Verpflichtung f\u00fcr diesen Zeitraum aufzuheben.<\/p>\n<p style=\"text-align: justify;\">Der Beschluss ist unanfechtbar.<\/p>\n<p>Quelle: Oberverwaltungsgericht Berlin-Brandenburg, <a href=\"https:\/\/www.berlin.de\/gerichte\/oberverwaltungsgericht\/presse\/pressemitteilungen\/2021\/pressemitteilung.1066023.php\" target=\"_blank\" rel=\"noopener\">Pressemitteilung vom 17.03.2021<\/a><\/p>\n","protected":false},"excerpt":{"rendered":"<p>Das Oberverwaltungsgericht Berlin-Brandenburg hat einen Beschluss des Verwaltungsgerichts Berlin best\u00e4tigt, wonach die Pflicht zum Tragen einer Mund-Nasen-Bedeckung im Freien im Berliner Stadtgebiet sowohl auf M\u00e4rkten als auch in Warteschlangen nicht [&#8230;]<\/p>\n","protected":false},"author":13,"featured_media":0,"comment_status":"open","ping_status":"closed","sticky":false,"template":"","format":"standard","meta":{"ngg_post_thumbnail":0,"iawp_total_views":0,"footnotes":""},"categories":[265,68],"tags":[],"class_list":["post-33430","post","type-post","status-publish","format-standard","hentry","category-corona","category-recht"],"_links":{"self":[{"href":"https:\/\/iuzb.de\/index.php?rest_route=\/wp\/v2\/posts\/33430","targetHints":{"allow":["GET"]}}],"collection":[{"href":"https:\/\/iuzb.de\/index.php?rest_route=\/wp\/v2\/posts"}],"about":[{"href":"https:\/\/iuzb.de\/index.php?rest_route=\/wp\/v2\/types\/post"}],"author":[{"embeddable":true,"href":"https:\/\/iuzb.de\/index.php?rest_route=\/wp\/v2\/users\/13"}],"replies":[{"embeddable":true,"href":"https:\/\/iuzb.de\/index.php?rest_route=%2Fwp%2Fv2%2Fcomments&post=33430"}],"version-history":[{"count":1,"href":"https:\/\/iuzb.de\/index.php?rest_route=\/wp\/v2\/posts\/33430\/revisions"}],"predecessor-version":[{"id":33431,"href":"https:\/\/iuzb.de\/index.php?rest_route=\/wp\/v2\/posts\/33430\/revisions\/33431"}],"wp:attachment":[{"href":"https:\/\/iuzb.de\/index.php?rest_route=%2Fwp%2Fv2%2Fmedia&parent=33430"}],"wp:term":[{"taxonomy":"category","embeddable":true,"href":"https:\/\/iuzb.de\/index.php?rest_route=%2Fwp%2Fv2%2Fcategories&post=33430"},{"taxonomy":"post_tag","embeddable":true,"href":"https:\/\/iuzb.de\/index.php?rest_route=%2Fwp%2Fv2%2Ftags&post=33430"}],"curies":[{"name":"wp","href":"https:\/\/api.w.org\/{rel}","templated":true}]}}