{"id":33427,"date":"2021-03-17T17:59:05","date_gmt":"2021-03-17T16:59:05","guid":{"rendered":"http:\/\/iuzb.de\/?p=33427"},"modified":"2021-05-08T14:50:12","modified_gmt":"2021-05-08T12:50:12","slug":"18-03-2021-live-ticker-aus-der-2-ordentlichen-delegiertenversammlung-18-03-2021-live-ticker-aus-der","status":"publish","type":"post","link":"https:\/\/iuzb.de\/?p=33427","title":{"rendered":"&#8230;18.03.2021 &#8230; Live Ticker aus der 2. Ordentlichen Delegiertenversammlung &#8230;18.03.2021 &#8230; Live Ticker aus der&#8230;."},"content":{"rendered":"<p><span style=\"color: #ff0000;\">Nach M\u00f6glichkeit werden wir wieder fast live brichten&#8230;.<\/span><\/p>\n<p><a href=\"https:\/\/iuzb.de\/?p=33172\" target=\"_blank\" rel=\"noopener\">Einladung und Tagesordnung<\/a>, u.a.:<\/p>\n<p><strong>TOP 5: <\/strong><strong>Wahl der Mitglieder der Vertreterversammlung des Versorgungswerkes der Zahn\u00e4rztekammer Berlin<\/strong><\/p>\n<p><span style=\"color: #ff0000;\">3 (16 Stimmen) = IUZB<br \/>\n2 (13 Stimmen) = VdZuZvB<\/span><br \/>\n<span style=\"color: #ff0000;\">2 (09 Stimmen) = FVDZ<\/span><br \/>\n<span style=\"color: #ff0000;\">1 (07 Stimmen) = VdZ\u00c4-Dentista<\/span><br \/>\n<span style=\"color: #ff0000;\"><span style=\"text-decoration: underline;\">Summen: <\/span>8 Sitze (45 anwesende Delegierte)<\/span><\/p>\n<ul>\n<li><span style=\"color: #ff0000;\"><span style=\"text-decoration: underline;\">Seitens der IUZB gew\u00e4hlt:<\/span> <\/span><br \/>\n<span style=\"color: #ff0000;\">1. <strong>Dr. Lutz-Stephan Wei\u00df<\/strong><\/span><br \/>\n<span style=\"color: #ff0000;\">2. <strong>Dr. Helmut Dohmeier-de Haan<\/strong><\/span><br \/>\n<span style=\"color: #ff0000;\">3. <strong>Dr. Andreas Hessberger<\/strong><br \/>\n(Nachr\u00fccker: 4. Alexander Klutke)<br \/>\n<\/span><\/li>\n<li><span style=\"color: #ff0000;\"><span style=\"text-decoration: underline;\">Seitens VdZuZvB:<\/span> <\/span><br \/>\n<span style=\"color: #ff0000;\">1. <strong>Dr. Ingo Rellermeier<\/strong><\/span><br \/>\n<span style=\"color: #ff0000;\">2. <strong>Dr. Markus Roggensack<\/strong><\/span><\/li>\n<li><span style=\"text-decoration: underline; color: #ff0000;\">Seitens FVDZ:<\/span><br \/>\n<span style=\"color: #ff0000;\">1. <strong>Dr. Rolf Kisro<\/strong><\/span><br \/>\n<span style=\"color: #ff0000;\">2. <strong>Dr. Lars Eichmann<\/strong><br \/>\n<\/span><\/li>\n<li><span style=\"color: #ff0000;\"><span style=\"text-decoration: underline;\">Seitens VdZ\u00c4-Dentista:<\/span><br \/>\n1. <strong>Klaudia-Adrijana Miletic<\/strong><\/span><\/li>\n<\/ul>\n<p><span style=\"color: #ff0000;\">Die Berliner Zahn\u00e4rztekammer wird voraussichtlich <strong>8<\/strong> Vertreter in die 12 Personen umfassende Vertreterversammlung entsenden. Unter Umst\u00e4nden auch nur 7, dies ergibt sich aus dem Anteil der Mitglieder der beteiligten Kammerbereiche an der Gesamtmitgliederzahl der Versorgungseinrichtung (<a href=\"https:\/\/gesetze.berlin.de\/bsbe\/document\/jlr-HeilBKGBEpP21\" target=\"_blank\" rel=\"noopener\">\u00a721(5)BlnHKG<\/a>). Der Anteil der Beteiligung ist jeweils am 31. Dezember des Jahres vor Beginn der Amtsperiode der Vertreterversammlung festzulegen. Die beteiligten Kammerbereiche m\u00fcssen durch mindestens ein Mitglied in der Vertreterversammlung vertreten sein. W\u00e4ren es nur 7 Vertreter aus Berlin, so h\u00e4tte der Berliner FVDZ dann nur noch 1 Sitz.<\/span><\/p>\n<p><span style=\"color: #ff0000;\">Die neue Vertreterversamamlung des VZB konstituiert sich am Sonnabend, <a href=\"https:\/\/iuzb.de\/?p=33484\" target=\"_blank\" rel=\"noopener\">08. Mai 2020<\/a>.<\/span><\/p>\n<p><strong>TOP 8: <\/strong><strong>Wahl \u2013 Schlichtungsausschuss<\/strong><\/p>\n<p><span style=\"color: #ff0000;\">Blockwahl: Seitens der IUZB wurde Frau <strong>Dr. Christiane Schierholz<\/strong> gew\u00e4hlt.<\/span><\/p>\n<p><strong>TOP 9: <\/strong><strong>Wahl der Delegierten f\u00fcr die Bundesversammlung der Bundeszahn\u00e4rztekammer<\/strong><\/p>\n<p><span style=\"color: #ff0000;\">IUZB: <strong>Gerhard Gneist<\/strong> (Vertreter: Dr. Andreas Hessberger)<br \/>\nFraktion Gesundheit: <strong>Peter Scharf<\/strong> (Vertreterin: Dr. Celina Sch\u00e4tze)<br \/>\nFVDZ:\u00a0 <strong>Dr. Jana Lo Scalzo<\/strong> (Vertreter: Dr. Michael Dreyer)<br \/>\nVdZuZvB: <strong>Julie Fotiadis-Wentker<\/strong> (Vertreter: Dr. Detlef F\u00f6rster)<br \/>\nVdZuZvB: <strong>Dr. Dietmar Kuhn<\/strong> (Vertreter: Dr. Helmut Kesler)<br \/>\ndazu jeweils 5 der 8 <a href=\"https:\/\/www.zaek-berlin.de\/ueber-uns\/vorstand-geschaeftsfuehrung.html\" target=\"_blank\" rel=\"noopener\">Vorstandsmitglieder<\/a><br \/>\n<\/span><\/p>\n<p><strong>TOP 10: <\/strong><strong>Wahl des Haushalts-, Rechnungspr\u00fcfungs- und Zahlenstellenpr\u00fcfungsausschusses<\/strong><\/p>\n<p><span style=\"color: #ff0000;\">IUZB: <strong>Dr. Helmut Dohmeier-de Haan<\/strong><br \/>\nIUZB: <strong>Alexander Klutke<\/strong><br \/>\nVdZuZvB: <strong>Nico Fotiadis<\/strong><br \/>\nVdZ\u00c4-Dentista: <strong>Klaudia-Adrijana Miletic<\/strong><br \/>\nFVDZ: <strong>Thomas Schieritz<\/strong><br \/>\n<\/span><\/p>\n","protected":false},"excerpt":{"rendered":"<p>Nach M\u00f6glichkeit werden wir wieder fast live brichten&#8230;. Einladung und Tagesordnung, u.a.: TOP 5: Wahl der Mitglieder der Vertreterversammlung des Versorgungswerkes der Zahn\u00e4rztekammer Berlin 3 (16 Stimmen) = IUZB 2 [&#8230;]<\/p>\n","protected":false},"author":13,"featured_media":32956,"comment_status":"open","ping_status":"closed","sticky":false,"template":"","format":"standard","meta":{"ngg_post_thumbnail":0,"iawp_total_views":2,"footnotes":""},"categories":[91,87,46],"tags":[],"class_list":["post-33427","post","type-post","status-publish","format-standard","has-post-thumbnail","hentry","category-delegiertenversammlung","category-vertreterversammlung","category-zahnaerztekammer-berlin"],"_links":{"self":[{"href":"https:\/\/iuzb.de\/index.php?rest_route=\/wp\/v2\/posts\/33427","targetHints":{"allow":["GET"]}}],"collection":[{"href":"https:\/\/iuzb.de\/index.php?rest_route=\/wp\/v2\/posts"}],"about":[{"href":"https:\/\/iuzb.de\/index.php?rest_route=\/wp\/v2\/types\/post"}],"author":[{"embeddable":true,"href":"https:\/\/iuzb.de\/index.php?rest_route=\/wp\/v2\/users\/13"}],"replies":[{"embeddable":true,"href":"https:\/\/iuzb.de\/index.php?rest_route=%2Fwp%2Fv2%2Fcomments&post=33427"}],"version-history":[{"count":51,"href":"https:\/\/iuzb.de\/index.php?rest_route=\/wp\/v2\/posts\/33427\/revisions"}],"predecessor-version":[{"id":33523,"href":"https:\/\/iuzb.de\/index.php?rest_route=\/wp\/v2\/posts\/33427\/revisions\/33523"}],"wp:featuredmedia":[{"embeddable":true,"href":"https:\/\/iuzb.de\/index.php?rest_route=\/wp\/v2\/media\/32956"}],"wp:attachment":[{"href":"https:\/\/iuzb.de\/index.php?rest_route=%2Fwp%2Fv2%2Fmedia&parent=33427"}],"wp:term":[{"taxonomy":"category","embeddable":true,"href":"https:\/\/iuzb.de\/index.php?rest_route=%2Fwp%2Fv2%2Fcategories&post=33427"},{"taxonomy":"post_tag","embeddable":true,"href":"https:\/\/iuzb.de\/index.php?rest_route=%2Fwp%2Fv2%2Ftags&post=33427"}],"curies":[{"name":"wp","href":"https:\/\/api.w.org\/{rel}","templated":true}]}}