{"id":33420,"date":"2021-03-15T19:41:23","date_gmt":"2021-03-15T18:41:23","guid":{"rendered":"http:\/\/iuzb.de\/?p=33420"},"modified":"2021-03-15T19:41:53","modified_gmt":"2021-03-15T18:41:53","slug":"lag-kurzarbeit-kuerzt-uraubsanspruch","status":"publish","type":"post","link":"https:\/\/iuzb.de\/?p=33420","title":{"rendered":"LAG: Kurzarbeit k\u00fcrzt Uraubsanspruch"},"content":{"rendered":"<p><strong>Landesarbeitsgericht D\u00fcsseldorf: Kurzarbeit Null k\u00fcrzt den Urlaub<\/strong><\/p>\n<p style=\"text-align: justify;\">Die Kl\u00e4gerin ist seit dem 01.03.2011 als Verkaufshilfe mit Backt\u00e4tigkeiten bei der Beklagten, einem Betrieb der Systemgastronomie, besch\u00e4ftigt. Sie ist in einer Drei-Tage-Woche in Teilzeit t\u00e4tig. Vereinbarungsgem\u00e4\u00df stehen ihr pro Jahr 28 Werktage bzw. umgerechnet 14 Arbeitstage Urlaub zu.<\/p>\n<p style=\"text-align: justify;\">Ab dem 01.04.2020 galt f\u00fcr die Kl\u00e4gerin infolge der Corona-Pandemie von April bis Dezember wiederholt Kurzarbeit Null. In den Monaten Juni, Juli und Oktober 2020 bestand diese durchgehend. Im August und September 2020 hatte die Beklagte ihr insgesamt 11,5 Arbeitstage Urlaub gew\u00e4hrt. Die Kl\u00e4gerin ist der Ansicht, die Kurzarbeit habe keinen Einfluss auf ihre Urlaubsanspr\u00fcche. Konjunkturbedingte Kurzarbeit erfolge nicht auf Wunsch des Arbeitnehmers, sondern im Interesse der Arbeitgeberin. Kurzarbeit sei auch keine Freizeit. So unterliege sie w\u00e4hrend der Kurzarbeit Meldepflichten. Auch k\u00f6nne die Arbeitgeberin die Kurzarbeit kurzfristig vorzeitig beenden, weswegen es an einer Planbarkeit der freien Zeit fehle. Sie begehrt deshalb die Feststellung, dass ihr f\u00fcr das Jahr 2020 der ungek\u00fcrzte Urlaub von 14 Arbeitstagen zustehe, d.h. noch 2,5 Arbeitstage. Dem tritt die Arbeitgeberin entgegen. Mangels Arbeitspflicht w\u00e4hrend der Kurzarbeit Null entst\u00fcnden keine Urlaubsanspr\u00fcche. Sie habe deshalb den Urlaubsanspruch der Kl\u00e4gerin f\u00fcr 2020 bereits vollst\u00e4ndig erf\u00fcllt.<\/p>\n<p style=\"text-align: justify;\">Die 6. Kammer des Landesarbeitsgerichts D\u00fcsseldorf hat die Klage ebenso wie das Arbeitsgericht Essen abgewiesen. Aufgrund der Kurzarbeit Null in den Monaten Juni, Juli und Oktober 2020 hat die Kl\u00e4gerin in diesem Zeitraum keine Urlaubsanspr\u00fcche gem\u00e4\u00df \u00a7 3 Bundesurlaubsgesetz erworben. Der Jahresurlaub 2020 steht ihr deshalb nur anteilig im gek\u00fcrzten Umfang zu. F\u00fcr jeden vollen Monat der Kurzarbeit Null war der Urlaub um 1\/12 zu k\u00fcrzen, was sogar eine K\u00fcrzung um 3,5 Arbeitstage ergeben w\u00fcrde. Im Hinblick darauf, dass der Erholungsurlaub bezweckt, sich zu erholen, setzt dies eine Verpflichtung zur T\u00e4tigkeit voraus. Da w\u00e4hrend der Kurzarbeit die beiderseitigen Leistungspflichten aufgehoben sind, werden Kurzarbeiter wie vor\u00fcbergehend teilzeitbesch\u00e4ftigte Arbeitnehmer behandelt, deren Erholungsurlaub ebenfalls anteilig zu k\u00fcrzen ist.<\/p>\n<p style=\"text-align: justify;\">Dies entspricht dem Europ\u00e4ischen Recht, weil nach der Rechtsprechung des Europ\u00e4ischen Gerichtshofs w\u00e4hrend Kurzarbeit Null der europ\u00e4ische Mindesturlaubsanspruch aus Art. 7 Abs. 1 der Richtlinie 2003\/88\/EG nicht entsteht. Das deutsche Recht enth\u00e4lt dazu keine g\u00fcnstigere Regelung. Weder existiert diesbez\u00fcglich eine spezielle Regelung f\u00fcr Kurzarbeit noch ergibt sich etwas anderes aus den Vorschriften des Bundesurlaubsgesetzes. Insbesondere ist Kurzarbeit Null nicht mit Arbeitsunf\u00e4higkeit zu vergleichen. An alledem hat der Umstand, dass die Kurzarbeit der Kl\u00e4gerin durch die Corona-Pandemie veranlasst ist, nichts ge\u00e4ndert.<\/p>\n<p style=\"text-align: justify;\"><strong>Das Landesarbeitsgericht hat die Revision zugelassen.<\/strong><\/p>\n<p style=\"text-align: justify;\">Quelle: Landesarbeitsgericht D\u00fcsseldorf, <a href=\"https:\/\/www.justiz.nrw\/JM\/Presse\/presse_weitere\/PresseLArbGs\/12_03_2021_\/index.php\" target=\"_blank\" rel=\"noopener\">Pressemitteilung<\/a> zum Urteil vom 12.03.2021 &#8211; 6 Sa 824\/20<\/p>\n<p><span style=\"text-decoration: underline;\">Weiterf\u00fchrend:<\/span><\/p>\n<ul>\n<li>Beck: <a href=\"https:\/\/rsw.beck.de\/aktuell\/daily\/meldung\/detail\/lag-duesseldorf-kurzarbeit-null-reduziert-urlaubsanspruch\" target=\"_blank\" rel=\"noopener\">Kurzarbeit Null reduziert Urlaubsanspruch<\/a><\/li>\n<\/ul>\n","protected":false},"excerpt":{"rendered":"<p>Landesarbeitsgericht D\u00fcsseldorf: Kurzarbeit Null k\u00fcrzt den Urlaub Die Kl\u00e4gerin ist seit dem 01.03.2011 als Verkaufshilfe mit Backt\u00e4tigkeiten bei der Beklagten, einem Betrieb der Systemgastronomie, besch\u00e4ftigt. Sie ist in einer Drei-Tage-Woche [&#8230;]<\/p>\n","protected":false},"author":13,"featured_media":0,"comment_status":"open","ping_status":"closed","sticky":false,"template":"","format":"standard","meta":{"ngg_post_thumbnail":0,"iawp_total_views":1,"footnotes":""},"categories":[68],"tags":[],"class_list":["post-33420","post","type-post","status-publish","format-standard","hentry","category-recht"],"_links":{"self":[{"href":"https:\/\/iuzb.de\/index.php?rest_route=\/wp\/v2\/posts\/33420","targetHints":{"allow":["GET"]}}],"collection":[{"href":"https:\/\/iuzb.de\/index.php?rest_route=\/wp\/v2\/posts"}],"about":[{"href":"https:\/\/iuzb.de\/index.php?rest_route=\/wp\/v2\/types\/post"}],"author":[{"embeddable":true,"href":"https:\/\/iuzb.de\/index.php?rest_route=\/wp\/v2\/users\/13"}],"replies":[{"embeddable":true,"href":"https:\/\/iuzb.de\/index.php?rest_route=%2Fwp%2Fv2%2Fcomments&post=33420"}],"version-history":[{"count":2,"href":"https:\/\/iuzb.de\/index.php?rest_route=\/wp\/v2\/posts\/33420\/revisions"}],"predecessor-version":[{"id":33422,"href":"https:\/\/iuzb.de\/index.php?rest_route=\/wp\/v2\/posts\/33420\/revisions\/33422"}],"wp:attachment":[{"href":"https:\/\/iuzb.de\/index.php?rest_route=%2Fwp%2Fv2%2Fmedia&parent=33420"}],"wp:term":[{"taxonomy":"category","embeddable":true,"href":"https:\/\/iuzb.de\/index.php?rest_route=%2Fwp%2Fv2%2Fcategories&post=33420"},{"taxonomy":"post_tag","embeddable":true,"href":"https:\/\/iuzb.de\/index.php?rest_route=%2Fwp%2Fv2%2Ftags&post=33420"}],"curies":[{"name":"wp","href":"https:\/\/api.w.org\/{rel}","templated":true}]}}