{"id":33172,"date":"2021-02-26T20:47:30","date_gmt":"2021-02-26T19:47:30","guid":{"rendered":"http:\/\/iuzb.de\/?p=33172"},"modified":"2021-03-19T09:00:54","modified_gmt":"2021-03-19T08:00:54","slug":"18-03-2021-einladung-zur-2-ordentliche-delegiertenversammlung","status":"publish","type":"post","link":"https:\/\/iuzb.de\/?p=33172","title":{"rendered":"18.03.2021: Einladung zur 2. Ordentlichen Delegiertenversammlung"},"content":{"rendered":"<p><a href=\"https:\/\/www.kzv-berlin.de\/fileadmin\/user_upload\/Praxis-Service\/3_Publikationen\/2_MBZ\/2021\/MBZ_03_2021.pdf\"><img loading=\"lazy\" decoding=\"async\" class=\"alignnone size-full wp-image-33173\" src=\"https:\/\/iuzb.de\/wp-content\/uploads\/2021\/02\/18.03.2021-Einladung-2.-Ordentliche-Delegiertenversammlung.jpg\" alt=\"\" width=\"861\" height=\"373\" srcset=\"https:\/\/iuzb.de\/wp-content\/uploads\/2021\/02\/18.03.2021-Einladung-2.-Ordentliche-Delegiertenversammlung.jpg 861w, https:\/\/iuzb.de\/wp-content\/uploads\/2021\/02\/18.03.2021-Einladung-2.-Ordentliche-Delegiertenversammlung-450x195.jpg 450w, https:\/\/iuzb.de\/wp-content\/uploads\/2021\/02\/18.03.2021-Einladung-2.-Ordentliche-Delegiertenversammlung-277x120.jpg 277w, https:\/\/iuzb.de\/wp-content\/uploads\/2021\/02\/18.03.2021-Einladung-2.-Ordentliche-Delegiertenversammlung-768x333.jpg 768w\" sizes=\"auto, (max-width: 861px) 100vw, 861px\" \/><\/a><\/p>\n<p><span style=\"color: #ffffff;\">.<\/span><\/p>\n<p><span style=\"text-decoration: underline;\"><strong>Tagesordnung<span style=\"font-size: 8pt;\"> (vereinfachte Abschrift)<\/span><br \/>\n<\/strong><\/span><\/p>\n<table style=\"border-collapse: collapse; width: 100%; height: 312px;\">\n<tbody>\n<tr style=\"height: 24px;\">\n<td style=\"width: 6.28572%; text-align: left; vertical-align: top; height: 24px;\">1.<\/td>\n<td style=\"width: 93.7142%; vertical-align: top; height: 24px; text-align: left;\">Begr\u00fc\u00dfung, Ehrung Verstorbener<\/td>\n<\/tr>\n<tr style=\"height: 24px;\">\n<td style=\"width: 6.28572%; text-align: left; vertical-align: top; height: 24px;\">2.<\/td>\n<td style=\"width: 93.7142%; vertical-align: top; height: 24px; text-align: left;\">Protokollgenehmigung, Einspr\u00fcche<\/td>\n<\/tr>\n<tr style=\"height: 24px;\">\n<td style=\"width: 6.28572%; text-align: left; vertical-align: top; height: 24px;\">3.<\/td>\n<td style=\"width: 93.7142%; vertical-align: top; height: 24px; text-align: left;\">Wahl des Wahlausschusses f\u00fcr die Wahl der Vertreterversammlung des Versorgungswerkes der Zahn\u00e4rztekammer Berlin<br \/>\n<span style=\"font-size: 8pt;\">(\u00a7 3 Absatz 2 Wahlordnung zur Wahl der Mitglieder der VV des VZB)<\/span><\/td>\n<\/tr>\n<tr style=\"height: 24px;\">\n<td style=\"width: 6.28572%; text-align: left; vertical-align: top; height: 24px;\">4.<\/td>\n<td style=\"width: 93.7142%; vertical-align: top; height: 24px; text-align: left;\">Einreichung, Zulassung und Bekanntmachung von Wahlvorschl\u00e4gen f\u00fcr die Wahl der Mitglieder der Vertreterversammlung des Versorgungswerkes der Zahn\u00e4rztekammer Berlin<br \/>\n<span style=\"font-size: 8pt;\">(\u00a7\u00a7 4 und 5 Wahlordnung zur Wahl der Mitglieder der VV des VZB)<\/span><\/td>\n<\/tr>\n<tr style=\"height: 24px;\">\n<td style=\"width: 6.28572%; text-align: left; vertical-align: top; height: 24px;\">5.<\/td>\n<td style=\"width: 93.7142%; vertical-align: top; height: 24px; text-align: left;\">Wahl der Mitglieder der Vertreterversammlung des Versorgungswerkes der Zahn\u00e4rztekammer Berlin<br \/>\n<span style=\"font-size: 8pt;\">(\u00a7 7 Wahlordnung zur Wahl der Mitglieder der VV des VZB)<\/span><\/td>\n<\/tr>\n<tr style=\"height: 24px;\">\n<td style=\"width: 6.28572%; text-align: left; vertical-align: top; height: 24px;\">6.<\/td>\n<td style=\"width: 93.7142%; vertical-align: top; height: 24px; text-align: left;\">Wahl &#8211; Pr\u00fcfungsausschuss f\u00fcr Kieferorthop\u00e4die<br \/>\na) Wahl der 3 Mitglieder<br \/>\nb) Wahl der Stellvertreter<br \/>\n<span style=\"font-size: 8pt;\">(\u00a7 11 Absatz 1 <a href=\"https:\/\/www.zaek-berlin.de\/dateien\/Content\/Dokumente\/Zahn%C3%A4rzte\/Zahn%C3%A4rzte_Download\/Berufsrecht_Gesetze_und_Rechtliches\/Weiterbildungs-_und_Pr%C3%BCfungsordnung_der_Z%C3%84K_Berlin.pdf\" target=\"_blank\" rel=\"noopener\">Weiterbildungsordnung<\/a> &#8211; \u00a7 1 Absatz 1 <a href=\"https:\/\/www.zaek-berlin.de\/dateien\/Content\/Dokumente\/Zahn%C3%A4rzte\/Zahn%C3%A4rzte_Download\/Berufsrecht_Gesetze_und_Rechtliches\/Weiterbildungs-_und_Pr%C3%BCfungsordnung_der_Z%C3%84K_Berlin.pdf\" target=\"_blank\" rel=\"noopener\">Pr\u00fcfungsordnung<\/a>)<\/span><\/td>\n<\/tr>\n<tr style=\"height: 24px;\">\n<td style=\"width: 6.28572%; text-align: left; vertical-align: top; height: 24px;\">7.<\/td>\n<td style=\"width: 93.7142%; vertical-align: top; height: 24px; text-align: left;\">Wahl &#8211; Pr\u00fcfungsausschuss f\u00fcr Oralchirurgie<br \/>\na) Wahl der 3 Mitglieder<br \/>\nb) Wahl der Stellvertreter<br \/>\n<span style=\"font-size: 8pt;\">(\u00a7 15 Absatz 1 <a href=\"https:\/\/www.zaek-berlin.de\/dateien\/Content\/Dokumente\/Zahn%C3%A4rzte\/Zahn%C3%A4rzte_Download\/Berufsrecht_Gesetze_und_Rechtliches\/Weiterbildungs-_und_Pr%C3%BCfungsordnung_der_Z%C3%84K_Berlin.pdf\" target=\"_blank\" rel=\"noopener\">Weiterbildungsordnung<\/a> &#8211; \u00a7 1 Absatz 1 <a href=\"https:\/\/www.zaek-berlin.de\/dateien\/Content\/Dokumente\/Zahn%C3%A4rzte\/Zahn%C3%A4rzte_Download\/Berufsrecht_Gesetze_und_Rechtliches\/Weiterbildungs-_und_Pr%C3%BCfungsordnung_der_Z%C3%84K_Berlin.pdf\" target=\"_blank\" rel=\"noopener\">Pr\u00fcfungsordnung<\/a>)<\/span><\/td>\n<\/tr>\n<tr style=\"height: 24px;\">\n<td style=\"width: 6.28572%; text-align: left; vertical-align: top; height: 24px;\">8.<\/td>\n<td style=\"width: 93.7142%; vertical-align: top; height: 24px; text-align: left;\">Wahl &#8211; Schlichtungsausschuss, 7 Mitglieder<br \/>\n<span style=\"font-size: 8pt;\">(\u00a7 2 Absatz 1 <a href=\"https:\/\/www.zaek-berlin.de\/dateien\/Content\/Dokumente\/Zahn%C3%A4rzte\/Zahn%C3%A4rzte_Download\/Berufsrecht_Gesetze_und_Rechtliches\/Schlichtungsordnung_der_Z%C3%84K_Berlin.pdf\" target=\"_blank\" rel=\"noopener\">Schlichtungsordnung<\/a>)<\/span><\/td>\n<\/tr>\n<tr style=\"height: 24px;\">\n<td style=\"width: 6.28572%; text-align: left; vertical-align: top; height: 24px;\">9.<\/td>\n<td style=\"width: 93.7142%; vertical-align: top; height: 24px; text-align: left;\">Wahl der Delegierten f\u00fcr die Bundesversammlung der Bundeszahn\u00e4rztekammer<br \/>\n<span style=\"font-size: 8pt;\">(\u00a7 10 Absatz 2 <del>Nr. 2<\/del> <a href=\"https:\/\/www.zaek-berlin.de\/dateien\/Content\/Dokumente\/%C3%9Cber-uns\/DV\/Hauptsatzung-Z%C3%84K_20200108.pdf\" target=\"_blank\" rel=\"noopener\">Nr. 6 der Hauptsatzung<\/a>)<\/span><\/td>\n<\/tr>\n<tr style=\"height: 24px;\">\n<td style=\"width: 6.28572%; text-align: left; vertical-align: top; height: 24px;\">10.<\/td>\n<td style=\"width: 93.7142%; vertical-align: top; height: 24px; text-align: left;\">Wahl des Haushalts-, Rechnungspr\u00fcfungs- und Zahlenstellenpr\u00fcfungsausschusses<br \/>\n<span style=\"font-size: 8pt;\">(\u00a7 18 <del>Satzung<\/del> Hauptsatzung und \u00a778 <a href=\"https:\/\/www.berlin.de\/sen\/finanzen\/haushalt\/downloads\/haushaltsrecht\/201201_lho_und_av.pdf\" target=\"_blank\" rel=\"noopener\">LHO<\/a>)<\/span><\/td>\n<\/tr>\n<tr style=\"height: 24px;\">\n<td style=\"width: 6.28572%; text-align: left; vertical-align: top; height: 24px;\">11.<\/td>\n<td style=\"width: 93.7142%; vertical-align: top; height: 24px; text-align: left;\">Fragestunde<\/td>\n<\/tr>\n<tr style=\"height: 24px;\">\n<td style=\"width: 6.28572%; text-align: left; vertical-align: top; height: 24px;\">12.<\/td>\n<td style=\"width: 93.7142%; vertical-align: top; height: 24px; text-align: left;\">Antr\u00e4ge<\/td>\n<\/tr>\n<tr style=\"height: 24px;\">\n<td style=\"width: 6.28572%; text-align: left; vertical-align: top; height: 24px;\">13.<\/td>\n<td style=\"width: 93.7142%; vertical-align: top; height: 24px; text-align: left;\">Verschiedenes<\/td>\n<\/tr>\n<\/tbody>\n<\/table>\n<p>Z\u00c4K Berlin: <a href=\"https:\/\/www.zaek-berlin.de\/ueber-uns\/delegiertenversammlung.html\" target=\"_blank\" rel=\"noopener\">Delegiertenversammlung<\/a><\/p>\n<p><span style=\"font-size: 8pt;\">\u00a7 10 <\/span><span style=\"font-size: 8pt;\">Hauptsatzung<\/span><\/p>\n<blockquote><p><del><span style=\"font-size: 8pt;\">\u00a7 10 Aufgaben der Delegiertenversammlung<\/span><\/del><\/p>\n<p><del><span style=\"font-size: 8pt;\">(2) Der Delegiertenversammlung obliegt weiterhin u. a.:<\/span><\/del><br \/>\n<del><span style=\"font-size: 8pt;\">1. die Wahl des Vorstandes und der Aussch\u00fcsse sowie die Entlastung des Vorstandes,<\/span><\/del><br \/>\n<del><span style=\"font-size: 8pt;\">2. die Wahl der Delegierten f\u00fcr die Bundesversammlung der Bundeszahn\u00e4rztekammer\/Deutscher Zahn\u00e4rztetag, von denen mindestens die H\u00e4lfte dem Vorstand angeh\u00f6ren muss,&#8230;<\/span><\/del><\/p><\/blockquote>\n<p><span style=\"text-decoration: underline; font-size: 8pt;\">\u00a7 18 <del>Satzung<\/del> Hauptsatzung:<\/span><\/p>\n<blockquote><p><del><span style=\"font-size: 8pt;\">\u00a7 18 Aussch\u00fcsse<\/span><\/del><br \/>\n<del><span style=\"font-size: 8pt;\">(1) Zur Wahrnehmung der Aufgaben nach dem Berliner Kammergesetz kann die Delegiertenversammlung Aussch\u00fcsse einsetzen&#8230;..<\/span><\/del><\/p><\/blockquote>\n<p><span style=\"font-size: 8pt;\">\u00a7 78 <a href=\"https:\/\/www.berlin.de\/sen\/finanzen\/haushalt\/downloads\/haushaltsrecht\/201201_lho_und_av.pdf\" target=\"_blank\" rel=\"noopener\">LHO<\/a>:<\/span><\/p>\n<blockquote><p><span style=\"font-size: 8pt;\">\u00a7 78 Unvermutete Pr\u00fcfungen<\/span><br \/>\n<span style=\"font-size: 8pt;\">F\u00fcr Zahlungen oder Buchungen zust\u00e4ndige Stellen sind mindestens j\u00e4hrlich, f\u00fcr die Verwaltung von Vorr\u00e4ten zust\u00e4ndige Stellen mindestens alle zwei Jahre unvermutet zu pr\u00fcfen; die Senatsverwaltung f\u00fcr Finanzen kann Ausnahmen zulassen. Die Pr\u00fcfstellen bestimmt die Senatsverwaltung f\u00fcr Finanzen.<\/span><\/p><\/blockquote>\n<p><span style=\"font-size: 8pt;\">Wahlordnung zur Wahl der Mitglieder der VV des VZB:<\/span><br \/>\n<span style=\"font-size: 8pt;\">&#8211; Leider nicht gefunden. &#8211;<br \/>\n<\/span><\/p>\n","protected":false},"excerpt":{"rendered":"<p>. Tagesordnung (vereinfachte Abschrift) 1. Begr\u00fc\u00dfung, Ehrung Verstorbener 2. Protokollgenehmigung, Einspr\u00fcche 3. Wahl des Wahlausschusses f\u00fcr die Wahl der Vertreterversammlung des Versorgungswerkes der Zahn\u00e4rztekammer Berlin (\u00a7 3 Absatz 2 Wahlordnung [&#8230;]<\/p>\n","protected":false},"author":13,"featured_media":33267,"comment_status":"open","ping_status":"closed","sticky":false,"template":"","format":"standard","meta":{"ngg_post_thumbnail":0,"iawp_total_views":4,"footnotes":""},"categories":[91,87],"tags":[],"class_list":["post-33172","post","type-post","status-publish","format-standard","has-post-thumbnail","hentry","category-delegiertenversammlung","category-vertreterversammlung"],"_links":{"self":[{"href":"https:\/\/iuzb.de\/index.php?rest_route=\/wp\/v2\/posts\/33172","targetHints":{"allow":["GET"]}}],"collection":[{"href":"https:\/\/iuzb.de\/index.php?rest_route=\/wp\/v2\/posts"}],"about":[{"href":"https:\/\/iuzb.de\/index.php?rest_route=\/wp\/v2\/types\/post"}],"author":[{"embeddable":true,"href":"https:\/\/iuzb.de\/index.php?rest_route=\/wp\/v2\/users\/13"}],"replies":[{"embeddable":true,"href":"https:\/\/iuzb.de\/index.php?rest_route=%2Fwp%2Fv2%2Fcomments&post=33172"}],"version-history":[{"count":35,"href":"https:\/\/iuzb.de\/index.php?rest_route=\/wp\/v2\/posts\/33172\/revisions"}],"predecessor-version":[{"id":33475,"href":"https:\/\/iuzb.de\/index.php?rest_route=\/wp\/v2\/posts\/33172\/revisions\/33475"}],"wp:featuredmedia":[{"embeddable":true,"href":"https:\/\/iuzb.de\/index.php?rest_route=\/wp\/v2\/media\/33267"}],"wp:attachment":[{"href":"https:\/\/iuzb.de\/index.php?rest_route=%2Fwp%2Fv2%2Fmedia&parent=33172"}],"wp:term":[{"taxonomy":"category","embeddable":true,"href":"https:\/\/iuzb.de\/index.php?rest_route=%2Fwp%2Fv2%2Fcategories&post=33172"},{"taxonomy":"post_tag","embeddable":true,"href":"https:\/\/iuzb.de\/index.php?rest_route=%2Fwp%2Fv2%2Ftags&post=33172"}],"curies":[{"name":"wp","href":"https:\/\/api.w.org\/{rel}","templated":true}]}}