{"id":33143,"date":"2021-02-22T21:59:27","date_gmt":"2021-02-22T20:59:27","guid":{"rendered":"http:\/\/iuzb.de\/?p=33143"},"modified":"2025-09-06T12:57:57","modified_gmt":"2025-09-06T10:57:57","slug":"vdzae-dentista-berliner-zahnaerztekammer-neuer-vorstand-so-weiblich-wie-noch-nie","status":"publish","type":"post","link":"https:\/\/iuzb.de\/?p=33143","title":{"rendered":"VdZ\u00c4 Dentista: BERLINER ZAHN\u00c4RZTEKAMMER: Neuer Vorstand so weiblich wie noch nie"},"content":{"rendered":"<div style=\"width: 310px\" class=\"wp-caption alignright\"><a href=\"https:\/\/dentista.de\/aktuelles\/berliner-zahnaerztekammer-neuer-vorstand-so-weiblich-wie-noch-nie\/\" target=\"_blank\" rel=\"noopener\"><img loading=\"lazy\" decoding=\"async\" src=\"https:\/\/dentista.de\/wp-content\/uploads\/2021\/02\/ZAEK_Ber_Dentista_-300x225.jpg\" alt=\"\" width=\"300\" height=\"225\"><\/a><p class=\"wp-caption-text\"><span style=\"font-size: 8pt;\">Dr. Juliane von Hoyningen-Huene, Vizepr\u00e4sidentin Z\u00c4 Barbara Plaster, Z\u00c4 Irina Hahn<\/span><\/p><\/div>\n<p style=\"text-align: justify;\">Am 11. Februar 2021 kamen die neu gew\u00e4hlten Delegierten der Berliner Zahn\u00e4rztekammer zur konstituierenden Sitzung zusammen, unter ihnen die f\u00fcnf Vertreterinnen der ersten Berliner Liste des Verbands der Zahn\u00c4rztinnen Dentista e.V. Ganz oben auf der Tagungsordnung: Die Wahl des Vorstands. Dr. Karsten Heegewaldt (Verband der Zahn\u00e4rztinnen und Zahn\u00e4rzte von Berlin) wurde als Pr\u00e4sident best\u00e4tigt, die neue Vizepr\u00e4sidentin ist mit Zahn\u00e4rztin Barbara Plaster eine Vertreterin der Dentista-Liste. Zusammen mit Dr. Juliane von Hoyningen-Huene und Z\u00c4 Irina Hahn, die als Beisitzerinnen gew\u00e4hlt wurden, stellt Dentista damit drei von acht Vorstandssitzen \u2013 so viel wie kein anderer der vertretenen f\u00fcnf Verb\u00e4nde. Insgesamt umfasst der neu gew\u00e4hlte Vorstand drei M\u00e4nner und f\u00fcnf Frauen und ist damit erstmals mehrheitlich weiblich.<\/p>\n<p style=\"text-align: justify;\">\u201eEndlich ist es gelungen: Der Vorstand der Berliner Zahn\u00e4rztekammer spiegelt in seiner Zusammensetzung die Realit\u00e4t in der Zahn\u00e4rzteschaft wider,\u201c so Z\u00c4 Barbara Plaster, seit vielen Jahren leidenschaftliches Dentista-Mitglied. Der neu gew\u00e4hlte Vorstand repr\u00e4sentiere nun mit vielen jungen Kolleginnen und Kollegen eine neue Generation, der es am Herzen liegt, ihre Zukunft aktiv zu gestalten. Als eine weitere zentrale Aufgabe der kommenden Legislatur hat Plaster eine Angleichung der Rechte von \u00c4rzten und Zahn\u00e4rzten ausgemacht: \u201eDie letzten Monate haben gezeigt, dass Zahn\u00e4rztinnen und Zahn\u00e4rzte in der Wahrnehmung von \u00d6ffentlichkeit und Politik den \u00c4rzten klar nachstehen \u2013 ein absolut unhaltbarer Zustand. Eine solche Betrachtungsweise stammt vermutlich aus einer Zeit, als Zahn\u00e4rzte noch Dentisten waren und kein akademisches Studium mit Abschluss Staatsexamen absolvieren mussten. Doch dies ist l\u00e4ngst Geschichte. Eine ad\u00e4quate fachliche und gesellschaftliche Anerkennung muss endlich auch im Alltag Einzug halten und sich in angepassten Regelungen ausdr\u00fccken.\u201c<\/p>\n<p style=\"text-align: justify;\">Auch Dr. Juliane von Hoyningen-Huene, die bereits seit zehn Jahren als FVDZ-Mitglied im Vorstand der Zahn\u00e4rztekammer vertreten war, ist bereit f\u00fcr die neue Herausforderung. \u201eIch bin stolz auf unsere Kolleginnen, die es gewagt haben, f\u00fcr ihre \u00dcberzeugungen einzustehen. Ich wusste, dass wir mit unserem Elan weit kommen, aber so schnell hatte ich das nicht erwartet.\u201c Die Zusammensetzung des neugew\u00e4hlten Vorstands widerlege klar die h\u00e4ufig formulierte These, es g\u00e4be einfach zu wenig Frauen, die sich standespolitisch engagieren wollen. \u201eBerlin hat gezeigt, wie es gehen kann. Mir liegt nun besonders am Herzen, die Identifikation der Kolleginnen und Kollegen mit ihrer Zahn\u00e4rztekammer zu st\u00e4rken und in ihr die starke Partnerin zu sehen, die sie ist.\u201c<\/p>\n<p style=\"text-align: justify;\">Quelle: Verband der Zahn\u00c4rztinnen &#8211; Dentista e.V., <a href=\"https:\/\/dentista.de\/pressemeldungen\/\" target=\"_blank\" rel=\"noopener\">Pressemitteilung<\/a> vom <a href=\"https:\/\/dentista.de\/aktuelles\/berliner-zahnaerztekammer-neuer-vorstand-so-weiblich-wie-noch-nie\/\" target=\"_blank\" rel=\"noopener\">20.02.2021<\/a><\/p>\n","protected":false},"excerpt":{"rendered":"<p>Am 11. Februar 2021 kamen die neu gew\u00e4hlten Delegierten der Berliner Zahn\u00e4rztekammer zur konstituierenden Sitzung zusammen, unter ihnen die f\u00fcnf Vertreterinnen der ersten Berliner Liste des Verbands der Zahn\u00c4rztinnen Dentista [&#8230;]<\/p>\n","protected":false},"author":13,"featured_media":0,"comment_status":"open","ping_status":"closed","sticky":false,"template":"","format":"standard","meta":{"ngg_post_thumbnail":0,"iawp_total_views":2,"footnotes":""},"categories":[233,46],"tags":[],"class_list":["post-33143","post","type-post","status-publish","format-standard","hentry","category-vorstand-zaek","category-zahnaerztekammer-berlin"],"_links":{"self":[{"href":"https:\/\/iuzb.de\/index.php?rest_route=\/wp\/v2\/posts\/33143","targetHints":{"allow":["GET"]}}],"collection":[{"href":"https:\/\/iuzb.de\/index.php?rest_route=\/wp\/v2\/posts"}],"about":[{"href":"https:\/\/iuzb.de\/index.php?rest_route=\/wp\/v2\/types\/post"}],"author":[{"embeddable":true,"href":"https:\/\/iuzb.de\/index.php?rest_route=\/wp\/v2\/users\/13"}],"replies":[{"embeddable":true,"href":"https:\/\/iuzb.de\/index.php?rest_route=%2Fwp%2Fv2%2Fcomments&post=33143"}],"version-history":[{"count":6,"href":"https:\/\/iuzb.de\/index.php?rest_route=\/wp\/v2\/posts\/33143\/revisions"}],"predecessor-version":[{"id":48589,"href":"https:\/\/iuzb.de\/index.php?rest_route=\/wp\/v2\/posts\/33143\/revisions\/48589"}],"wp:attachment":[{"href":"https:\/\/iuzb.de\/index.php?rest_route=%2Fwp%2Fv2%2Fmedia&parent=33143"}],"wp:term":[{"taxonomy":"category","embeddable":true,"href":"https:\/\/iuzb.de\/index.php?rest_route=%2Fwp%2Fv2%2Fcategories&post=33143"},{"taxonomy":"post_tag","embeddable":true,"href":"https:\/\/iuzb.de\/index.php?rest_route=%2Fwp%2Fv2%2Ftags&post=33143"}],"curies":[{"name":"wp","href":"https:\/\/api.w.org\/{rel}","templated":true}]}}