{"id":33091,"date":"2021-02-15T18:02:05","date_gmt":"2021-02-15T17:02:05","guid":{"rendered":"http:\/\/iuzb.de\/?p=33091"},"modified":"2021-03-19T09:08:22","modified_gmt":"2021-03-19T08:08:22","slug":"und-es-hat-zoom-gemacht","status":"publish","type":"post","link":"https:\/\/iuzb.de\/?p=33091","title":{"rendered":"Und es hat Zoom gemacht\u2026 *"},"content":{"rendered":"<p style=\"text-align: justify;\"><span style=\"font-size: 10pt;\">(*Textzeile in dem bekannten Hit \u201e1000 und 1 Nacht\u201c von Klaus Lage)<\/span><\/p>\n<p style=\"text-align: justify;\">Ja, tats\u00e4chlich, am Abend des 11.02., w\u00e4hrend der konstituierenden Delegiertenversammlung (DV) unserer Zahn\u00e4rztekammer, hat es im Tagesordnungspunkt \u201eWahlen zum Vorstand\u201c Zoom gemacht.<\/p>\n<p style=\"text-align: justify;\">Nach Abschluss der Vorstandswahlen war ein neuer Vorstand gew\u00e4hlt, der sage und schreibe \u00fcber 75% der bei der Kammerwahl abgegebenen W\u00e4hlerstimmen hinter sich vereinigt. Nahezu alle in die DV gew\u00e4hlten Fraktionen entsenden wenigstens einen\/e Delegierte\/n in den Vorstand. Einige der Gew\u00e4hlten wurden einstimmig gew\u00e4hlt. Die Grundlage f\u00fcr einen wirklich kollegialen, verbands\u00fcbergreifenden und integrativen Neustart zum Wohle unseres gesamten Berliner Berufsstands ist geschaffen.<\/p>\n<p style=\"text-align: justify;\">Und das Beste: Unser aller gro\u00dfes Ziel, endlich den Anteil von Kolleginnen im Vorstand auf ein angemessenes Ma\u00df zu erh\u00f6hen, wurde erreicht. Zuk\u00fcnftig werden neben drei Kollegen f\u00fcnf Kolleginnen im Vorstand unserer Kammer vertreten sein. Was f\u00fcr ein tolles Ergebnis!<\/p>\n<p style=\"text-align: justify;\">Das ist die einzig richtige Antwort auf die wieder sehr schlechte Kammer-Wahlbeteiligung von nur 33,5%. Die Delegierten wollten mit diesem gemeinsamen Schulterschluss den bisherigen Nichtw\u00e4hlern (66,5%) zeigen, dass sie mit Ihrer Stimme real mitgestalten k\u00f6nnen und es eben nicht einfach so weiter vor sich hin pl\u00e4tschern wird, wie eh und je.<\/p>\n<p style=\"text-align: justify;\">Auch der wieder gew\u00e4hlte Pr\u00e4sident, unser Kollege Heegewaldt, begr\u00fc\u00dft in seiner ersten Pressemitteilung diesen Neustart.<\/p>\n<p style=\"text-align: justify;\">Vielleicht hatten sich die Delegierten den Aufruf der Kollegin Seifert zu mehr Kollegialit\u00e4t, gegenseitiger Wertsch\u00e4tzung und l\u00f6sungsorientierter Sachlichkeit vor der Wahl zu Herzen genommen, so dass am Ende der DV sich viele Kolleginnen und Kollegen \u00fcberrascht und froh die Augen rieben.<\/p>\n<p style=\"text-align: justify;\">Nun gilt es, diese positive Aufbruchstimmung auch in unser Versorgungswerk und die KZV zu tragen, mit dem Ziel, diese durch engagierte und kompetente Kollegialit\u00e4t, sachorientiert nach vorne zu bringen. Teamgeist statt Ideologie.<\/p>\n<p style=\"text-align: justify;\">Und so kommen wir wieder zu der obigen Textzeile von Klaus Lage zur\u00fcck, die wie folgt weiter geht: <em>\u201eTausendmal ber\u00fchrt, <span style=\"text-decoration: underline;\">Tausendmal ist nix passiert<\/span>\u2026 und es hat \u201eZoom\u201c gemacht\u201c<\/em>. <strong>Doch!<\/strong> Diesmal ist wirklich etwas passiert und zwar etwas sehr Hoffnungsvolles und Gutes. <strong>Es hat tats\u00e4chlich \u201eZOOM\u201c gemacht!<\/strong><\/p>\n<p>&nbsp;<\/p>\n<p style=\"text-align: justify;\">Mit kollegialen Gr\u00fc\u00dfen<\/p>\n<p><strong>Ihre Delegierte\/n der IUZB<br \/>\n<\/strong>in der Zahn\u00e4rztekammer Berlin<strong><br \/>\n<\/strong><\/p>\n<p><strong>Gerhard Gneist <\/strong>(1. Vertrauensperson)<br \/>\n<strong>Dr. Helmut Dohmeier-de Haan <\/strong>(2. Vertrauensperson)<br \/>\n<strong>Frank Bloch<br \/>\nDr. J\u00fcrgen Brandt<br \/>\nDr. Andreas Hessberger<br \/>\nAlexander Klutke<br \/>\nElisabeth Ronis<br \/>\nDr. Lutz-Stephan Wei\u00df<\/strong><br \/>\n<strong>Dr. Peter Zemlin<\/strong><\/p>\n","protected":false},"excerpt":{"rendered":"<p>(*Textzeile in dem bekannten Hit \u201e1000 und 1 Nacht\u201c von Klaus Lage) Ja, tats\u00e4chlich, am Abend des 11.02., w\u00e4hrend der konstituierenden Delegiertenversammlung (DV) unserer Zahn\u00e4rztekammer, hat es im Tagesordnungspunkt \u201eWahlen [&#8230;]<\/p>\n","protected":false},"author":13,"featured_media":33075,"comment_status":"open","ping_status":"closed","sticky":false,"template":"","format":"standard","meta":{"ngg_post_thumbnail":0,"iawp_total_views":2,"footnotes":""},"categories":[91,242,233,46],"tags":[],"class_list":["post-33091","post","type-post","status-publish","format-standard","has-post-thumbnail","hentry","category-delegiertenversammlung","category-infobriefe","category-vorstand-zaek","category-zahnaerztekammer-berlin"],"_links":{"self":[{"href":"https:\/\/iuzb.de\/index.php?rest_route=\/wp\/v2\/posts\/33091","targetHints":{"allow":["GET"]}}],"collection":[{"href":"https:\/\/iuzb.de\/index.php?rest_route=\/wp\/v2\/posts"}],"about":[{"href":"https:\/\/iuzb.de\/index.php?rest_route=\/wp\/v2\/types\/post"}],"author":[{"embeddable":true,"href":"https:\/\/iuzb.de\/index.php?rest_route=\/wp\/v2\/users\/13"}],"replies":[{"embeddable":true,"href":"https:\/\/iuzb.de\/index.php?rest_route=%2Fwp%2Fv2%2Fcomments&post=33091"}],"version-history":[{"count":10,"href":"https:\/\/iuzb.de\/index.php?rest_route=\/wp\/v2\/posts\/33091\/revisions"}],"predecessor-version":[{"id":33108,"href":"https:\/\/iuzb.de\/index.php?rest_route=\/wp\/v2\/posts\/33091\/revisions\/33108"}],"wp:featuredmedia":[{"embeddable":true,"href":"https:\/\/iuzb.de\/index.php?rest_route=\/wp\/v2\/media\/33075"}],"wp:attachment":[{"href":"https:\/\/iuzb.de\/index.php?rest_route=%2Fwp%2Fv2%2Fmedia&parent=33091"}],"wp:term":[{"taxonomy":"category","embeddable":true,"href":"https:\/\/iuzb.de\/index.php?rest_route=%2Fwp%2Fv2%2Fcategories&post=33091"},{"taxonomy":"post_tag","embeddable":true,"href":"https:\/\/iuzb.de\/index.php?rest_route=%2Fwp%2Fv2%2Ftags&post=33091"}],"curies":[{"name":"wp","href":"https:\/\/api.w.org\/{rel}","templated":true}]}}