{"id":33089,"date":"2021-02-15T15:17:30","date_gmt":"2021-02-15T14:17:30","guid":{"rendered":"http:\/\/iuzb.de\/?p=33089"},"modified":"2021-02-15T15:17:30","modified_gmt":"2021-02-15T14:17:30","slug":"dank-an-bisherige-vorstandsmitglieder-aufgabenverteilung-des-neuen-vorstandes","status":"publish","type":"post","link":"https:\/\/iuzb.de\/?p=33089","title":{"rendered":"Dank an bisherige Vorstandsmitglieder &#8211; Aufgabenverteilung des neuen Vorstandes"},"content":{"rendered":"<p><a href=\"https:\/\/newslettertogo.com\/yea53k93-73o5ax5e-9wiogtaa-1ne\" target=\"_blank\" rel=\"noopener\"><span style=\"font-size: 8pt;\">Kammerinformation 2-2 | 202<\/span><\/a>1<\/p>\n<p><strong>Dank an bisherige Vorstandsmitglieder<\/strong><br \/>\n<strong>Aufgabenverteilung des neuen Vorstandes<\/strong><br \/>\n<span style=\"color: #ffffff;\">.<\/span><\/p>\n<p style=\"text-align: justify;\">\nSehr geehrte Kollegin, sehr geehrter Kollege,<\/p>\n<p style=\"text-align: justify;\">am kommenden Mittwoch wird der neue Vorstand der Zahn\u00e4rztekammer Berlin zu seiner konstituierenden Sitzung zusammen kommen. In dieser Vorstandssitzung soll \u00fcber die k\u00fcnftige Aufgabenverteilung und die Wahrnehmung der Amtsgesch\u00e4fte gesprochen werden.<\/p>\n<p style=\"text-align: justify;\">Ich danke dem bisherigen Vizepr\u00e4sidenten Dr. Michael Dreyer sowie den weiteren Mitgliedern des bisherigen Vorstandes Dr. Detlef F\u00f6rster, Dr. Juliane von Hoyningen-Huene, Dr. Helmut Kesler, Dr. Dietmar Kuhn und Dr. Jana Lo Scalzo f\u00fcr ihre langj\u00e4hrige T\u00e4tigkeit, die geleistete Arbeit und das Engagement f\u00fcr die Berliner Zahn\u00e4rzteschaft!<\/p>\n<p style=\"text-align: justify;\">Das Angebot der bisherigen Vorstandsmitglieder, die Einarbeitung der nun gew\u00e4hlten Vorstands-Kolleginnen und -Kollegen in ihre neuen Aufgaben in den kommenden Wochen nach Kr\u00e4ften zu unterst\u00fctzen, wei\u00df ich zu sch\u00e4tzen und freue mich auf die vor uns liegende Zeit.<\/p>\n<p style=\"text-align: justify;\">Dr. Karsten Heegewaldt<br \/>\nPr\u00e4sident der Zahn\u00e4rztekammer Berlin<\/p>\n","protected":false},"excerpt":{"rendered":"<p>Kammerinformation 2-2 | 2021 Dank an bisherige Vorstandsmitglieder Aufgabenverteilung des neuen Vorstandes . Sehr geehrte Kollegin, sehr geehrter Kollege, am kommenden Mittwoch wird der neue Vorstand der Zahn\u00e4rztekammer Berlin zu [&#8230;]<\/p>\n","protected":false},"author":13,"featured_media":0,"comment_status":"open","ping_status":"closed","sticky":false,"template":"","format":"standard","meta":{"ngg_post_thumbnail":0,"iawp_total_views":1,"footnotes":""},"categories":[233,46],"tags":[],"class_list":["post-33089","post","type-post","status-publish","format-standard","hentry","category-vorstand-zaek","category-zahnaerztekammer-berlin"],"_links":{"self":[{"href":"https:\/\/iuzb.de\/index.php?rest_route=\/wp\/v2\/posts\/33089","targetHints":{"allow":["GET"]}}],"collection":[{"href":"https:\/\/iuzb.de\/index.php?rest_route=\/wp\/v2\/posts"}],"about":[{"href":"https:\/\/iuzb.de\/index.php?rest_route=\/wp\/v2\/types\/post"}],"author":[{"embeddable":true,"href":"https:\/\/iuzb.de\/index.php?rest_route=\/wp\/v2\/users\/13"}],"replies":[{"embeddable":true,"href":"https:\/\/iuzb.de\/index.php?rest_route=%2Fwp%2Fv2%2Fcomments&post=33089"}],"version-history":[{"count":1,"href":"https:\/\/iuzb.de\/index.php?rest_route=\/wp\/v2\/posts\/33089\/revisions"}],"predecessor-version":[{"id":33090,"href":"https:\/\/iuzb.de\/index.php?rest_route=\/wp\/v2\/posts\/33089\/revisions\/33090"}],"wp:attachment":[{"href":"https:\/\/iuzb.de\/index.php?rest_route=%2Fwp%2Fv2%2Fmedia&parent=33089"}],"wp:term":[{"taxonomy":"category","embeddable":true,"href":"https:\/\/iuzb.de\/index.php?rest_route=%2Fwp%2Fv2%2Fcategories&post=33089"},{"taxonomy":"post_tag","embeddable":true,"href":"https:\/\/iuzb.de\/index.php?rest_route=%2Fwp%2Fv2%2Ftags&post=33089"}],"curies":[{"name":"wp","href":"https:\/\/api.w.org\/{rel}","templated":true}]}}