{"id":32959,"date":"2021-02-13T16:10:47","date_gmt":"2021-02-13T15:10:47","guid":{"rendered":"http:\/\/iuzb.de\/?p=32959"},"modified":"2021-03-19T09:08:55","modified_gmt":"2021-03-19T08:08:55","slug":"live-ticker-aus-der-konst-dv-live-ticker-aus-der-konst-dv-live-ticker-aus-der-konst-dv","status":"publish","type":"post","link":"https:\/\/iuzb.de\/?p=32959","title":{"rendered":"Der neu gew\u00e4hlte Vorstand der Zahn\u00e4rztekammer Berlin"},"content":{"rendered":"<p><img loading=\"lazy\" decoding=\"async\" class=\"alignnone wp-image-33014 size-full\" src=\"https:\/\/iuzb.de\/wp-content\/uploads\/2021\/02\/2021-02-12-Neuer-Kammervorstand-DDXC2993.jpg\" alt=\"\" width=\"943\" height=\"453\" srcset=\"https:\/\/iuzb.de\/wp-content\/uploads\/2021\/02\/2021-02-12-Neuer-Kammervorstand-DDXC2993.jpg 943w, https:\/\/iuzb.de\/wp-content\/uploads\/2021\/02\/2021-02-12-Neuer-Kammervorstand-DDXC2993-450x216.jpg 450w, https:\/\/iuzb.de\/wp-content\/uploads\/2021\/02\/2021-02-12-Neuer-Kammervorstand-DDXC2993-250x120.jpg 250w, https:\/\/iuzb.de\/wp-content\/uploads\/2021\/02\/2021-02-12-Neuer-Kammervorstand-DDXC2993-768x369.jpg 768w\" sizes=\"auto, (max-width: 943px) 100vw, 943px\" \/><\/p>\n<p><span style=\"text-decoration: underline;\"><strong><span style=\"color: #000000; text-decoration: underline;\">Der neue Vorstand: <\/span><\/strong><\/span><\/p>\n<table style=\"border-collapse: collapse; width: 100%; height: 345px;\">\n<tbody>\n<tr style=\"height: 24px;\">\n<td style=\"width: 23.4762%; height: 24px;\">Pr\u00e4sident<\/td>\n<td style=\"width: 34.1904%; height: 24px;\"><strong>Dr. Karsten Heegewaldt<\/strong><\/td>\n<td style=\"width: 29.238%; height: 24px;\"><span style=\"font-size: 10pt;\">Verband der Zahn\u00e4rztinnen und Zahn\u00e4rzte von Berlin<\/span><\/td>\n<td style=\"width: 13.0952%; text-align: left; vertical-align: top; height: 24px;\"><span style=\"font-size: 10pt;\"><span style=\"text-decoration: underline;\">1.<\/span> 22JA &#8211; 23N &#8211; 0E<strong><br \/>\n<\/strong><span style=\"text-decoration: underline;\">2.<\/span> 22JA &#8211; 23N &#8211; 0E<br \/>\n<\/span><span style=\"font-size: 8pt;\"><span style=\"font-size: 10pt;\"><span style=\"text-decoration: underline;\">3.<\/span> <strong>23JA<\/strong> &#8211; 22N &#8211; 0E<\/span><br \/>\n<\/span><\/td>\n<\/tr>\n<tr style=\"height: 24px;\">\n<td style=\"width: 23.4762%; height: 24px;\">Vizepr\u00e4sidentin<\/td>\n<td style=\"width: 34.1904%; height: 24px;\"><strong>Barbara Plaster<\/strong><\/td>\n<td style=\"width: 29.238%; height: 24px;\"><span style=\"font-size: 10pt;\">Verband der Zahn\u00c4rztinnen \u2013 Dentista<\/span><\/td>\n<td style=\"width: 13.0952%; text-align: left; vertical-align: top; height: 24px;\"><span style=\"font-size: 8pt;\"><span style=\"font-size: 10pt;\"><strong>24JA<\/strong><\/span><br \/>\n<span style=\"font-size: 10pt;\">(21JA Dreyer &#8211; 0E)<\/span><br \/>\n<\/span><\/td>\n<\/tr>\n<tr style=\"height: 77px;\">\n<td style=\"width: 99.9998%; height: 77px; text-align: justify;\" colspan=\"4\"><span style=\"font-size: 10pt;\">Anwesend waren 45 <a href=\"https:\/\/iuzb.de\/?p=32166\" target=\"_blank\" rel=\"noopener\">von 46 Delegierte<\/a>. Es fehlte ein Delegierter der Liste KFO. Nach der Wahlniederlage des bisherigen Vizepr\u00e4sidenten Dr. Dreyer (FVDZ), verlie\u00dfen 7 Delegierte des FVDZ, 12 Delegierte des VdZuZvB (der gerade wiedergew\u00e4hlte Pr\u00e4sident blieb) und 1 KFO-Delegierter die Versammlung. 25 Delegierte verblieben. <a href=\"https:\/\/www.zaek-berlin.de\/fileadmin\/dokumente\/Zentraler_Hauptordner\/Kammerhandbuch\/3_Hauptsatzung_der_Zahnaerztekammer_Berlin.pdf\" target=\"_blank\" rel=\"noopener\">Hauptsatzung<\/a> \u00a711(7): Die Delegiertenversammlung ist beschlussf\u00e4hig, wenn [&#8230;] mehr als die H\u00e4lfte ihrer Mitglieder anwesend ist.<\/span><span style=\"font-size: 8pt;\"><strong><br \/>\n<\/strong><\/span><\/td>\n<\/tr>\n<tr>\n<td style=\"width: 23.4762%; text-align: left; vertical-align: top;\">1. Beisitzerin<\/td>\n<td style=\"width: 34.1904%; text-align: left; vertical-align: top;\"><strong>Dr. Silke Riemer<\/strong><\/td>\n<td style=\"width: 29.238%; text-align: left; vertical-align: top;\"><span style=\"font-size: 8pt;\"><span style=\"font-size: 10pt;\">\u00d6ffentlicher Gesundheitsdienst<\/span><br \/>\n<\/span><\/td>\n<td style=\"width: 13.0952%; text-align: left; vertical-align: top;\"><span style=\"font-size: 8pt;\"><span style=\"font-size: 10pt;\"><strong>23JA <\/strong>&#8211; 2N &#8211; 0E<\/span><strong><br \/>\n<\/strong><\/span><\/td>\n<\/tr>\n<tr style=\"height: 25px;\">\n<td style=\"width: 23.4762%; height: 25px; text-align: left; vertical-align: top;\">2. Beisitzerin<\/td>\n<td style=\"width: 34.1904%; height: 25px; text-align: left; vertical-align: top;\"><strong>Maryam Chuadja<\/strong><\/td>\n<td style=\"width: 29.238%; height: 25px; text-align: left; vertical-align: top;\"><span style=\"font-size: 10pt;\">Fraktion Gesundheit<\/span><\/td>\n<td style=\"width: 13.0952%; text-align: left; vertical-align: top; height: 25px;\"><span style=\"font-size: 8pt;\"><span style=\"font-size: 10pt;\"><strong>24JA <\/strong>&#8211; 1N &#8211; 0E<\/span><strong><br \/>\n<\/strong><\/span><\/td>\n<\/tr>\n<tr style=\"height: 24px;\">\n<td style=\"width: 23.4762%; height: 24px; text-align: left; vertical-align: top;\">3. Beisitzerin<\/td>\n<td style=\"width: 34.1904%; height: 24px; text-align: left; vertical-align: top;\"><strong>Irina Hahn<\/strong><\/td>\n<td style=\"width: 29.238%; height: 24px; text-align: left; vertical-align: top;\"><span style=\"font-size: 10pt;\">Verband der Zahn\u00c4rztinnen \u2013 Dentista<\/span><\/td>\n<td style=\"width: 13.0952%; text-align: left; vertical-align: top; height: 24px;\"><span style=\"font-size: 8pt;\"><span style=\"font-size: 10pt;\"><strong>23JA<\/strong> &#8211; 2N &#8211; 0E<\/span><br \/>\n<\/span><\/td>\n<\/tr>\n<tr>\n<td style=\"width: 23.4762%; text-align: left; vertical-align: top;\">4. Beisitzer<\/td>\n<td style=\"width: 34.1904%; text-align: left; vertical-align: top;\"><strong>Dr. J\u00fcrgen Brandt<\/strong><\/td>\n<td style=\"width: 29.238%; text-align: left; vertical-align: top;\"><span style=\"font-size: 10pt;\">IUZB \u2013 Initiative Unabh\u00e4ngige Zahn\u00e4rzte Berlin e. V.<\/span><\/td>\n<td style=\"width: 13.0952%; text-align: left; vertical-align: top;\"><span style=\"font-size: 8pt;\"><span style=\"font-size: 10pt;\"><strong>21JA<\/strong> &#8211; 3N &#8211; 1E<\/span><br \/>\n<\/span><\/td>\n<\/tr>\n<tr>\n<td style=\"width: 23.4762%; text-align: left; vertical-align: top;\">5. Beisitzer<\/td>\n<td style=\"width: 34.1904%; text-align: left; vertical-align: top;\"><strong>Winnetou Kampmann<\/strong><\/td>\n<td style=\"width: 29.238%; text-align: left; vertical-align: top;\"><span style=\"font-size: 10pt;\">Fraktion Gesundheit<\/span><\/td>\n<td style=\"width: 13.0952%; text-align: left; vertical-align: top;\"><span style=\"font-size: 8pt;\"><span style=\"font-size: 10pt;\"><strong>24JA<\/strong> &#8211; 0N &#8211; 1E<\/span><br \/>\n<\/span><\/td>\n<\/tr>\n<tr style=\"height: 24px;\">\n<td style=\"width: 23.4762%; height: 24px; text-align: left; vertical-align: top;\">6. Beisitzerin<\/td>\n<td style=\"width: 34.1904%; height: 24px; text-align: left; vertical-align: top;\"><strong>Dr. Juliane von Hoyningen-Huene<\/strong><\/td>\n<td style=\"width: 29.238%; height: 24px; text-align: left; vertical-align: top;\"><span style=\"font-size: 10pt;\">Verband der Zahn\u00c4rztinnen \u2013 Dentista<\/span><\/td>\n<td style=\"width: 13.0952%; text-align: left; vertical-align: top; height: 24px;\"><span style=\"font-size: 8pt;\"><span style=\"font-size: 10pt;\"><strong>25JA <\/strong>&#8211; 0N &#8211; 0E<\/span><strong><br \/>\n<\/strong><\/span><\/td>\n<\/tr>\n<\/tbody>\n<\/table>\n<p>&nbsp;<\/p>\n<p>&nbsp;<\/p>\n<p>-.-.-.-.Live Ticker aus der konst. DV -.-.-.-.\u00dcbermittelt von Gerhard Gneist in der Nacht vom 11. zum 12. Februar-.-.-.-.Live Ticker aus der konst. DV-.-.-.-.<\/p>\n<p><span style=\"color: #ffffff;\">\u00a0<\/span><\/p>\n<table style=\"border-collapse: collapse; width: 100%;\">\n<tbody>\n<tr>\n<td style=\"width: 17.2857%; text-align: left; vertical-align: top;\">21:44 Uhr<\/td>\n<td style=\"width: 82.7143%; text-align: left; vertical-align: top;\">Zun\u00e4chst ausgiebige Diskussion, ob der Wahlzettel korrekt gestaltet wurde betreffend JA und NEIN Stimm\u00f6glichkeit bei mehreren Bewerber*innen.<\/p>\n<p>Dann Entscheidung, dass der Vorstand um einen Beisitzer erh\u00f6ht wird. Von bisher 5 auf neu 6 Beisitzer*innen zzgl. Pr\u00e4sident*in und Vizepr\u00e4sident*in.<\/td>\n<\/tr>\n<tr>\n<td style=\"width: 17.2857%; text-align: left; vertical-align: top;\">21:57 Uhr<\/td>\n<td style=\"width: 82.7143%; text-align: left; vertical-align: top;\">Vorstand ist um 1 Person erh\u00f6ht worden.<\/td>\n<\/tr>\n<tr>\n<td style=\"width: 17.2857%; text-align: left; vertical-align: top;\">23:13 Uhr<\/td>\n<td style=\"width: 82.7143%; text-align: left; vertical-align: top;\">1. Wahlgang: 22 JA und <strong>23 NEIN<\/strong> Stimmen f\u00fcr den bisherigen Pr\u00e4sidenten Dr. Heegewaldt.<\/td>\n<\/tr>\n<tr>\n<td style=\"width: 17.2857%; text-align: left; vertical-align: top;\">23:24 Uhr<\/td>\n<td style=\"width: 82.7143%; text-align: left; vertical-align: top;\">2. Wahlgang: Erneut 22 JA und <strong>23 NEIN<\/strong> Stimmen f\u00fcr Dr. Heegewaldt.<\/td>\n<\/tr>\n<tr>\n<td style=\"width: 17.2857%; text-align: left; vertical-align: top;\">00:20 Uhr<\/td>\n<td style=\"width: 82.7143%; text-align: left; vertical-align: top;\">Eine\/r ist umgefallen. Nunmehr <strong>23 JA<\/strong> Stimmen und 22 NEIN Stimmen f\u00fcr Dr. Heegewaldt<\/td>\n<\/tr>\n<tr>\n<td style=\"width: 17.2857%; text-align: left; vertical-align: top;\">00:35 Uhr<\/td>\n<td style=\"width: 82.7143%; text-align: left; vertical-align: top;\">Frau <strong>Barbara Plaster<\/strong> (VdZ\u00c4 Dentista) hat gegen den bisherigen Vizepr\u00e4sidenten Herrn Dr. Michael Dreyer (FVDZ) mit <strong>24<\/strong> zu 21 Stimmen gewonnen!<\/td>\n<\/tr>\n<\/tbody>\n<\/table>\n<p>&nbsp;<\/p>\n","protected":false},"excerpt":{"rendered":"<p>Der neue Vorstand: Pr\u00e4sident Dr. Karsten Heegewaldt Verband der Zahn\u00e4rztinnen und Zahn\u00e4rzte von Berlin 1. 22JA &#8211; 23N &#8211; 0E 2. 22JA &#8211; 23N &#8211; 0E 3. 23JA &#8211; 22N [&#8230;]<\/p>\n","protected":false},"author":13,"featured_media":33075,"comment_status":"open","ping_status":"closed","sticky":false,"template":"","format":"standard","meta":{"ngg_post_thumbnail":0,"iawp_total_views":17,"footnotes":""},"categories":[91,242,233,46],"tags":[],"class_list":["post-32959","post","type-post","status-publish","format-standard","has-post-thumbnail","hentry","category-delegiertenversammlung","category-infobriefe","category-vorstand-zaek","category-zahnaerztekammer-berlin"],"_links":{"self":[{"href":"https:\/\/iuzb.de\/index.php?rest_route=\/wp\/v2\/posts\/32959","targetHints":{"allow":["GET"]}}],"collection":[{"href":"https:\/\/iuzb.de\/index.php?rest_route=\/wp\/v2\/posts"}],"about":[{"href":"https:\/\/iuzb.de\/index.php?rest_route=\/wp\/v2\/types\/post"}],"author":[{"embeddable":true,"href":"https:\/\/iuzb.de\/index.php?rest_route=\/wp\/v2\/users\/13"}],"replies":[{"embeddable":true,"href":"https:\/\/iuzb.de\/index.php?rest_route=%2Fwp%2Fv2%2Fcomments&post=32959"}],"version-history":[{"count":99,"href":"https:\/\/iuzb.de\/index.php?rest_route=\/wp\/v2\/posts\/32959\/revisions"}],"predecessor-version":[{"id":33088,"href":"https:\/\/iuzb.de\/index.php?rest_route=\/wp\/v2\/posts\/32959\/revisions\/33088"}],"wp:featuredmedia":[{"embeddable":true,"href":"https:\/\/iuzb.de\/index.php?rest_route=\/wp\/v2\/media\/33075"}],"wp:attachment":[{"href":"https:\/\/iuzb.de\/index.php?rest_route=%2Fwp%2Fv2%2Fmedia&parent=32959"}],"wp:term":[{"taxonomy":"category","embeddable":true,"href":"https:\/\/iuzb.de\/index.php?rest_route=%2Fwp%2Fv2%2Fcategories&post=32959"},{"taxonomy":"post_tag","embeddable":true,"href":"https:\/\/iuzb.de\/index.php?rest_route=%2Fwp%2Fv2%2Ftags&post=32959"}],"curies":[{"name":"wp","href":"https:\/\/api.w.org\/{rel}","templated":true}]}}