{"id":32941,"date":"2021-02-09T10:16:54","date_gmt":"2021-02-09T09:16:54","guid":{"rendered":"http:\/\/iuzb.de\/?p=32941"},"modified":"2021-02-09T10:23:52","modified_gmt":"2021-02-09T09:23:52","slug":"berufsgenossenschaft-atemschutz-in-einrichtungen-im-gesundheitsdienst","status":"publish","type":"post","link":"https:\/\/iuzb.de\/?p=32941","title":{"rendered":"Berufsgenossenschaft: Atemschutz in Einrichtungen im Gesundheitsdienst"},"content":{"rendered":"<p>Berufsgenossenschaft f\u00fcr Gesundheitsdienst und Wohlfahrtspflege:<\/p>\n<p><a href=\"https:\/\/www.bgw-online.de\/SharedDocs\/Downloads\/DE\/Branchenartikel\/Atemschutz-im-Gesundheitsdienst_Download.pdf?__blob=publicationFile\" target=\"_blank\" rel=\"noopener\"><img loading=\"lazy\" decoding=\"async\" class=\"alignnone size-full wp-image-32943\" src=\"https:\/\/iuzb.de\/wp-content\/uploads\/2021\/02\/2021-02-08-BWG-Atemschutz-Gesundheitseinrichtungen.jpg\" alt=\"\" width=\"722\" height=\"740\" srcset=\"https:\/\/iuzb.de\/wp-content\/uploads\/2021\/02\/2021-02-08-BWG-Atemschutz-Gesundheitseinrichtungen.jpg 722w, https:\/\/iuzb.de\/wp-content\/uploads\/2021\/02\/2021-02-08-BWG-Atemschutz-Gesundheitseinrichtungen-293x300.jpg 293w, https:\/\/iuzb.de\/wp-content\/uploads\/2021\/02\/2021-02-08-BWG-Atemschutz-Gesundheitseinrichtungen-117x120.jpg 117w\" sizes=\"auto, (max-width: 722px) 100vw, 722px\" \/><\/a><\/p>\n<p>BWG: <a href=\"https:\/\/www.bgw-online.de\/DE\/Home\/Branchen\/News\/Arbeitsschutzstandards-Uebersicht_node.html\" target=\"_blank\" rel=\"noopener\">Coronavirus: Arbeitsschutz, Datenschutz, Hygiene, Antworten auf h\u00e4ufige Fragen<\/a><br \/>\nBWG: <a href=\"https:\/\/www.bgw-online.de\/SharedDocs\/Downloads\/DE\/Branchenartikel\/Atemschutz-im-Gesundheitsdienst_Download.pdf?__blob=publicationFile\" target=\"_blank\" rel=\"noopener\">08.02.2021: Atemschutz in Einrichtungen im Gesundheitsdienst<\/a><\/p>\n<blockquote><p>BWG:<br \/>\nAuch auf andere Vorgaben achten:<br \/>\nErg\u00e4nzend &#8211; oder \u00fcber die BGW-Standards hinausgehend &#8211; gibt es zu vielen Themen rechtliche Vorgaben, beispielsweise von Bundesl\u00e4ndern oder Kreisen, die einzuhalten sind. Bitte informieren Sie sich umfassend, was f\u00fcr Ihren Betrieb\/ Ihre Institution gilt.<\/p><\/blockquote>\n","protected":false},"excerpt":{"rendered":"<p>Berufsgenossenschaft f\u00fcr Gesundheitsdienst und Wohlfahrtspflege: BWG: Coronavirus: Arbeitsschutz, Datenschutz, Hygiene, Antworten auf h\u00e4ufige Fragen BWG: 08.02.2021: Atemschutz in Einrichtungen im Gesundheitsdienst BWG: Auch auf andere Vorgaben achten: Erg\u00e4nzend &#8211; oder [&#8230;]<\/p>\n","protected":false},"author":13,"featured_media":0,"comment_status":"open","ping_status":"closed","sticky":false,"template":"","format":"standard","meta":{"ngg_post_thumbnail":0,"iawp_total_views":2,"footnotes":""},"categories":[121,265,242,46],"tags":[],"class_list":["post-32941","post","type-post","status-publish","format-standard","hentry","category-bzaek","category-corona","category-infobriefe","category-zahnaerztekammer-berlin"],"_links":{"self":[{"href":"https:\/\/iuzb.de\/index.php?rest_route=\/wp\/v2\/posts\/32941","targetHints":{"allow":["GET"]}}],"collection":[{"href":"https:\/\/iuzb.de\/index.php?rest_route=\/wp\/v2\/posts"}],"about":[{"href":"https:\/\/iuzb.de\/index.php?rest_route=\/wp\/v2\/types\/post"}],"author":[{"embeddable":true,"href":"https:\/\/iuzb.de\/index.php?rest_route=\/wp\/v2\/users\/13"}],"replies":[{"embeddable":true,"href":"https:\/\/iuzb.de\/index.php?rest_route=%2Fwp%2Fv2%2Fcomments&post=32941"}],"version-history":[{"count":4,"href":"https:\/\/iuzb.de\/index.php?rest_route=\/wp\/v2\/posts\/32941\/revisions"}],"predecessor-version":[{"id":32946,"href":"https:\/\/iuzb.de\/index.php?rest_route=\/wp\/v2\/posts\/32941\/revisions\/32946"}],"wp:attachment":[{"href":"https:\/\/iuzb.de\/index.php?rest_route=%2Fwp%2Fv2%2Fmedia&parent=32941"}],"wp:term":[{"taxonomy":"category","embeddable":true,"href":"https:\/\/iuzb.de\/index.php?rest_route=%2Fwp%2Fv2%2Fcategories&post=32941"},{"taxonomy":"post_tag","embeddable":true,"href":"https:\/\/iuzb.de\/index.php?rest_route=%2Fwp%2Fv2%2Ftags&post=32941"}],"curies":[{"name":"wp","href":"https:\/\/api.w.org\/{rel}","templated":true}]}}