{"id":32864,"date":"2021-02-02T20:55:28","date_gmt":"2021-02-02T19:55:28","guid":{"rendered":"http:\/\/iuzb.de\/?p=32864"},"modified":"2021-03-03T13:19:10","modified_gmt":"2021-03-03T12:19:10","slug":"iuzb-fordert-generelle-ffp2-schutzmaskenpflicht-bei-allen-zahnaerztlichen-behandlungen","status":"publish","type":"post","link":"https:\/\/iuzb.de\/?p=32864","title":{"rendered":"IUZB fordert generelle FFP2-Schutzmaskenpflicht bei allen zahn\u00e4rztlichen Behandlungen"},"content":{"rendered":"<p style=\"text-align: justify;\"><span style=\"color: #ffffff;\">.<\/span><\/p>\n<p style=\"text-align: justify;\"><strong><span style=\"text-decoration: underline;\">AUFRUF<\/span> an die Bundeszahn\u00e4rztekamer, an alle Landeszahn\u00e4rztekammern und an alle zahn\u00e4rztlichen Fachgesellschaften<\/strong><\/p>\n<p style=\"text-align: justify;\"><span style=\"color: #ffffff;\">.<\/span><\/p>\n<p style=\"text-align: justify;\">Sehr geehrte Damen und Herren,<\/p>\n<p style=\"text-align: justify;\">wir Zahn\u00e4rztinnen und Zahn\u00e4rzte arbeiten tagt\u00e4glich in unseren Praxen \u00fcber viele Stunden hinweg in keimbesiedelten Aerosolen, wenn wir unsere Patienten behandeln, ebenso unsere Mitarbeiter\/innen. F\u00fcr uns hat die Gesunderhaltung aller an einer zahn\u00e4rztlichen Behandlung Beteiligten allerh\u00f6chste Priorit\u00e4t. Wir haben insofern eine Sorgfalts- und Garantenpflicht. Im Zuge der Corona-Pandemie ist das Risiko einer SARS-CoV-2-Infektion, zus\u00e4tzlich zu den sonst bestehenden Risiken, hinzugetreten. Diese ohnehin schon sehr schwierige Situation wird durch die sich nun in Deutschland zunehmend verbreitenden Mutanten nochmals signifikant potenziert, da diese noch weit ansteckender, soll hei\u00dfen leicht \u00fcbertragbarer, sind.<\/p>\n<p style=\"text-align: justify;\">Welche Hygienema\u00dfnahmen sind in dieser Situation richtig und angemessen?<\/p>\n<p style=\"text-align: justify;\">Treten in der Zahn\u00e4rzteschaft fachlich relevante Fragen auf, die zudem eine allgemeine Relevanz haben, werden diese in kompetenten Fachgesellschaften diskutiert und unter Einholung von auch externer Expertise zu Leitlinien verdichtet. Diese Leitlinien stellen dann eine Art Goldstandard und Ma\u00dfstab f\u00fcr den Berufsstand dar und werden deshalb auch durch die berufsst\u00e4ndigen Kammern mitgetragen und publiziert. Folgt und beachtet man diese, ist in ggf. auftretenden Streitf\u00e4llen (Arbeitsrecht, Arbeitsschutz, Arzthaftung) zumindest ein Indiz daf\u00fcr gegeben, dass eine den \u201ebestehenden, allgemein anerkannten fachlichen Standards\u201c entsprechende Therapie durchgef\u00fchrt wurde (= <a href=\"https:\/\/www.gesetze-im-internet.de\/bgb\/__630a.html\" target=\"_blank\" rel=\"noopener\">\u00a7 630 a Absatz 2 BGB<\/a>). Der Bundesgerichtshof hat den Begriff des Standards als \u201ediejenige Ma\u00dfnahme, die von einem gewissenhaften und aufmerksamen Arzt aus berufsfachlicher Sicht seines Fachbereichs vorausgesetzt und erwartet werden kann\u201c definiert.<\/p>\n<p style=\"text-align: justify;\">Und hier kommen wir an einen sehr heiklen Punkt!<\/p>\n<p style=\"text-align: justify;\">Es gibt eine aktuell geltende S1-Leitlinie der DGZMK zum Thema \u201eUmgang mit zahnmedizinischen Patienten bei Belastung mit Aerosol-\u00fcbertragbaren Erregern\u201c. Diese erkl\u00e4rt den medizinischen Mund-Nasenschutz f\u00fcr die Behandlung von \u201everdachtsfreien Patienten\u201c f\u00fcr ausreichend. Dem entgegen stehen die Empfehlungen der Bundesanstalt f\u00fcr Arbeitsschutz und Arbeitsmedizin, die, beraten vom Ausschuss f\u00fcr biologische Arbeitsstoffe, klar f\u00fcr jede T\u00e4tigkeit in Aerosolen und Nichteinhaltbarkeit von Mindestabst\u00e4nden, (1,50 m) das Tragen von FFP2 \u2013 Masken als Standard definiert.<\/p>\n<p style=\"text-align: justify;\">Folgen wir Zahn\u00e4rzte\/Zahn\u00e4rztinnen der S1-Leitlinie, w\u00fcrden wir uns als Arbeitgeber\/in fehl verhalten, da wir arbeitsschutzrechtliche Vorgaben nicht erf\u00fcllen. Dies kann ernste haftungsrechtliche Risiken f\u00fcr uns alle begr\u00fcnden.<\/p>\n<p style=\"text-align: justify;\">Deshalb ist es von h\u00f6chster Priorit\u00e4t, dass eine einheitlich abgestimmte Richtlinie zeitnah erarbeitet wird, die alle Erkenntnisse integriert und belastbare Handlungsvorgaben f\u00fcr die aktuelle Pandemiesituation gibt und gleichzeitig die nicht mehr haltbare S1-Leitlinie der DGZMK aktualisiert.<\/p>\n<p style=\"text-align: justify;\">Wir rufen deshalb dazu auf, dies schnellstm\u00f6glich umzusetzen, da ansonsten zu den gesundheitlichen Risiken auch haftungsrechtliche hinzutreten werden, die uns Zahn\u00e4rztinnen und Zahn\u00e4rzte in jeder Hinsicht schaden und in der \u00d6ffentlichkeit ernstlich desavouieren k\u00f6nnten.<\/p>\n<p style=\"text-align: justify;\">Aufgrund der Wichtigkeit erbitten wir eine zeitnahe R\u00fcckmeldung. Nach einer Schonfrist von 2 Wochen neigen wir dazu, dieses Problem \u00fcber geeignete Medien zu kommunizieren.<\/p>\n<p>Mit freundlichem Gru\u00df<\/p>\n<p>Gerhard Gneist<br \/>\nDr. Helmut Dohmeier-de Haan<br \/>\n1. und 2. Vorsitzender IUZB e.V.<br \/>\nDelegierte der Zahn\u00e4rztekammer Berlin<\/p>\n<p>&nbsp;<\/p>\n<p>Quellen k\u00f6nnen bei uns angefordert werden<br \/>\nSiehe bitte auch:<\/p>\n<ul>\n<li><a href=\"https:\/\/iuzb.de\/?p=32543\" target=\"_blank\" rel=\"noopener\">11.01.2021<\/a>: Die IUZB hat die Z\u00c4K Berlin, die BZ\u00c4K und alle LZ\u00c4K aufgefordert, FFP2-Schutzmasken bei Zahnbehandlungen als Standard zu empfehlen<\/li>\n<\/ul>\n","protected":false},"excerpt":{"rendered":"<p>. AUFRUF an die Bundeszahn\u00e4rztekamer, an alle Landeszahn\u00e4rztekammern und an alle zahn\u00e4rztlichen Fachgesellschaften . Sehr geehrte Damen und Herren, wir Zahn\u00e4rztinnen und Zahn\u00e4rzte arbeiten tagt\u00e4glich in unseren Praxen \u00fcber viele [&#8230;]<\/p>\n","protected":false},"author":8,"featured_media":32868,"comment_status":"open","ping_status":"closed","sticky":false,"template":"","format":"standard","meta":{"ngg_post_thumbnail":0,"iawp_total_views":3,"footnotes":""},"categories":[121,265,242,46],"tags":[],"class_list":["post-32864","post","type-post","status-publish","format-standard","has-post-thumbnail","hentry","category-bzaek","category-corona","category-infobriefe","category-zahnaerztekammer-berlin"],"_links":{"self":[{"href":"https:\/\/iuzb.de\/index.php?rest_route=\/wp\/v2\/posts\/32864","targetHints":{"allow":["GET"]}}],"collection":[{"href":"https:\/\/iuzb.de\/index.php?rest_route=\/wp\/v2\/posts"}],"about":[{"href":"https:\/\/iuzb.de\/index.php?rest_route=\/wp\/v2\/types\/post"}],"author":[{"embeddable":true,"href":"https:\/\/iuzb.de\/index.php?rest_route=\/wp\/v2\/users\/8"}],"replies":[{"embeddable":true,"href":"https:\/\/iuzb.de\/index.php?rest_route=%2Fwp%2Fv2%2Fcomments&post=32864"}],"version-history":[{"count":4,"href":"https:\/\/iuzb.de\/index.php?rest_route=\/wp\/v2\/posts\/32864\/revisions"}],"predecessor-version":[{"id":32869,"href":"https:\/\/iuzb.de\/index.php?rest_route=\/wp\/v2\/posts\/32864\/revisions\/32869"}],"wp:featuredmedia":[{"embeddable":true,"href":"https:\/\/iuzb.de\/index.php?rest_route=\/wp\/v2\/media\/32868"}],"wp:attachment":[{"href":"https:\/\/iuzb.de\/index.php?rest_route=%2Fwp%2Fv2%2Fmedia&parent=32864"}],"wp:term":[{"taxonomy":"category","embeddable":true,"href":"https:\/\/iuzb.de\/index.php?rest_route=%2Fwp%2Fv2%2Fcategories&post=32864"},{"taxonomy":"post_tag","embeddable":true,"href":"https:\/\/iuzb.de\/index.php?rest_route=%2Fwp%2Fv2%2Ftags&post=32864"}],"curies":[{"name":"wp","href":"https:\/\/api.w.org\/{rel}","templated":true}]}}