{"id":32831,"date":"2021-02-04T12:05:46","date_gmt":"2021-02-04T11:05:46","guid":{"rendered":"http:\/\/iuzb.de\/?p=32831"},"modified":"2021-02-21T10:47:47","modified_gmt":"2021-02-21T09:47:47","slug":"haben-sie-es-gewusst-diese-personendaten-speichert-die-bundeszahnaerztekammer-e-v-ueber-alle-zahnaerztinnen-und-zahnaerzte","status":"publish","type":"post","link":"https:\/\/iuzb.de\/?p=32831","title":{"rendered":"Haben Sie es gewusst? Diese Personendaten speichert die Bundeszahn\u00e4rztekammer e.V. \u00fcber alle Zahn\u00e4rztinnen und Zahn\u00e4rzte"},"content":{"rendered":"<p style=\"text-align: justify;\"><span style=\"color: #ffffff;\">.<\/span><\/p>\n<ul style=\"text-align: justify;\">\n<li><strong>Anfrage IUZB Delegierter Herr ZA Alexander Klutke<\/strong><\/li>\n<li><strong>Antwort der Bundeszahn\u00e4rztekammer Arbeitsgemeinschaft der Deutschen Zahn\u00e4rztekammern e.V. vom 28.01.202<\/strong>1<\/li>\n<\/ul>\n<p style=\"text-align: justify;\"><span style=\"color: #ffffff;\">.<\/span><\/p>\n<p style=\"text-align: justify;\">Sehr geehrter Herr Klutke,<\/p>\n<p style=\"text-align: justify;\">ihrem Auskunftsbegehren nach <a href=\"https:\/\/dejure.org\/gesetze\/DSGVO\/15.html\" target=\"_blank\" rel=\"noopener\">Art. 15 DSGVO<\/a> kommen wir gerne nach.<\/p>\n<p style=\"text-align: justify;\">Im Anhang finden sie zun\u00e4chst die personenbezogenen Daten, die wir von Ihnen gespeichert haben. Sollten sie eine Kopie in h\u00e4ndischer Form ben\u00f6tigen, schreiben sie uns kurz an, dann lassen wir Ihnen eine Kopie gerne per Post zukommen.<\/p>\n<p style=\"text-align: justify;\">Zu ihren weiteren Fragen:<\/p>\n<p style=\"text-align: justify;\"><strong>a) Welche personenbezogenen Daten verarbeiten wir von Ihnen konkret?<\/strong><\/p>\n<p style=\"text-align: justify; padding-left: 40px;\"><span style=\"text-decoration: underline;\">Antwort:<\/span> Die konkreten Daten lassen sich dem Anhang entnehmen.<\/p>\n<p style=\"padding-left: 40px;\"><img loading=\"lazy\" decoding=\"async\" class=\"alignnone size-full wp-image-32845\" src=\"https:\/\/iuzb.de\/wp-content\/uploads\/2021\/01\/2021-01-30-Habn-s-s-geust.jpg\" alt=\"\" width=\"640\" height=\"436\" srcset=\"https:\/\/iuzb.de\/wp-content\/uploads\/2021\/01\/2021-01-30-Habn-s-s-geust.jpg 640w, https:\/\/iuzb.de\/wp-content\/uploads\/2021\/01\/2021-01-30-Habn-s-s-geust-440x300.jpg 440w, https:\/\/iuzb.de\/wp-content\/uploads\/2021\/01\/2021-01-30-Habn-s-s-geust-176x120.jpg 176w\" sizes=\"auto, (max-width: 640px) 100vw, 640px\" \/><\/p>\n<p style=\"text-align: justify; padding-left: 40px;\">Das sind neben ihrem Vor- und Nachnamen, ihrer Adresse auch ihr Titel, ihr Geschlecht und ihre Staatsangeh\u00f6rigkeit. Zur Er\u00f6rterung f\u00fchre ich aus, dass der Status aktiv bedeutet, dass sie arbeiten. Der Kammerschl\u00fcssel bezeichnet die Kammer Berlin. Die Angabe 10 bedeutet, dass sie voll t\u00e4tig sind. Die Mitgliedsnummer ist die Identifikationsnummer ihrer Kammer. Die laufende Nummer ist \u201eunsere\u201c Nummer, unter der sie bei uns gef\u00fchrt werden.<\/p>\n<p style=\"text-align: justify;\"><strong>b) Zu welchem Zweck verarbeiten wir diese Daten?<\/strong><\/p>\n<p style=\"text-align: justify; padding-left: 40px;\"><span style=\"text-decoration: underline;\">Antwort:<\/span> Die Daten werden von uns zum Zwecke der Herausgabe, des Versands, der Beigabe nicht personalisierter Werbung an berufst\u00e4tige Zahn\u00e4rzte unserer Zeitschrift Zahn\u00e4rztliche Mitteilungen (ZM) verarbeitet.<\/p>\n<p style=\"text-align: justify;\"><strong>c) Welche Kategorien personenbezogener Daten werden verarbeitet?<\/strong><\/p>\n<p style=\"text-align: justify; padding-left: 40px;\"><span style=\"text-decoration: underline;\">Antwort:<\/span> Praxisdaten, die Privatanschrift sowie die Information, ob der Zahnarzt berufst\u00e4tig oder nicht berufst\u00e4tig ist.<br \/>\nInformationen der Zahn\u00e4rzte (sofern vorhanden): Anrede, Titel, Vorname, Nachname, Zusatzqualifikation, Geschlecht, Praxis-Adresse, Wunschadresse, aktiv behandelnd t\u00e4tig, Kammerzugeh\u00f6rigkeit, verstorben inkl. Sterbedatum, Verzichtsmeldung, Kammerwechsel, Mitglieds-ID der Kammer, Kundennummer des Deutschen \u00c4rzte-Verlages.<\/p>\n<p style=\"text-align: justify;\"><strong>d) Welche Empf\u00e4nger bzw. Kategorien von Empf\u00e4ngern gibt es, die diese Daten bereits erhalten haben oder k\u00fcnftig noch erhalten werden?<\/strong><\/p>\n<p style=\"text-align: justify; padding-left: 40px;\"><span style=\"text-decoration: underline;\">Antwort:<\/span> Empfangs- und Zugriffsberechtigt sind unser IT-Dienstleister sowie von bestimmten Mitarbeiter*innen innerhalb der BZ\u00c4K sowie der Deutsche-\u00c4rzte-Verlag. Weitere Kategorien von Empf\u00e4ngern der Daten gibt es nicht.<\/p>\n<p style=\"text-align: justify;\"><strong>e) Wie lange werden die Daten gespeichert, welche Kriterien gelten f\u00fcr die Festlegung dieser Dauer?<\/strong><\/p>\n<p style=\"text-align: justify; padding-left: 40px;\"><span style=\"text-decoration: underline;\">Antwort:<\/span> Die Daten werden in der Regel f\u00fcr die Dauer der Bezugsberechtigung der Zeitschrift gespeichert. Sofern sie keinen Versand der ZM w\u00fcnschen, ist eine L\u00f6schung ihrer Daten jederzeit m\u00f6glich.<\/p>\n<p style=\"text-align: justify;\"><strong>f) Woher haben wir ihre Daten?<\/strong><\/p>\n<p style=\"text-align: justify; padding-left: 40px;\"><span style=\"text-decoration: underline;\">Antwort:<\/span> <a href=\"https:\/\/iuzb.de\/?p=32831\" target=\"_blank\" rel=\"noopener\">Ihre Daten wurden uns von der Zahn\u00e4rztekammer Berlin zum benannten Zweck \u00fcbermittelt.<\/a><\/p>\n<p style=\"text-align: justify;\"><strong>g) Sollte eine automatisierte Entscheidungsfindung einschlie\u00dflich Profiling stattfinden bitten sie um aussagekr\u00e4ftige Informationen \u00fcber die dabei involvierte Logik sowie die Tragweite und die angestrebten Auswirkungen solcher Verfahren.<\/strong><\/p>\n<p style=\"text-align: justify; padding-left: 40px;\"><span style=\"text-decoration: underline;\">Antwort:<\/span> Eine automatisierte Entscheidungsfindung einschlie\u00dflich Profiling findet nicht statt.<\/p>\n<p style=\"text-align: justify;\"><strong>h) Falls eine Daten\u00fcbermittlung in Drittl\u00e4nder stattfindet, bitten sie um Informationen, welche Garantien gem\u00e4\u00df Art. 46 DGSVO vorgesehen sind.<\/strong><\/p>\n<p style=\"text-align: justify; padding-left: 40px;\"><span style=\"text-decoration: underline;\">Antwort:<\/span> Eine Daten\u00fcbermittlung in Drittl\u00e4nder findet nicht statt.<\/p>\n<p><span style=\"color: #ffffff;\">.<\/span><\/p>\n<p style=\"text-align: justify;\">Sie haben das Recht:<\/p>\n<ul style=\"text-align: justify;\">\n<li>gem\u00e4\u00df <a href=\"https:\/\/dejure.org\/gesetze\/DSGVO\/15.html\" target=\"_blank\" rel=\"noopener\">Art. 15 DSGVO<\/a> Auskunft \u00fcber Ihre von dem Verantwortlichen verarbeiteten personenbezogenen Daten zu verlangen. Insbesondere k\u00f6nnen Sie Auskunft \u00fcber die Verarbeitungszwecke, die Kategorie der personenbezogenen Daten, die Kategorien von Empf\u00e4ngern, gegen\u00fcber denen Ihre Daten offengelegt wurden oder werden, die geplante Speicherdauer, das Bestehen eines Rechts auf Berichtigung, L\u00f6schung, Einschr\u00e4nkung der Verarbeitung oder Widerspruch, das Bestehen eines Beschwerderechts, die Herkunft ihrer Daten, sofern diese nicht bei dem Verantwortlichen erhoben wurden, sowie \u00fcber das Bestehen einer automatisierten Entscheidungsfindung einschlie\u00dflich Profiling und ggf. aussagekr\u00e4ftigen Informationen zu deren Einzelheiten verlangen;<\/li>\n<li>gem\u00e4\u00df <a href=\"https:\/\/dejure.org\/gesetze\/DSGVO\/16.html\" target=\"_blank\" rel=\"noopener\">Art. 16 DSGVO<\/a> unverz\u00fcglich die Berichtigung unrichtiger oder Vervollst\u00e4ndigung Ihrer beim Verantwortlichen gespeicherten personenbezogenen Daten zu verlangen;<\/li>\n<li>gem\u00e4\u00df <a href=\"https:\/\/dejure.org\/gesetze\/DSGVO\/17.html\" target=\"_blank\" rel=\"noopener\">Art. 17 DSGVO<\/a> die L\u00f6schung Ihrer beim Verantwortlichen gespeicherten personenbezogenen Daten zu verlangen, soweit nicht die Verarbeitung zur Aus\u00fcbung des Rechts auf freie Meinungs\u00e4u\u00dferung und Information, zur Erf\u00fcllung einer rechtlichen Verpflichtung, aus Gr\u00fcnden des \u00f6ffentlichen Interesses oder zur Geltendmachung, Aus\u00fcbung oder Verteidigung von Rechtsanspr\u00fcchen erforderlich ist;<\/li>\n<li>gem\u00e4\u00df <a href=\"https:\/\/dejure.org\/gesetze\/DSGVO\/18.html\" target=\"_blank\" rel=\"noopener\">Art. 18 DSGVO<\/a> die Einschr\u00e4nkung der Verarbeitung Ihrer personenbezogenen Daten zu verlangen, soweit die Richtigkeit der Daten von Ihnen bestritten wird, die Verarbeitung unrechtm\u00e4\u00dfig ist, Sie aber deren L\u00f6schung ablehnen; der Verantwortliche die Daten nicht mehr ben\u00f6tigt, Sie jedoch diese zur Geltendmachung, Aus\u00fcbung oder Verteidigung von Rechtsanspr\u00fcchen ben\u00f6tigen oder Sie gem\u00e4\u00df Art. 21 DSGVO Widerspruch gegen die Verarbeitung eingelegt haben;<\/li>\n<li>gem\u00e4\u00df <a href=\"https:\/\/dejure.org\/gesetze\/DSGVO\/20.html\" target=\"_blank\" rel=\"noopener\">Art. 20 DSGVO<\/a> Ihre personenbezogenen Daten, die Sie dem Verantwortlichen bereitgestellt haben, in einem strukturierten, g\u00e4ngigen und maschinenlesbaren Format zu erhalten oder die \u00dcbermittlung an einen anderen Verantwortlichen zu verlangen;<\/li>\n<li>gem\u00e4\u00df <a href=\"https:\/\/dejure.org\/gesetze\/DSGVO\/21.html\" target=\"_blank\" rel=\"noopener\">Art. 21 DSGVO<\/a> Widerspruch gegen die Verarbeitung Ihrer personenbezogenen Daten einzulegen, soweit daf\u00fcr Gr\u00fcnde vorliegen, die sich aus Ihrer besonderen Situation ergeben oder sich der Widerspruch gegen allgemeine oder auf Sie zugeschnittene Direktwerbung richtet. Im letzteren Fall haben Sie ein generelles Widerspruchsrecht, das ohne Angabe einer besonderen Situation von uns umgesetzt wird.<\/li>\n<li>gem\u00e4\u00df <a href=\"https:\/\/dejure.org\/gesetze\/DSGVO\/77.html\" target=\"_blank\" rel=\"noopener\">Art. 77 DSGVO<\/a> sich bei einer Aufsichtsbeh\u00f6rde zu beschweren. In der Regel k\u00f6nnen Sie sich hierf\u00fcr an die Aufsichtsbeh\u00f6rde ihres \u00fcblichen Aufenthaltsortes oder Arbeitsplatzes oder unseres Unternehmenssitzes wenden.<br \/>\n<span style=\"font-size: 8pt;\">In Berlin ist die zust\u00e4ndige Aufsichtsbeh\u00f6rde: Berliner Beauftragte f\u00fcr Datenschutz und Informationsfreiheit, Friedrichstr. 219, 10969 Berlin.<br \/>\n<\/span>M\u00f6chten Sie von Ihrem Betroffenenrecht Gebrauch machen gen\u00fcgt eine formlose Mitteilung an die folgenden Kontaktdaten: [&#8230;]<\/li>\n<\/ul>\n<p style=\"text-align: justify;\"><span style=\"color: #ffffff;\">.<\/span><\/p>\n<p style=\"text-align: justify;\">Mit freundlichen Gr\u00fc\u00dfen<\/p>\n<p style=\"text-align: justify;\">Name\/Sachbearbeitende Person<br \/>\nRechtsabteilung<\/p>\n","protected":false},"excerpt":{"rendered":"<p>. Anfrage IUZB Delegierter Herr ZA Alexander Klutke Antwort der Bundeszahn\u00e4rztekammer Arbeitsgemeinschaft der Deutschen Zahn\u00e4rztekammern e.V. vom 28.01.2021 . Sehr geehrter Herr Klutke, ihrem Auskunftsbegehren nach Art. 15 DSGVO kommen [&#8230;]<\/p>\n","protected":false},"author":13,"featured_media":32910,"comment_status":"open","ping_status":"closed","sticky":false,"template":"","format":"standard","meta":{"ngg_post_thumbnail":0,"iawp_total_views":0,"footnotes":""},"categories":[121,108,46],"tags":[],"class_list":["post-32831","post","type-post","status-publish","format-standard","has-post-thumbnail","hentry","category-bzaek","category-datenschutz-und-informationsfreiheit","category-zahnaerztekammer-berlin"],"_links":{"self":[{"href":"https:\/\/iuzb.de\/index.php?rest_route=\/wp\/v2\/posts\/32831","targetHints":{"allow":["GET"]}}],"collection":[{"href":"https:\/\/iuzb.de\/index.php?rest_route=\/wp\/v2\/posts"}],"about":[{"href":"https:\/\/iuzb.de\/index.php?rest_route=\/wp\/v2\/types\/post"}],"author":[{"embeddable":true,"href":"https:\/\/iuzb.de\/index.php?rest_route=\/wp\/v2\/users\/13"}],"replies":[{"embeddable":true,"href":"https:\/\/iuzb.de\/index.php?rest_route=%2Fwp%2Fv2%2Fcomments&post=32831"}],"version-history":[{"count":14,"href":"https:\/\/iuzb.de\/index.php?rest_route=\/wp\/v2\/posts\/32831\/revisions"}],"predecessor-version":[{"id":32847,"href":"https:\/\/iuzb.de\/index.php?rest_route=\/wp\/v2\/posts\/32831\/revisions\/32847"}],"wp:featuredmedia":[{"embeddable":true,"href":"https:\/\/iuzb.de\/index.php?rest_route=\/wp\/v2\/media\/32910"}],"wp:attachment":[{"href":"https:\/\/iuzb.de\/index.php?rest_route=%2Fwp%2Fv2%2Fmedia&parent=32831"}],"wp:term":[{"taxonomy":"category","embeddable":true,"href":"https:\/\/iuzb.de\/index.php?rest_route=%2Fwp%2Fv2%2Fcategories&post=32831"},{"taxonomy":"post_tag","embeddable":true,"href":"https:\/\/iuzb.de\/index.php?rest_route=%2Fwp%2Fv2%2Ftags&post=32831"}],"curies":[{"name":"wp","href":"https:\/\/api.w.org\/{rel}","templated":true}]}}