{"id":32804,"date":"2021-02-04T12:00:15","date_gmt":"2021-02-04T11:00:15","guid":{"rendered":"http:\/\/iuzb.de\/?p=32804"},"modified":"2021-02-21T10:48:11","modified_gmt":"2021-02-21T09:48:11","slug":"haben-sie-es-gewusst-diese-personendaten-uebermittelt-die-zahnaerztekammer-berlin-an-die-bundeszahnaerztekammer-e-v","status":"publish","type":"post","link":"https:\/\/iuzb.de\/?p=32804","title":{"rendered":"Haben Sie es gewusst? Diese Personendaten \u00fcbermittelt die Zahn\u00e4rztekammer Berlin an die Bundeszahn\u00e4rztekammer e.V."},"content":{"rendered":"<p><span style=\"color: #ffffff;\">.<\/span><\/p>\n<ul>\n<li style=\"text-align: justify;\">Anfrage IUZB Delegierter Herr ZA Alexander Klutke vom 20.11.2020<\/li>\n<li style=\"text-align: justify;\">Antwort der Zahn\u00e4rztekammer Berlin vom 13.01.2021<\/li>\n<\/ul>\n<p><span style=\"color: #ffffff;\">.<\/span><\/p>\n<p style=\"text-align: justify;\"><span style=\"text-decoration: underline;\"><strong>Fragen 1. und 2.:<\/strong><\/span> Auf welcher genauen Rechtsgrundlage erfolgt aus der &#8222;Mitgliederverwaltungssoftware eine anonymisierte Daten\u00fcbertragung an die BZ\u00c4K&#8220;? Und in Umkehrung: Auf welcher genauen Rechtsgrundlage nimmt die Bundeszahn\u00e4rztekammer Ihre Daten\u00fcbertragung \u00fcberhaupt von Ihnen entgegen, verarbeitet und speichert diese Daten dann?<\/p>\n<p style=\"text-align: justify;\"><strong>Antwort:<\/strong><\/p>\n<p style=\"text-align: justify;\">Siehe beigef\u00fcgtes Kurzgutachten von <a href=\"https:\/\/haerting.de\/team\/niko-haerting\/\" target=\"_blank\" rel=\"noopener\">RA Prof. H\u00e4rting<\/a>, welches It. BZ\u00c4K auch analog auf Berlin angewendet werden kann. [&#8230;]<\/p>\n<p style=\"text-align: justify;\">Wir von der IUZB haben diesbez\u00fcglich folgendes Ergebnis aus dem Kurzgutachten von\u00a0 RA Prof. H\u00e4rting vom 18.02.2019 herausgelesen:<\/p>\n<p style=\"text-align: justify;\"><div class=\"spoiler-wrap\">\n\t\t\t\t<div class=\"spoiler-head folded\">Spoiler<\/div>\n\t\t\t\t<div class=\"spoiler-body\"><\/p>\n<p style=\"text-align: justify\">42: &#8222;Die Frage, ob die Landeszahn\u00e4rztekammer als K\u00f6rperschaft des \u00f6ffentlichen Rechts \u00fcberhaupt berechtigt sind, die Daten zwecks statistischer Auswertung an die Bundeszahn\u00e4rztekammerweiterzuleiten, ist zu bejahen.<br \/>\n43: &#8222;Dies geht am Beispiel Hessen bereits aus dem Spezialgesetz des <a href=\"https:\/\/www.rv.hessenrecht.hessen.de\/bshe\/document\/jlr-%C3%84WeitBiGHEV12P2\" target=\"_blank\" rel=\"noopener\">\u00a7 2 Abs. 3 S. 1 Heilberufsgesetz Hessen<\/a> hervor, denn dieses berechtigt die LZ\u00c4K zur Datenverarbeitung im Zusammenhang mit der Erf\u00fcllung der Aufgaben nach <a href=\"https:\/\/www.rv.hessenrecht.hessen.de\/bshe\/document\/jlr-%C3%84WeitBiGHEV12P5\" target=\"_blank\" rel=\"noopener\">\u00a7 5 Heilberufsgesetz<\/a>, wobei die Verarbeitung auch die \u00dcbermittlung an die BZ\u00c4K erfasst. Dies l\u00e4sst sich aus der Legaldefinition des <a href=\"https:\/\/dejure.org\/gesetze\/DSGVO\/4.html\" target=\"_blank\" rel=\"noopener\">Art . 4 Nr . 2 DSGVO<\/a> ableiten.&#8220; <\/div>\n\t\t\t<\/div><\/p>\n<p style=\"text-align: justify;\">Zum Vergleich dazu aus dem Berliner Heilberufekammergesetz:<\/p>\n<div class=\"spoiler-wrap\">\n\t\t\t\t<div class=\"spoiler-head folded\">Spoiler<\/div>\n\t\t\t\t<div class=\"spoiler-body\"><\/p>\n<p style=\"text-align: justify\"><a href=\"https:\/\/gesetze.berlin.de\/bsbe\/document\/jlr-HeilBKGBEpP5\" target=\"_blank\" rel=\"noopener\">\u00a7 5<\/a> Datenverarbeitung; Berufsverzeichnisse<br \/>\n(1): Die Kammern und die Versorgungseinrichtungen nach \u00a7 21 Absatz 1 sind berechtigt, personenbezogene Daten zu <a href=\"https:\/\/dejure.org\/gesetze\/DSGVO\/4.html\" target=\"_blank\" rel=\"noopener\">verarbeiten<\/a>, soweit dies f\u00fcr die Erf\u00fcllung einer durch dieses Gesetz oder einer anderen gesetzlichen Regelung zugewiesenen Aufgabe und den jeweils damit verbundenen Zweck erforderlich ist&#8220;.<\/p>\n<p style=\"text-align: justify;padding-left: 40px\">Zu Vergleich Heilberufsgesetz Hessen, s.o.: &#8222;Die Kammern d\u00fcrfen Daten ihrer Kammerangeh\u00f6rigen nur verarbeiten, soweit dies f\u00fcr die Wahrnehmung der ihnen in diesem Gesetz zugewiesenen Aufgaben erforderlich ist.&#8220;<\/p>\n<p style=\"text-align: justify\"><a href=\"https:\/\/gesetze.berlin.de\/bsbe\/document\/jlr-HeilBKGBEpP7\" target=\"_blank\" rel=\"noopener\">\u00a7 7<\/a> Aufgaben der Kammer<br \/>\n(5) Zur Wahrung von Berufs- und Standesbelangen sind die Kammern berechtigt, mit Kammern des gleichen Berufs oder anderer Heilberufe, mit Verb\u00e4nden, die gesetzliche Aufgaben in der Sozialversicherung erf\u00fcllen und mit Verb\u00e4nden, die Aufgaben im Rahmen der jeweiligen Kammerzust\u00e4ndigkeit wahrnehmen, in der Bundesrepublik Deutschland sowie in anderen Mitgliedstaaten der Europ\u00e4ischen Union zusammenzuarbeiten und Arbeitsgemeinschaften zu bilden.<br \/>\n(6) Die Kammern k\u00f6nnen Aufgaben, die ihnen durch dieses oder ein anderes Gesetz oder durch Rechtsverordnung \u00fcbertragen werden, einvernehmlich einer anderen Kammer \u00fcbertragen. Sie k\u00f6nnen Verwaltungsaufgaben auch gemeinsam erledigen. Die Vereinbarungen bed\u00fcrfen der Schriftform, der Zustimmung der jeweiligen Delegiertenversammlung und der Genehmigung der Aufsichtsbeh\u00f6rde.<br \/>\n(7) F\u00fcr die Er\u00f6rterung berufs\u00fcbergreifender Angelegenheiten k\u00f6nnen die Kammern gemeinsame Beir\u00e4te bilden&#8230;.. <\/div>\n\t\t\t<\/div>\n<p><span style=\"color: #ffffff;\">.<\/span><\/p>\n<p style=\"text-align: justify;\"><span style=\"text-decoration: underline;\"><strong>Fragen 3 und 4.:<\/strong><\/span> In welchem Umfang erfolgt diese Weitergabe? [&#8230;]<\/p>\n<p style=\"text-align: justify;\"><strong>Antwort:<\/strong><\/p>\n<p style=\"text-align: justify;\">Die BZ\u00c4K fordert folgende Informationen von der Z\u00c4K Berlin an:<\/p>\n<ul style=\"text-align: justify;\">\n<li>Praxis &#8211; ID (Pseudonym)<\/li>\n<li style=\"text-align: justify;\">Postleitzahl<br \/>\n<span style=\"font-size: 8pt;\">(Hinweis: Vorgabe aus der Datenanforderung ist der Gemeindeschl\u00fcssel. W\u00fcrde aus BZ\u00c4K Sicht auch hier reichen. Im BZ\u00c4K-Auswertungsprogramm erfolgt ohne hin die Umwandlung in den Gemeindeschl\u00fcssel)<\/span><\/li>\n<li style=\"text-align: justify;\">Art der Arbeitsst\u00e4tte (Einzelpraxis, BAG, MVZ, Sonstiges)<\/li>\n<li style=\"text-align: justify;\">Mitglieds-ID (Pseudonym)<\/li>\n<li style=\"text-align: justify;\">Geschlecht<\/li>\n<li style=\"text-align: justify;\">Geburtsjahr<\/li>\n<li style=\"text-align: justify;\">Staatsangeh\u00f6rigkeit (3stelliger Code)<\/li>\n<li style=\"text-align: justify;\">Geburtsland (nur Deutschland oder Ausland)<\/li>\n<li style=\"text-align: justify;\">Erwerbsstatus (berufst\u00e4tig\/ nicht berufst\u00e4tig)<\/li>\n<li style=\"text-align: justify;\">Zahn\u00e4rztliche T\u00e4tigkeit (ja\/nein)<\/li>\n<li style=\"text-align: justify;\">F\u00fcr nicht erwerbst\u00e4tige: Status der Nichterwerbst\u00e4tigkeit (Rentner oder Sonstiges)<\/li>\n<li style=\"text-align: justify;\">F\u00fcr Erwerbst\u00e4tige: Status (niedergelassen, angestellt, angestellt au\u00dferhalb von Praxen &#8211; bspw. Uniklinik)<\/li>\n<li style=\"text-align: justify;\">T\u00e4tigkeit als Aus- oder Weiterbildungsassistent<\/li>\n<li style=\"text-align: justify;\">KZV-Zulassung (ja\/nein)<\/li>\n<li style=\"text-align: justify;\">Approbationsjahr<\/li>\n<li style=\"text-align: justify;\">Promotionsjahr<\/li>\n<li style=\"text-align: justify;\">Vorliegen eines Fachzahnarzttitels<\/li>\n<li style=\"text-align: justify;\">Jahr des Erwerbs des Fachzahnarzttitels<\/li>\n<\/ul>\n<p style=\"text-align: justify;\"><span style=\"color: #ffffff;\">.<\/span><\/p>\n<p style=\"text-align: justify;\">Herr ZA Klutke hat dann mal bei der Bundeszahn\u00e4rztekammer nachgefragt, welche Daten von ihm dort eigentlich gespeichert sind? Das Ergebnis lesen Sie hier:<\/p>\n<ul>\n<li style=\"text-align: justify;\"><a href=\"https:\/\/iuzb.de\/?p=32831\" target=\"_blank\" rel=\"noopener\"><strong>Haben Sie es gewusst? Diese Personendaten speichert die Bundeszahn\u00e4rztekammer e.V. \u00fcber alle Zahn\u00e4rztinnen und Zahn\u00e4rzte<\/strong><\/a><\/li>\n<\/ul>\n<p>&nbsp;<\/p>\n","protected":false},"excerpt":{"rendered":"<p>. Anfrage IUZB Delegierter Herr ZA Alexander Klutke vom 20.11.2020 Antwort der Zahn\u00e4rztekammer Berlin vom 13.01.2021 . Fragen 1. und 2.: Auf welcher genauen Rechtsgrundlage erfolgt aus der &#8222;Mitgliederverwaltungssoftware eine [&#8230;]<\/p>\n","protected":false},"author":13,"featured_media":32910,"comment_status":"open","ping_status":"closed","sticky":false,"template":"","format":"standard","meta":{"ngg_post_thumbnail":0,"iawp_total_views":0,"footnotes":""},"categories":[121,108,242,46],"tags":[],"class_list":["post-32804","post","type-post","status-publish","format-standard","has-post-thumbnail","hentry","category-bzaek","category-datenschutz-und-informationsfreiheit","category-infobriefe","category-zahnaerztekammer-berlin"],"_links":{"self":[{"href":"https:\/\/iuzb.de\/index.php?rest_route=\/wp\/v2\/posts\/32804","targetHints":{"allow":["GET"]}}],"collection":[{"href":"https:\/\/iuzb.de\/index.php?rest_route=\/wp\/v2\/posts"}],"about":[{"href":"https:\/\/iuzb.de\/index.php?rest_route=\/wp\/v2\/types\/post"}],"author":[{"embeddable":true,"href":"https:\/\/iuzb.de\/index.php?rest_route=\/wp\/v2\/users\/13"}],"replies":[{"embeddable":true,"href":"https:\/\/iuzb.de\/index.php?rest_route=%2Fwp%2Fv2%2Fcomments&post=32804"}],"version-history":[{"count":25,"href":"https:\/\/iuzb.de\/index.php?rest_route=\/wp\/v2\/posts\/32804\/revisions"}],"predecessor-version":[{"id":32911,"href":"https:\/\/iuzb.de\/index.php?rest_route=\/wp\/v2\/posts\/32804\/revisions\/32911"}],"wp:featuredmedia":[{"embeddable":true,"href":"https:\/\/iuzb.de\/index.php?rest_route=\/wp\/v2\/media\/32910"}],"wp:attachment":[{"href":"https:\/\/iuzb.de\/index.php?rest_route=%2Fwp%2Fv2%2Fmedia&parent=32804"}],"wp:term":[{"taxonomy":"category","embeddable":true,"href":"https:\/\/iuzb.de\/index.php?rest_route=%2Fwp%2Fv2%2Fcategories&post=32804"},{"taxonomy":"post_tag","embeddable":true,"href":"https:\/\/iuzb.de\/index.php?rest_route=%2Fwp%2Fv2%2Ftags&post=32804"}],"curies":[{"name":"wp","href":"https:\/\/api.w.org\/{rel}","templated":true}]}}