{"id":32750,"date":"2021-01-27T12:55:24","date_gmt":"2021-01-27T11:55:24","guid":{"rendered":"http:\/\/iuzb.de\/?p=32750"},"modified":"2021-02-21T09:59:06","modified_gmt":"2021-02-21T08:59:06","slug":"wahllistenuebergreifende-zusammenarbeit-laut-statement-einordnung-des-kammerwahlergebnisses-des-verbandes-der-zahnaerztinnen-und-zahnaerzte-von-berlin-vom-26-01-2021-offenbar-gescheitert","status":"publish","type":"post","link":"https:\/\/iuzb.de\/?p=32750","title":{"rendered":"Wahllisten\u00fcbergreifende Zusammenarbeit in der Kammer laut Statement des Verbandes der Zahn\u00e4rztinnen und Zahn\u00e4rzte von Berlin offenbar gescheitert"},"content":{"rendered":"<p><span style=\"color: #ffffff;\">.<\/span><\/p>\n<ul>\n<li><strong>OFFENER BRIEF der IUZB an die neu gew\u00e4hlten Mitglieder der Delegiertenversammlung<\/strong><\/li>\n<li style=\"text-align: justify;\"><strong>Wahllisten\u00fcbergreifende Zusammenarbeit laut Statement &#8222;<a href=\"https:\/\/www.zahnaerzteverband-berlin.de\/kammerwahl-2020-einordnung-des-ergebnisses\/\" target=\"_blank\" rel=\"noopener\">Einordnung des Kammerwahlergebnisses<\/a>&#8220; des Verbandes der Zahn\u00e4rztinnen und Zahn\u00e4rzte von Berlin vom 26.01.2021 offenbar gescheitert<\/strong><\/li>\n<\/ul>\n<p><span style=\"color: #ffffff;\">.<\/span><\/p>\n<p style=\"text-align: justify;\">Liebe Kolleginnen und Kollegen,<\/p>\n<p style=\"text-align: justify;\">vorgestern Abend, <a href=\"https:\/\/iuzb.de\/?p=32524#comment-2212\" target=\"_blank\" rel=\"noopener\">am Montag, den 25.01.2021<\/a>, hatten wir uns mit Ihnen dar\u00fcber ausgetauscht, wie wir auf der Basis des Ergebnisses der Kammerwahl in der Zukunft zu einer besseren, konstruktiveren Zusammenarbeit zum Nutzen und somit Vorteil aller Berliner Kolleginnen und Kollegen beitragen k\u00f6nnten.<\/p>\n<p style=\"text-align: justify;\">Als Vertreter der IUZB hatten wir den Vorschlag unterbreitet, mit der expliziten Wahl einer Kammerpr\u00e4sidentin\/-Vizepr\u00e4sidentin und unter Einbindung m\u00f6glichst vieler Wahllisten einen grunds\u00e4tzlichen Neustart der Zahn\u00e4rztekammer Berlin anzustreben.<\/p>\n<p style=\"text-align: justify;\">Wir sind der \u00dcberzeugung, dass mit einer deutlichen Erh\u00f6hung des Frauenanteils auf wichtigen Positionen in der Selbstverwaltung einer entscheidenden berufsinternen Tatsachen Rechnung getragen werden muss und hegen die Hoffnung, dass er damit verbundene nat\u00fcrliche\u00a0 \u201ePerspektivenwechsel\u201c auch dazu beitragen k\u00f6nnte, viele \u201em\u00e4nnlich gepr\u00e4gte Konfliktfelder\u201c zu entsch\u00e4rfen.<\/p>\n<p style=\"text-align: justify;\">Wir hatten dies mit dem Angebot verbunden, unser gutes Wahlergebnis, das uns zur zweitst\u00e4rksten Gruppierung in der Berliner Zahn\u00e4rztekammer macht, bei der Unterst\u00fctzung dieser un\u00fcbersehbaren Entwicklung in die Waagschale zu werfen. Nat\u00fcrlich sind wir uns bewusst, dass dies allein noch nicht alles schlagartig zum Besseren wendet. Dennoch glauben wir, dass durch konkrete Sacharbeit und kollegiale Mitgestaltung m\u00f6glichster vieler &#8211; aus der ohnehin sehr \u00fcberschaubaren Gruppe der zur \u00dcbernahme von Verantwortung bereiten &#8211; Kolleginnen und Kollegen auch eine gewisse Disziplinierung im kollegialen Umgang bewirkt. Dies kann der Au\u00dfendarstellung und einem zunehmenden Bedeutungsverlust der Zahn\u00e4rztekammer Berlin ganz allgemein nur guttun.<\/p>\n<p style=\"text-align: justify;\">Wenn wir vorgestern Abend durchaus den Eindruck hatte, dass unser Vorschlag zumindest bei einigen von Ihnen mit ehrlichem Wohlwollen betrachtet worden ist, nehmen wir heute zur Kenntnis, dass unser Angebot zur Zusammenarbeit beim \u201eVerband der Zahn\u00e4rztinnen und Zahn\u00e4rzte von Berlin\u201c, dem \u201eFreien Verband Deutscher Zahn\u00e4rzte\u201c und dem \u201eVerband der Zahn\u00c4rztinnen \u2013 Dentista\u201c offenbar kein positives Echo gefunden hat.<\/p>\n<p style=\"text-align: justify;\">Auf der Internetseite des Verbandes wurde gestern, nur wenige Stunden nach dem Gespr\u00e4ch, die Feststellung getroffen:<\/p>\n<blockquote>\n<p style=\"text-align: justify;\">\u201e(&#8230;) Besonders frustrierend ist die Wahlbeteiligung. Berlin hat damit einen weiteren Tiefpunkt in die Akzeptanz der Selbstverwaltung gesetzt! Wo in anderen L\u00e4ndern teilweise Werte um 50% erreicht werden, sinkt sie in Berlin auf 1\/3! Das ist nicht akzeptabel. In keinem anderen Kammergebiet wird so kontrovers in der Standespolitik diskutiert, wie in unserer Stadt. Obwohl wir auf unseren Bezirksversammlungen immer nur Zustimmung erfahren, \u00e4u\u00dfert sich die \u00fcberwiegende Mehrheit gar nicht. Da wo die Kammer eine konstruktive R\u00fcckkopplung mit den Kollegen erwartet ist Schweigen. Daraus zieht die Opposition dann Nektar f\u00fcr ihr destruktives Handeln in der Delegiertenversammlung und auf ihrer Website.(&#8230;)\u201c<\/p>\n<\/blockquote>\n<p style=\"text-align: justify;\">Nachdem man sich mit einer gewissen Rechenakrobatik den Frust vertr\u00e4glich geschrieben hat, sprudelt dann die Wahrheit ans Licht. Statt allen Teilnehmern der Gespr\u00e4chsrunde die vorgestrige Frage nach dem Fortschritt von Koalitionsdiskussionen zu beantworten, wird uns jetzt der wahre Diskussionsstand der vorgestern Abend angeblich noch v\u00f6llig offenen Koalitionsgespr\u00e4che \u00fcbermittelt. In bekannter Manier von Intransparenz und unter einge\u00fcbter Schuldzuweisung an die Opposition hei\u00dft es jetzt auf der Internetseite:<\/p>\n<blockquote>\n<p style=\"text-align: justify;\">\u201e(\u2026)<strong>Ein klarer Auftrag zur \u201eRegierungsbildung\u201c unter Einbeziehung von Dentista ist uns hiermit erteilt.<\/strong> Die Forderung seitens der IUZB ist eine Wiederholung eines Versuchs ihre wenig konstruktive Haltung von 3 DV\u2019en im Jahr in die w\u00f6chentliche Vorstandsarbeit der Kammer zu tragen. Das kann nicht im Sinne der Kolleginnen und Kollegen in der Stadt sein. Auch wenn sie das gewollt h\u00e4tten, h\u00e4tte die Wahlbeteiligung deutlich h\u00f6her sein m\u00fcssen!\u201c<\/p>\n<\/blockquote>\n<p style=\"text-align: justify;\">Wenn man es nicht doch irgendwie geahnt h\u00e4tte, w\u00fcrde es einem die Sprache verschlagen! Aber wie immer: Die Hoffnung stirbt zuletzt! Sie m\u00fcssen erst noch gew\u00e4hlt werden! Schauen wir mal!<\/p>\n<p style=\"text-align: justify;\">Mit besten Gr\u00fc\u00dfen<\/p>\n<p style=\"text-align: justify;\">Gerhard Gneist<br \/>\nDr. Helmut Dohmeier-de Haan<br \/>\n1. und 2. Vertrauenspersonen Wahlliste IUZB e.V.<\/p>\n<p>&nbsp;<\/p>\n<p><span style=\"text-decoration: underline;\">Verteiler per BCC an:<\/span><\/p>\n<ul>\n<li>Alle Delegierte pers\u00f6nlich, soweit uns die eMail Adresse bekannt ist.<\/li>\n<li>Gesch\u00e4ftsf\u00fchrer Z\u00c4K Berlin<\/li>\n<\/ul>\n","protected":false},"excerpt":{"rendered":"<p>. OFFENER BRIEF der IUZB an die neu gew\u00e4hlten Mitglieder der Delegiertenversammlung Wahllisten\u00fcbergreifende Zusammenarbeit laut Statement &#8222;Einordnung des Kammerwahlergebnisses&#8220; des Verbandes der Zahn\u00e4rztinnen und Zahn\u00e4rzte von Berlin vom 26.01.2021 offenbar [&#8230;]<\/p>\n","protected":false},"author":13,"featured_media":32756,"comment_status":"open","ping_status":"closed","sticky":false,"template":"","format":"standard","meta":{"ngg_post_thumbnail":0,"iawp_total_views":5,"footnotes":""},"categories":[91,242],"tags":[],"class_list":["post-32750","post","type-post","status-publish","format-standard","has-post-thumbnail","hentry","category-delegiertenversammlung","category-infobriefe"],"_links":{"self":[{"href":"https:\/\/iuzb.de\/index.php?rest_route=\/wp\/v2\/posts\/32750","targetHints":{"allow":["GET"]}}],"collection":[{"href":"https:\/\/iuzb.de\/index.php?rest_route=\/wp\/v2\/posts"}],"about":[{"href":"https:\/\/iuzb.de\/index.php?rest_route=\/wp\/v2\/types\/post"}],"author":[{"embeddable":true,"href":"https:\/\/iuzb.de\/index.php?rest_route=\/wp\/v2\/users\/13"}],"replies":[{"embeddable":true,"href":"https:\/\/iuzb.de\/index.php?rest_route=%2Fwp%2Fv2%2Fcomments&post=32750"}],"version-history":[{"count":6,"href":"https:\/\/iuzb.de\/index.php?rest_route=\/wp\/v2\/posts\/32750\/revisions"}],"predecessor-version":[{"id":32757,"href":"https:\/\/iuzb.de\/index.php?rest_route=\/wp\/v2\/posts\/32750\/revisions\/32757"}],"wp:featuredmedia":[{"embeddable":true,"href":"https:\/\/iuzb.de\/index.php?rest_route=\/wp\/v2\/media\/32756"}],"wp:attachment":[{"href":"https:\/\/iuzb.de\/index.php?rest_route=%2Fwp%2Fv2%2Fmedia&parent=32750"}],"wp:term":[{"taxonomy":"category","embeddable":true,"href":"https:\/\/iuzb.de\/index.php?rest_route=%2Fwp%2Fv2%2Fcategories&post=32750"},{"taxonomy":"post_tag","embeddable":true,"href":"https:\/\/iuzb.de\/index.php?rest_route=%2Fwp%2Fv2%2Ftags&post=32750"}],"curies":[{"name":"wp","href":"https:\/\/api.w.org\/{rel}","templated":true}]}}