{"id":32631,"date":"2021-01-15T19:40:06","date_gmt":"2021-01-15T18:40:06","guid":{"rendered":"http:\/\/iuzb.de\/?p=32631"},"modified":"2021-05-18T08:53:37","modified_gmt":"2021-05-18T06:53:37","slug":"wie-viele-berliner-zahnarztpraxen-waren-sind-von-einer-corona-infektion-betroffen","status":"publish","type":"post","link":"https:\/\/iuzb.de\/?p=32631","title":{"rendered":"Wie viele Berliner Zahnarztpraxen waren\/sind von einer Corona-Infektion betroffen?"},"content":{"rendered":"<p style=\"text-align: justify;\">Der Berliner Senat wei\u00df das nicht, wie eine Anfrage im Abgeordnetenhaus im September 2020 ergeben hat:<\/p>\n<ul style=\"text-align: justify;\">\n<li><a href=\"https:\/\/iuzb.de\/?p=31398\" target=\"_blank\" rel=\"noopener\">Abgeordnetenhaus: Senat hat kein Wissen \u00fcber Coronavirus-Erkrankungen in der \u00c4rzteschaft, weil das nicht erfasst wird<\/a><\/li>\n<\/ul>\n<p style=\"text-align: justify;\">Wir haben deshalb an der Quelle nachgefragt, sprich wir haben am 12.01.2021 die Gesundheits\u00e4mter aller Bezirke angeschieben:<\/p>\n<blockquote>\n<p style=\"text-align: justify;\"><strong>Betr.: Anzahl COVID-19 (Coronavirus SARS-CoV-2) Erkrankungen in Zahnarztpraxen<\/strong><\/p>\n<p style=\"text-align: justify;\">Sehr geehrte\/r<\/p>\n<p style=\"text-align: justify;\">ich melde mich bei Ihnen als Delegierter der Delegiertenversammlung der Zahn\u00e4rztekammer Berlin und Vorsitzender der Initiative Unabh\u00e4ngige Zahn\u00e4rzte Berlin (IUZB e. V.).<\/p>\n<p style=\"text-align: justify;\">Wir Zahn\u00e4rzte sind w\u00e4hrend der anhaltenden Pandemie bis heute von den Hilfsleistungen der Politik ausgeschlossen. Lediglich 20 MNS Masken und zwei Gesichtsschilder wurden jeder Praxis zur Verf\u00fcgung gestellt. Ich glaube jedoch, dass wir Zahn\u00e4rzte wesentlich h\u00e4ufiger als andere Gruppen von der Pandemie betroffen sind.<\/p>\n<p style=\"text-align: justify;\">Die Bundeszahn\u00e4rztekammer hat deshalb auf ihrer Internetseite die Landeszahn\u00e4rztekammern dazu aufgerufen, Zahnarztpraxen mit Covid19 Erkrankungen zu melden. Auf Nachfrage hat der Gesch\u00e4ftsf\u00fchrer der Zahn\u00e4rztekammer Berlin mitgeteilt, dass ihm keine Covid19 Erkrankungen von Zahnarztpraxen gemeldet wurden.<\/p>\n<p style=\"text-align: justify;\">Ich kann mir aber nicht vorstellen, dass es in Berlin seit M\u00e4rz 2020 nicht zu Covid-19 Erkrankungen in Zahnarztpraxen gekommen ist. Da es sich bei Zahnarztpraxen um medizinische Einrichtungen handelt, k\u00f6nnte ich mir vorstellen, dass Sie diese eventuell sogar gesondert erfassen.<\/p>\n<ul style=\"text-align: justify;\">\n<li><strong>Meine Bitte an Sie ist, mir mitzuteilen, in wieviel Zahnarztpraxen seit Beginn der Pandemie in Ihrem Bezirk F\u00e4lle mit Covid19 Erkrankungen gemeldet wurden.<\/strong><\/li>\n<\/ul>\n<p style=\"text-align: justify;\">Es w\u00fcrde schon die Anzahl der Praxen ausreichen, damit w\u00e4re auf jeden Fall auch der Datenschutz gew\u00e4hrleistet. Haben Sie vielen Dank.<\/p>\n<p style=\"text-align: justify;\">Gerhard Gneist<br \/>\nDelegierter<br \/>\n1. Vorsitzender IUZB. e.V.<\/p>\n<\/blockquote>\n<p>&nbsp;<\/p>\n<p style=\"text-align: justify;\"><span style=\"text-decoration: underline;\"><strong>Die von dem Gesundheits\u00e4mtern mitgeteilten Zahlen tragen wir nach Erhalt hier ein:<\/strong><\/span><\/p>\n<ul>\n<li><strong>20<\/strong> <strong>Zahnarztpraxen<\/strong> (ca.) im Bezirk <strong>Lichtenberg<\/strong>, mitgeteilt am 15.01.2021<\/li>\n<li><strong>10<\/strong> <strong>Zahnarztpraxen<\/strong> im Bezirk <strong>Reinickendorf<\/strong>, mitgeteilt am 15.01.2021<\/li>\n<li><strong>01 Zaharztpraxis<\/strong> im Bezirk Neuk\u00f6lln, mitgeteilt am 26.01.2021<\/li>\n<li><strong>Keine Erfassung<\/strong> im Bezirk <strong>Steglitz-Zehlendorf<\/strong>, mitgeteilt am 22.01.2021<\/li>\n<li><strong>Keine Erfassung<\/strong> im Bezirk <strong>Pankow<\/strong>, mitgeteilt vor 31.01.2021<\/li>\n<\/ul>\n<p>&nbsp;<\/p>\n","protected":false},"excerpt":{"rendered":"<p>Der Berliner Senat wei\u00df das nicht, wie eine Anfrage im Abgeordnetenhaus im September 2020 ergeben hat: Abgeordnetenhaus: Senat hat kein Wissen \u00fcber Coronavirus-Erkrankungen in der \u00c4rzteschaft, weil das nicht erfasst [&#8230;]<\/p>\n","protected":false},"author":8,"featured_media":32870,"comment_status":"open","ping_status":"closed","sticky":false,"template":"","format":"standard","meta":{"ngg_post_thumbnail":0,"iawp_total_views":13,"footnotes":""},"categories":[177,265,242,150,182],"tags":[],"class_list":["post-32631","post","type-post","status-publish","format-standard","has-post-thumbnail","hentry","category-berlin","category-corona","category-infobriefe","category-lageso","category-senat"],"_links":{"self":[{"href":"https:\/\/iuzb.de\/index.php?rest_route=\/wp\/v2\/posts\/32631","targetHints":{"allow":["GET"]}}],"collection":[{"href":"https:\/\/iuzb.de\/index.php?rest_route=\/wp\/v2\/posts"}],"about":[{"href":"https:\/\/iuzb.de\/index.php?rest_route=\/wp\/v2\/types\/post"}],"author":[{"embeddable":true,"href":"https:\/\/iuzb.de\/index.php?rest_route=\/wp\/v2\/users\/8"}],"replies":[{"embeddable":true,"href":"https:\/\/iuzb.de\/index.php?rest_route=%2Fwp%2Fv2%2Fcomments&post=32631"}],"version-history":[{"count":11,"href":"https:\/\/iuzb.de\/index.php?rest_route=\/wp\/v2\/posts\/32631\/revisions"}],"predecessor-version":[{"id":32858,"href":"https:\/\/iuzb.de\/index.php?rest_route=\/wp\/v2\/posts\/32631\/revisions\/32858"}],"wp:featuredmedia":[{"embeddable":true,"href":"https:\/\/iuzb.de\/index.php?rest_route=\/wp\/v2\/media\/32870"}],"wp:attachment":[{"href":"https:\/\/iuzb.de\/index.php?rest_route=%2Fwp%2Fv2%2Fmedia&parent=32631"}],"wp:term":[{"taxonomy":"category","embeddable":true,"href":"https:\/\/iuzb.de\/index.php?rest_route=%2Fwp%2Fv2%2Fcategories&post=32631"},{"taxonomy":"post_tag","embeddable":true,"href":"https:\/\/iuzb.de\/index.php?rest_route=%2Fwp%2Fv2%2Ftags&post=32631"}],"curies":[{"name":"wp","href":"https:\/\/api.w.org\/{rel}","templated":true}]}}