{"id":32569,"date":"2021-01-12T17:18:23","date_gmt":"2021-01-12T16:18:23","guid":{"rendered":"http:\/\/iuzb.de\/?p=32569"},"modified":"2021-01-12T18:45:23","modified_gmt":"2021-01-12T17:45:23","slug":"zfa-negativpreis-an-die-zaek-wl-fuer-absurdes-gendermarketing","status":"publish","type":"post","link":"https:\/\/iuzb.de\/?p=32569","title":{"rendered":"Schm\u00e4hpreis &#8222;Der Goldene Zaunpfahl&#8220; f\u00fcr die Z\u00c4K WL f\u00fcr absurdes ZFA-Gendermarketing"},"content":{"rendered":"<p><strong><a href=\"https:\/\/goldener-zaunpfahl.de\/wp-content\/uploads\/2020\/07\/Wir-bilden-aus-ZFA.jpg\" target=\"_blank\" rel=\"noopener\"><img loading=\"lazy\" decoding=\"async\" class=\"alignright\" src=\"https:\/\/goldener-zaunpfahl.de\/wp-content\/uploads\/2020\/07\/Wir-bilden-aus-ZFA.jpg\" alt=\"\" width=\"114\" height=\"147\" \/><\/a>M\u00f6chte Ihre Tochter in meiner Zahnarztpraxis arbeiten?<\/strong><\/p>\n<p>Die Zahn\u00e4rztekammer Westfalen-Lippe fragt mittels einer Plakatkampagne Eltern nach dem Berufswunsch ihrer Tochter, um f\u00fcr die Ausbildung zur Zahnmedizinischen Fachangestellten zu werben \u2013 und vergisst dabei, dass dieser Beruf nicht nur f\u00fcr T\u00f6chter in Frage kommt:<\/p>\n<ul>\n<li><span style=\"font-size: 14pt;\"><a href=\"https:\/\/goldener-zaunpfahl.de\/tochter-zmf\/\" target=\"_blank\" rel=\"noopener\">https:\/\/goldener-zaunpfahl.de\/tochter-zmf\/<\/a><\/span><\/li>\n<\/ul>\n<p>Entdeckt f\u00fcr uns von der 11j\u00e4hrigen Tochter eines Lesers. Dankesch\u00f6n! \ud83d\ude42<\/p>\n<p>Weitere Negativbeispiele im dortigen<\/p>\n<ul>\n<li><a href=\"https:\/\/goldener-zaunpfahl.de\/gruselkabinett\/\" target=\"_blank\" rel=\"noopener\">Gruselkabinett<\/a><\/li>\n<\/ul>\n<p>&nbsp;<\/p>\n<p><a href=\"https:\/\/goldener-zaunpfahl.de\/presse\/wahl-2020\/\" target=\"_blank\" rel=\"noopener\">Medienecho zur Preisverleihung 2020<\/a><\/p>\n","protected":false},"excerpt":{"rendered":"<p>M\u00f6chte Ihre Tochter in meiner Zahnarztpraxis arbeiten? Die Zahn\u00e4rztekammer Westfalen-Lippe fragt mittels einer Plakatkampagne Eltern nach dem Berufswunsch ihrer Tochter, um f\u00fcr die Ausbildung zur Zahnmedizinischen Fachangestellten zu werben \u2013 [&#8230;]<\/p>\n","protected":false},"author":13,"featured_media":0,"comment_status":"open","ping_status":"closed","sticky":false,"template":"","format":"standard","meta":{"ngg_post_thumbnail":0,"iawp_total_views":3,"footnotes":""},"categories":[107],"tags":[],"class_list":["post-32569","post","type-post","status-publish","format-standard","hentry","category-zfa"],"_links":{"self":[{"href":"https:\/\/iuzb.de\/index.php?rest_route=\/wp\/v2\/posts\/32569","targetHints":{"allow":["GET"]}}],"collection":[{"href":"https:\/\/iuzb.de\/index.php?rest_route=\/wp\/v2\/posts"}],"about":[{"href":"https:\/\/iuzb.de\/index.php?rest_route=\/wp\/v2\/types\/post"}],"author":[{"embeddable":true,"href":"https:\/\/iuzb.de\/index.php?rest_route=\/wp\/v2\/users\/13"}],"replies":[{"embeddable":true,"href":"https:\/\/iuzb.de\/index.php?rest_route=%2Fwp%2Fv2%2Fcomments&post=32569"}],"version-history":[{"count":13,"href":"https:\/\/iuzb.de\/index.php?rest_route=\/wp\/v2\/posts\/32569\/revisions"}],"predecessor-version":[{"id":32582,"href":"https:\/\/iuzb.de\/index.php?rest_route=\/wp\/v2\/posts\/32569\/revisions\/32582"}],"wp:attachment":[{"href":"https:\/\/iuzb.de\/index.php?rest_route=%2Fwp%2Fv2%2Fmedia&parent=32569"}],"wp:term":[{"taxonomy":"category","embeddable":true,"href":"https:\/\/iuzb.de\/index.php?rest_route=%2Fwp%2Fv2%2Fcategories&post=32569"},{"taxonomy":"post_tag","embeddable":true,"href":"https:\/\/iuzb.de\/index.php?rest_route=%2Fwp%2Fv2%2Ftags&post=32569"}],"curies":[{"name":"wp","href":"https:\/\/api.w.org\/{rel}","templated":true}]}}