{"id":3255,"date":"2012-09-29T17:04:07","date_gmt":"2012-09-29T15:04:07","guid":{"rendered":"http:\/\/www.iuzb.org\/wordpress\/?p=3255"},"modified":"2017-04-17T14:36:08","modified_gmt":"2017-04-17T12:36:08","slug":"personliche-erklarung","status":"publish","type":"post","link":"https:\/\/iuzb.de\/?p=3255","title":{"rendered":"PERS\u00d6NLICHE ERKL\u00c4RUNG"},"content":{"rendered":"<p>Sehr geehrter Herr Kollege Dr. Meyer,<\/p>\n<p>uns liegt das schriftliche Manuskript Ihrer Pers\u00f6nlichen Erkl\u00e4rung als Anlage zum <a href=\"https:\/\/www.kzv-berlin.de\/fileadmin\/user_upload\/Publikationen\/VV-Protokolle\/2011-11-21_VV-Protokoll.pdf\" target=\"_blank\">Protokoll vom 12.12.2011 <\/a> vor und wir sind angesichts ihres Inhalts betroffen.<br \/>\nWir stellen fest, Sie f\u00fchlen sich zutiefst verletzt und ungerecht behandelt.<br \/>\nSie haben seinerzeit mit der Praxis des Kollegen Prickler auch die Leitung des Notdienstes \u00fcbernommen &#8211; problemlos und sie waren ja als junger Vertragszahnarzt mit den Belangen des Zulassungsrechts wenig vertraut.<br \/>\nDas kann bei einem jungen Vertragszahnarzt passieren, obwohl jeder, gerade auch der junge Vertragszahnarzt, sich besser vertraut macht mit der Grundlage seines Honoraraufkommens.<br \/>\nNun, sie engagierten sich in einem Berufsverband und wurden sogar dessen 2. Vorsitzender &#8211; und Ihre Kenntnis von den Belangen des Zulassungsrechts blieb unver\u00e4ndert?<br \/>\nDer Grundsatz des Vertragszahnarztrechts, wonach ein zugelassener Vertragszahnarzt nicht gleichzeitig eine Erm\u00e4chtigung erhalten kann &#8211; blieb von Ihnen unbemerkt?<br \/>\nSie wurden in der Kassenzahn\u00e4rztlichen Vereinigung t\u00e4tig, heute im Referat f\u00fcr \u00d6ffentlichkeitsarbeit, sowie im Haupt- und Haushaltsausschu\u00df &#8211; und Ihre vertragszahnarztrechtlichen Kentnisse haben nicht zugenommen?<br \/>\nDas ist bedauerlich und nicht sehr glaubw\u00fcrdig.<br \/>\nSehr geehrter Herr Kollege Dr. Meyer, man mag durch Unerfahrenheit in etwas hineinstolpern &#8211; keine Frage. Drinbleiben tut man dann allerdings aus eigener Entscheidung.<br \/>\nUnd es gab genug Momente und Impulse von au\u00dfen f\u00fcr eine selbstkritische \u00dcberpr\u00fcfung und Umkehr. Mag es eine Klage vor dem Sozialgericht gewesen sein, die Sie f\u00fcr den Nachtnotfalldienst in eigenem Namen erhoben und f\u00fchrten &#8211; weswegen der Sozialrichter seine Stirn bis zum Hinterkopf runzelte. M\u00f6gen es die Entscheidungen des Zulassungsausschusses und des Berufungsausschusses in den Jahren 2006\/2007 gewesen sein, die jeder auf seine Weise ein Weckruf waren.<br \/>\nKein Erkenntnisgewinn?<br \/>\nUnd dann die Ausf\u00fchrungen des Landessozialgerichts vom 18.7.2008, die mit guter Absicht so einfach und klar formuliert sind ist, dass sich niemand hinter seinem Unverst\u00e4ndnis verstecken kann. Es geht um die Erm\u00e4chtigung zum Nachtnotfalldienst f\u00fcr &#8222;Vivantes Netzwerk f\u00fcr Gesundheit&#8220;, die der Berufungsausschu\u00df per Beschlu\u00df kassiert hatte. Dazu sagt das Landessozialgericht klar und deutlich:<\/p>\n<blockquote><p>&#8222;Denn auf der Grundlage des dem Gericht bekanten Sach- und Streitstandes erweist sich der Beschlu\u00df des Antragsgegners bei summarischer Pr\u00fcfung als rechtm\u00e4\u00dfig. Nach \u00a7 31 Zahn\u00e4rzte-ZV d\u00fcrfte die streitige Erm\u00e4chtigung rechtswidrig gewesen sein.&#8220;<\/p><\/blockquote>\n<p>&#8222;Zweifel thematisiert&#8220; klingt anders. Tats\u00e4chlich wurde das Verfahren nicht im beiderseitigen Einverst\u00e4ndnis eingestellt. Bei einer Laufzeit der Erm\u00e4chtigung von zwei Jahren war nach zwei Jahren die Erm\u00e4chtigung ohnehin erloschen &#8211; \u00fcber deren Rechtm\u00e4\u00dfigkeit urteilen Richter dann nur in Ausnahmef\u00e4llen, der Rechtsstreit ist erledigt.<br \/>\nAber die Richter hatten noch zu entscheiden, wer die Kosten tr\u00e4gt. Das taten sie danach, wer voraussichtlich unterlegen gewesen w\u00e4re &#8211; in diesem Fall die KZV und Vivantes. Deswegen haben sich die Richter des 7. Senats trotz allem die M\u00fche gemacht, den Sachverhalt genau zu recherchieren. Da kommen dann 7 Seiten Protokoll zusammen und eine Terminsdauer von 10.05 bis 12.18 Uhr. Ihnen h\u00e4tten die Richter bestimmt auch ein paar Fragen stellen wollen, Herr Kollege Dr. Meyer. Aber der Termin fand ohne sie statt. Sie waren zwar nicht geladen und beteiligt &#8211; aber es ging um die Erm\u00e4chtigung des Nachtnotfalldienstes, ihres Nachtnotfalldienstes. Kein Interesse gehabt?<br \/>\nAber auch ohne Sie kam das Landessozialgericht zu dem Ergebnis, zun\u00e4chst auf Vivantes bezogen, dann auf Sie:<\/p>\n<blockquote><p>&#8222;Jedenfalls betrieb diese aber im Krankenhaus im Friedrichshain keine zahn\u00e4rztlich geleitete Einrichtung; vielmehr geht der Senat nach dem Ergebnis der heutigen m\u00fcndlichen Verhandlung davon aus, dass zahn\u00e4rztliche Notfalldienstleistungen in den Nachtstunden vom Zahnarzt Dr. Meyer erbracht wurden.&#8220;<\/p><\/blockquote>\n<p>Was an diesem Satz ist f\u00fcr den &#8222;Nichtjuristen&#8220; unverst\u00e4ndlich? Und das Landessozialgericht begr\u00fcndet das dann weiter &#8211; wer Interesse hat, kann von mir eine Kopie des Protokolls erhalten.<br \/>\nUnd sie haben immer noch nicht verstanden, wo und wie Sie gegen das Zulassungsrecht versto\u00dfen haben? Bis heute nicht?<br \/>\nStatt dessen diese weinerliche Rechtfertigungstirade?<br \/>\nWenn das nicht der unglaubliche Versuch ist &#8211; nachdem etwas Zeit verstrichen ist -, auf die Mitleidstour um Vergessen zu bitten, ohne auch nur ansatzweise pers\u00f6nliche Konsequenzen zu ziehen&#8230;.<\/p>\n<p>Dar\u00fcber sind wir betroffen &#8211; f\u00fcr wie vergesslich sollen wir denn gehalten werden?<br \/>\nSie lie\u00dfen jahrelang bis heute die Vertreterversammlung und den &#8222;unwissenden&#8220; ? Vorstand der KZV Berlin, Dr. Husemann und Dr. Pochhammer, Ihre Verbandskollegen im unklaren, die gebetsm\u00fchlenartig erkl\u00e4rten: &#8220; Wir zahlen auf ein Konto von Vivantes&#8220;.<br \/>\nOder wussten Sie auch nicht, dass die KZV auf Ihr Konto zahlt?<br \/>\nNein, Herr Kollege Dr. Meyer, was unser Erinnerungsverm\u00f6gen angeht, ist noch lange kein Ende in Sicht. Denkbar w\u00e4re es, wenn Sie die Kraft aufbringen w\u00fcrden, einen Fehler einzur\u00e4umen. Aber darauf warten wir seit Jahren vergeblich.<\/p>\n<p>G.Gneist<\/p>\n<p>Bitten Sie Herrn Kollegen Meyer um \u00dcbersendung seiner in der Vertreterversammlung abgegebenen schriftlichen Erkl\u00e4rung.<\/p>\n","protected":false},"excerpt":{"rendered":"<p>Sehr geehrter Herr Kollege Dr. Meyer, uns liegt das schriftliche Manuskript Ihrer Pers\u00f6nlichen Erkl\u00e4rung als Anlage zum Protokoll vom 12.12.2011 vor und wir sind angesichts ihres Inhalts betroffen. Wir stellen [&#8230;]<\/p>\n","protected":false},"author":8,"featured_media":0,"comment_status":"open","ping_status":"closed","sticky":false,"template":"","format":"standard","meta":{"ngg_post_thumbnail":0,"iawp_total_views":0,"footnotes":""},"categories":[45,128],"tags":[],"class_list":["post-3255","post","type-post","status-publish","format-standard","hentry","category-kzv-berlin","category-nachtnofalldienstskandal"],"_links":{"self":[{"href":"https:\/\/iuzb.de\/index.php?rest_route=\/wp\/v2\/posts\/3255","targetHints":{"allow":["GET"]}}],"collection":[{"href":"https:\/\/iuzb.de\/index.php?rest_route=\/wp\/v2\/posts"}],"about":[{"href":"https:\/\/iuzb.de\/index.php?rest_route=\/wp\/v2\/types\/post"}],"author":[{"embeddable":true,"href":"https:\/\/iuzb.de\/index.php?rest_route=\/wp\/v2\/users\/8"}],"replies":[{"embeddable":true,"href":"https:\/\/iuzb.de\/index.php?rest_route=%2Fwp%2Fv2%2Fcomments&post=3255"}],"version-history":[{"count":8,"href":"https:\/\/iuzb.de\/index.php?rest_route=\/wp\/v2\/posts\/3255\/revisions"}],"predecessor-version":[{"id":20465,"href":"https:\/\/iuzb.de\/index.php?rest_route=\/wp\/v2\/posts\/3255\/revisions\/20465"}],"wp:attachment":[{"href":"https:\/\/iuzb.de\/index.php?rest_route=%2Fwp%2Fv2%2Fmedia&parent=3255"}],"wp:term":[{"taxonomy":"category","embeddable":true,"href":"https:\/\/iuzb.de\/index.php?rest_route=%2Fwp%2Fv2%2Fcategories&post=3255"},{"taxonomy":"post_tag","embeddable":true,"href":"https:\/\/iuzb.de\/index.php?rest_route=%2Fwp%2Fv2%2Ftags&post=3255"}],"curies":[{"name":"wp","href":"https:\/\/api.w.org\/{rel}","templated":true}]}}