{"id":32543,"date":"2021-01-11T08:44:25","date_gmt":"2021-01-11T07:44:25","guid":{"rendered":"http:\/\/iuzb.de\/?p=32543"},"modified":"2021-01-23T08:41:22","modified_gmt":"2021-01-23T07:41:22","slug":"aufforderung-empfehlung-der-zaek-berlin-zugunsten-von-ffp-2-schutzmasken-als-standardempfehlung","status":"publish","type":"post","link":"https:\/\/iuzb.de\/?p=32543","title":{"rendered":"Aufforderung: Empfehlung der Z\u00c4K Berlin zugunsten von FFP 2 Schutzmasken als Standardempfehlung"},"content":{"rendered":"<p><a href=\"https:\/\/www.baua.de\/DE\/Themen\/Arbeitsgestaltung-im-Betrieb\/Coronavirus\/pdf\/Schutzmasken.pdf?__blob=publicationFile&amp;v=17\" target=\"_blank\" rel=\"noopener\"><img loading=\"lazy\" decoding=\"async\" class=\"alignright wp-image-32434\" src=\"https:\/\/iuzb.de\/wp-content\/uploads\/2020\/12\/2020-09-30-BAuA-Schutzmasken-Bild.jpg\" alt=\"\" width=\"350\" height=\"243\" srcset=\"https:\/\/iuzb.de\/wp-content\/uploads\/2020\/12\/2020-09-30-BAuA-Schutzmasken-Bild.jpg 1267w, https:\/\/iuzb.de\/wp-content\/uploads\/2020\/12\/2020-09-30-BAuA-Schutzmasken-Bild-431x300.jpg 431w, https:\/\/iuzb.de\/wp-content\/uploads\/2020\/12\/2020-09-30-BAuA-Schutzmasken-Bild-173x120.jpg 173w, https:\/\/iuzb.de\/wp-content\/uploads\/2020\/12\/2020-09-30-BAuA-Schutzmasken-Bild-768x534.jpg 768w\" sizes=\"auto, (max-width: 350px) 100vw, 350px\" \/><\/a>Heutiges Schreiben an den Pr\u00e4sidenten der Zahn\u00e4rztekammer Berlin:<\/p>\n<blockquote>\n<p style=\"text-align: justify;\">Sehr geehrter Herr Pr\u00e4sident Dr. Heegewaldt,<\/p>\n<p style=\"text-align: justify;\">wir beziehen uns auf die:<\/p>\n<ul style=\"text-align: justify;\">\n<li><a href=\"https:\/\/www.baua.de\/DE\/Themen\/Arbeitsgestaltung-im-Betrieb\/Coronavirus\/pdf\/Schutzmasken.html\" target=\"_blank\" rel=\"noopener\">Empfehlungen der BAuA und des ad-Hoc AK \u201eCovid-19\u201c des ABAS zum Einsatz von Schutzmasken im Zusammenhang mit SARS-CoV-2<\/a> &#8211; <a href=\"https:\/\/www.baua.de\/DE\/Themen\/Arbeitsgestaltung-im-Betrieb\/Coronavirus\/pdf\/Schutzmasken.pdf?__blob=publicationFile&amp;v=17\" target=\"_blank\" rel=\"noopener\">\u00dcbersicht pdf<\/a><\/li>\n<li>siehe auch unsere Ver\u00f6ffentlichung vom 29.12.2020 dazu: &#8222;<a href=\"https:\/\/iuzb.de\/?p=32430\" target=\"_blank\" rel=\"noopener\">Weshalb nur mit FFP2 Schutzmaske? Weil Arbeits- und Personalschutz seine eigenen Regeln hat!<\/a>&#8222;<\/li>\n<\/ul>\n<p style=\"text-align: justify;\">sowie das bisher unbeantwortete Schreiben unseres Wahllistenmitglieds Herrn ZA Klaus-Peter Jurkat vom 04.01.2020 an Sie und auch an die Bundeszahn\u00e4rztekammer.<\/p>\n<p style=\"text-align: justify;\">Wir bitten darum,<\/p>\n<ul style=\"text-align: justify;\">\n<li>dass die Zahn\u00e4rztekammer Berlin offiziell und \u00f6ffentlich mittels des n\u00e4chsten Rundschreibens und auf der Webseite<\/li>\n<li>eine Grundsatzempfehlung zur Benutzung von Schutzmasken des Typs mindestens FFP2 abgibt.<\/li>\n<li>Au\u00dferdem bitten wir darum, dass die Zahn\u00e4rztekammer Berlin die Bundeszahn\u00e4rztekammer auffordert, dies ebenfalls zu tun.<\/li>\n<\/ul>\n<p style=\"text-align: justify;\">Falls Sie weiterhin davon ausgehen, dass bei der Standardbehandlung ein MNS ausreichend ist, sollten Sie f\u00fcr die niedergelassenen Kollegen eine rechtssichere Begr\u00fcndung zur Verf\u00fcgung stellen.<br \/>\nBitte kl\u00e4ren Sie das dann auch mit den entsprechenden Bundesbeh\u00f6rden ab. Naheliegend ist es auch, das sich dann ebenfalls Fragen zum Patientenschutz ergeben.<br \/>\nDas die bisherigen Ver\u00f6ffentlichungen von BZ\u00c4K, DAHZ, DGZMK und IDZ, die Vorgaben des BAuA au\u00dfer Kraft setzten k\u00f6nnen, ist sehr zweifelhaft. Als Kammer des \u00f6ffentlichen Rechts sehen wir es als Ihre Pflicht, im Rahmen der Pandemiebek\u00e4mpfung, schnellstm\u00f6glich Klarheit zu schaffen.<\/p>\n<p style=\"text-align: justify;\">Mit kollegialen Gr\u00fc\u00dfen<\/p>\n<p>Gerhard Gneist<br \/>\nDelegierter<br \/>\n1. Vertrauensperson Wahlliste IUZB e.V.<\/p><\/blockquote>\n","protected":false},"excerpt":{"rendered":"<p>Heutiges Schreiben an den Pr\u00e4sidenten der Zahn\u00e4rztekammer Berlin: Sehr geehrter Herr Pr\u00e4sident Dr. Heegewaldt, wir beziehen uns auf die: Empfehlungen der BAuA und des ad-Hoc AK \u201eCovid-19\u201c des ABAS zum [&#8230;]<\/p>\n","protected":false},"author":8,"featured_media":0,"comment_status":"open","ping_status":"closed","sticky":false,"template":"","format":"standard","meta":{"ngg_post_thumbnail":0,"iawp_total_views":4,"footnotes":""},"categories":[261,265,242,46],"tags":[],"class_list":["post-32543","post","type-post","status-publish","format-standard","hentry","category-arbeitssicherheit","category-corona","category-infobriefe","category-zahnaerztekammer-berlin"],"_links":{"self":[{"href":"https:\/\/iuzb.de\/index.php?rest_route=\/wp\/v2\/posts\/32543","targetHints":{"allow":["GET"]}}],"collection":[{"href":"https:\/\/iuzb.de\/index.php?rest_route=\/wp\/v2\/posts"}],"about":[{"href":"https:\/\/iuzb.de\/index.php?rest_route=\/wp\/v2\/types\/post"}],"author":[{"embeddable":true,"href":"https:\/\/iuzb.de\/index.php?rest_route=\/wp\/v2\/users\/8"}],"replies":[{"embeddable":true,"href":"https:\/\/iuzb.de\/index.php?rest_route=%2Fwp%2Fv2%2Fcomments&post=32543"}],"version-history":[{"count":4,"href":"https:\/\/iuzb.de\/index.php?rest_route=\/wp\/v2\/posts\/32543\/revisions"}],"predecessor-version":[{"id":32547,"href":"https:\/\/iuzb.de\/index.php?rest_route=\/wp\/v2\/posts\/32543\/revisions\/32547"}],"wp:attachment":[{"href":"https:\/\/iuzb.de\/index.php?rest_route=%2Fwp%2Fv2%2Fmedia&parent=32543"}],"wp:term":[{"taxonomy":"category","embeddable":true,"href":"https:\/\/iuzb.de\/index.php?rest_route=%2Fwp%2Fv2%2Fcategories&post=32543"},{"taxonomy":"post_tag","embeddable":true,"href":"https:\/\/iuzb.de\/index.php?rest_route=%2Fwp%2Fv2%2Ftags&post=32543"}],"curies":[{"name":"wp","href":"https:\/\/api.w.org\/{rel}","templated":true}]}}