{"id":32468,"date":"2021-01-01T17:00:50","date_gmt":"2021-01-01T16:00:50","guid":{"rendered":"http:\/\/iuzb.de\/?p=32468"},"modified":"2021-02-21T10:01:32","modified_gmt":"2021-02-21T09:01:32","slug":"briefing-spiegelbildlichkeit-ausschuss-und-gremienwahlen-fuer-die-legislaturperiode-2021-bis-ende-202","status":"publish","type":"post","link":"https:\/\/iuzb.de\/?p=32468","title":{"rendered":"Briefing Spiegelbildlichkeit: Ausschuss und Gremienwahlen f\u00fcr die Legislaturperiode 2021 bis Ende 2025"},"content":{"rendered":"<p>EMail von heute an den Gesch\u00e4ftsf\u00fchrer der Zahn\u00e4rztekammer Berlin:<\/p>\n<blockquote>\n<p style=\"text-align: justify;\">Sehr geehrter Herr Dr. Fischdick,<\/p>\n<p style=\"text-align: justify;\">wir w\u00fcnschen Ihnen und allen Mitarbeitenden in der Zahn\u00e4rztekammer Berlin alles Gute f\u00fcr das neue Jahr 2021.<\/p>\n<p style=\"text-align: justify;\">Die Wahl zur Delegiertenversammlung der Zahn\u00e4rztekammer Berlin ist beendet und das Ergebnis steht fest. Die Mehrheiten haben sich signifikant verschoben \u2013 einem Durchregieren einiger weniger Verb\u00e4nde haben die W\u00e4hler mit ihrem Votum entschieden widersprochen. Es ist jetzt die Aufgabe der zuk\u00fcnftigen Mitglieder der Versammlung, unterst\u00fctzt durch Sie, einen breitbasig vom W\u00e4hlervotum getragenen Vorstand zu konstituieren. Dem Verband mit den meisten Stimmen obliegt nun das prim\u00e4re Vorschlagsrecht.<\/p>\n<p style=\"text-align: justify;\">Zus\u00e4tzlich zum Vorstand werden wichtige Aussch\u00fcsse zu besetzen und unsere Vertreterschaft f\u00fcr die Bundeszahn\u00e4rztekammer zu w\u00e4hlen sein. Hier sind essentielle demokratische Grundprinzipien (insb. das der Spiegelbildlichkeit) zu ber\u00fccksichtigen.<\/p>\n<p style=\"text-align: justify;\">Wir m\u00f6chten deshalb Sie, als Juristen und Gesch\u00e4ftsf\u00fchrer unserer Zahn\u00e4rztekammer, bitten, uns und auch den anderen dies betreffenden Listen mitzuteilen, wie viel Sitze in welchen Bereichen jeder Gruppierung (Wahlliste), entsprechend dem Spiegelbildlichkeitsprinzip, zuzuordnen sein werden? Bitte geben Sie uns und den anderen Listenvertretern diesbez\u00fcglich bis zum <span style=\"text-decoration: underline;\">13. Januar 2021<\/span> Ihre rechtliche Einsch\u00e4tzung.<\/p>\n<p style=\"text-align: justify;\">Alternativ m\u00f6chten wir Ihnen vorschlagen, alle Vertrauenspersonen der Listen zu einem Briefing in die Kammer zu laden, um auf diese Art und Weise alle im Raum stehenden Rechtsfragen &#8211; und die sich dabei ergebenden Nachfragen &#8211; unmittelbar beantworten zu lassen.<\/p>\n<p style=\"text-align: justify;\">Vielen Dank und<br \/>\nmit freundlichen Gr\u00fc\u00dfen<\/p>\n<p style=\"text-align: justify;\">Gerhard Gneist<br \/>\nDr. Helmut Dohmeier de-Haan<br \/>\n1. und 2. Vertrauenspersonen Liste IUZB e.V.<\/p>\n<\/blockquote>\n","protected":false},"excerpt":{"rendered":"<p>EMail von heute an den Gesch\u00e4ftsf\u00fchrer der Zahn\u00e4rztekammer Berlin: Sehr geehrter Herr Dr. Fischdick, wir w\u00fcnschen Ihnen und allen Mitarbeitenden in der Zahn\u00e4rztekammer Berlin alles Gute f\u00fcr das neue Jahr [&#8230;]<\/p>\n","protected":false},"author":8,"featured_media":32470,"comment_status":"open","ping_status":"closed","sticky":false,"template":"","format":"standard","meta":{"ngg_post_thumbnail":0,"iawp_total_views":6,"footnotes":""},"categories":[91,242,93,46],"tags":[],"class_list":["post-32468","post","type-post","status-publish","format-standard","has-post-thumbnail","hentry","category-delegiertenversammlung","category-infobriefe","category-spiegelbildlichkeit-zahnaerztekammer-berlin","category-zahnaerztekammer-berlin"],"_links":{"self":[{"href":"https:\/\/iuzb.de\/index.php?rest_route=\/wp\/v2\/posts\/32468","targetHints":{"allow":["GET"]}}],"collection":[{"href":"https:\/\/iuzb.de\/index.php?rest_route=\/wp\/v2\/posts"}],"about":[{"href":"https:\/\/iuzb.de\/index.php?rest_route=\/wp\/v2\/types\/post"}],"author":[{"embeddable":true,"href":"https:\/\/iuzb.de\/index.php?rest_route=\/wp\/v2\/users\/8"}],"replies":[{"embeddable":true,"href":"https:\/\/iuzb.de\/index.php?rest_route=%2Fwp%2Fv2%2Fcomments&post=32468"}],"version-history":[{"count":6,"href":"https:\/\/iuzb.de\/index.php?rest_route=\/wp\/v2\/posts\/32468\/revisions"}],"predecessor-version":[{"id":32476,"href":"https:\/\/iuzb.de\/index.php?rest_route=\/wp\/v2\/posts\/32468\/revisions\/32476"}],"wp:featuredmedia":[{"embeddable":true,"href":"https:\/\/iuzb.de\/index.php?rest_route=\/wp\/v2\/media\/32470"}],"wp:attachment":[{"href":"https:\/\/iuzb.de\/index.php?rest_route=%2Fwp%2Fv2%2Fmedia&parent=32468"}],"wp:term":[{"taxonomy":"category","embeddable":true,"href":"https:\/\/iuzb.de\/index.php?rest_route=%2Fwp%2Fv2%2Fcategories&post=32468"},{"taxonomy":"post_tag","embeddable":true,"href":"https:\/\/iuzb.de\/index.php?rest_route=%2Fwp%2Fv2%2Ftags&post=32468"}],"curies":[{"name":"wp","href":"https:\/\/api.w.org\/{rel}","templated":true}]}}