{"id":32370,"date":"2020-12-20T13:18:15","date_gmt":"2020-12-20T12:18:15","guid":{"rendered":"http:\/\/iuzb.de\/?p=32370"},"modified":"2021-02-21T10:01:05","modified_gmt":"2021-02-21T09:01:05","slug":"kammerertuechtigung-weiterhin-offene-antworten","status":"publish","type":"post","link":"https:\/\/iuzb.de\/?p=32370","title":{"rendered":"Kammerert\u00fcchtigung: Weiterhin offene Antworten"},"content":{"rendered":"<p><strong>Betrifft:<\/strong> <b>Sanierung der Gesch\u00e4ftsstelle der Zahn\u00e4rztekammer Berlin K.d.\u00f6.R. (Gewerbe-Mietfl\u00e4che)<\/b><b><br \/>\n<\/b><a href=\"https:\/\/iuzb.de\/?p=32123\" target=\"_blank\" rel=\"noopener\"><b>Ihre Stellungnahme vom 10. Dezember 2020<\/b><\/a><\/p>\n<p><span style=\"color: #ffffff;\">.<\/span><\/p>\n<p>Sehr geehrter Herr Pr\u00e4sident Dr. Heegewaldt,<\/p>\n<p>wir bitten nunmehr erneut um die vollst\u00e4ndige Beantwortung folgender Fragen\u2028:<\/p>\n<p><strong>Umbauma\u00dfnahmen 2020 im Haus der Zahn\u00e4rztekammer Berlin<\/strong><\/p>\n<ul>\n<li>Wann haben die Firmen mit den Umbauma\u00dfnahmen begonnen?\n<ul>\n<li>Antwort: August 2020<\/li>\n<\/ul>\n<\/li>\n<li>Wann sind die Ausschreibungen f\u00fcr welche Ma\u00dfnahmen erfolgt?\n<ul>\n<li>Antwort: Februar 2020<\/li>\n<\/ul>\n<\/li>\n<li>Sind die Ausschreibungen f\u00fcr alle Umbauma\u00dfnahmen erfolgt und abgeschlossen?\n<ul>\n<li>Die Frage nach dem Ausma\u00df und Abschluss der Ausschreibungen ist unbeantwortet.<\/li>\n<\/ul>\n<\/li>\n<li>Welche Firmen haben sich an der Ausschreibung beteiligt?\n<ul>\n<li>Die Frage ist unbeantwortet.<\/li>\n<\/ul>\n<\/li>\n<li>Welche Firma hat den Zuschlag bekommen?\n<ul>\n<li>Die Frage ist unbeantwortet.<\/li>\n<\/ul>\n<\/li>\n<li>Welche Absprachen wurden in Bezug auf die Umbauma\u00dfnahmen mit dem Hauseigent\u00fcmer getroffen?\n<ul>\n<li>Antwort: Die vertraglichen Absprachen mit der Vermieterin sind allen Delegierten in der vergangenen Delegiertenversammlung bekannt gegeben worden.<\/li>\n<li>Frage: In welchen Protokollen der Delegiertenversammlung sind diese Absprachen mit der Vermieterin dokumentiert?<\/li>\n<\/ul>\n<\/li>\n<li>Wie lauten der alte und der neuen Mietvertrag einschlie\u00dflich aller Anh\u00e4nge?\n<ul>\n<li>Frage: Wir fordern eine detaillierte Auflistung aller Absprachen mit der Vermieterin unter Vorlage des Mietvertrages (alt und neu und inklusive aller Anlagen und Anh\u00e4nge).<\/li>\n<\/ul>\n<\/li>\n<\/ul>\n<p><strong>Dienstzimmer des Gesch\u00e4ftsf\u00fchrers<\/strong><\/p>\n<ul>\n<li>Wann erfolgte die Neuausstattung des Dienstzimmers des Gesch\u00e4ftsf\u00fchrers?\n<ul>\n<li>Antwort: Eine neue Ausstattung des B\u00fcros ist nicht erfolgt. Der Gesch\u00e4ftsf\u00fchrer nutzt mit Ausnahme von vier Besucherst\u00fchlen die B\u00fcroausstattung seiner beiden Vorg\u00e4nger. Im Rahmen von notwendigen und vertraglich verpflichten vorgesehenen Instandsetzungsma\u00dfnahmen wurden die B\u00fcrow\u00e4nde gestrichen, ein Austausch der Deckenlampe vorgenommen, und ein Teil der Einbauschr\u00e4nke lackiert.<\/li>\n<li>Frage:Wann erfolgten die notwendigen und vertraglich verpflichten vorgesehenen Instandsetzungsma\u00dfnahmen?<\/li>\n<\/ul>\n<\/li>\n<li>Wie hoch waren die hierbei entstandenen Kosten?\n<ul>\n<li>Frage: Wie hoch waren die Kosten f\u00fcr die beschriebenen Instandsetzungsma\u00dfnahmen?<\/li>\n<\/ul>\n<\/li>\n<li>Ist die Neuausstattung im Rahmen eines Ausschreibungsverfahrens erfolgt?\n<ul>\n<li>Frage: Sind die Instandsetzungsma\u00dfnahmen im Rahmen eines Ausschreibungsverfahrens erfolgt?<\/li>\n<\/ul>\n<\/li>\n<li>Welche Firmen haben sich an dem Ausschreibungsverfahren beteiligt?\n<ul>\n<li>Die Frage ist unbeantwortet.<\/li>\n<\/ul>\n<\/li>\n<li>Welche Firma hat den Zuschlag bekommen?\n<ul>\n<li>Die Frage ist unbeantwortet.<\/li>\n<\/ul>\n<\/li>\n<li>Wie hoch ist der in Rechnung gestellte Gesamtbetrag f\u00fcr die vorgenommenen Ma\u00dfnahmen?\n<ul>\n<li>Die Frage ist unbeantwortet.<\/li>\n<\/ul>\n<\/li>\n<\/ul>\n<p><strong>Abschluss von Versicherungen f\u00fcr hauptamtliche und\/oder ehrenamtliche Mitarbeiter der Zahn\u00e4rztekammer Berlin<\/strong><\/p>\n<ul>\n<li>Gibt es eine zus\u00e4tzliche betriebliche Altersversorgung f\u00fcr die Mitarbeiter?\n<ul>\n<li>Antwort: im Zuge der Verpflichtung aus dem BRSG wurde durch Beschluss des Vorstandes denjenigen Mitarbeitenden, die nicht tarifvertraglich eine gesonderte bAV haben eine bAV angeboten.<\/li>\n<li>Frage: Welche verpflichtende Regelung aus dem BRSG war die Grundlage des Beschlusses des Vorstandes?<\/li>\n<li>Frage: Wann erfolgte dieser Beschllu\u00df ?<\/li>\n<\/ul>\n<\/li>\n<li>Gibt es f\u00fcr die Mitarbeiter eine Krankenzusatzversicherung?\n<ul>\n<li>Antwort: im Rahmen der notwendigen Mitarbeiterbindung wurde durch Beschluss des Vorstandes einigen Mitarbeitern ab dem Jahr 2020 eine betriebliche PKV angeboten.<\/li>\n<li>Frage: Wann erfolgte dieser Beschluss des Vorstandes?<\/li>\n<\/ul>\n<\/li>\n<li>Mit welcher Versicherung wurden die Vertr\u00e4ge wann und in welcher Form abgeschlossen?\n<ul>\n<li>Antwort: Beide Leistungen wurden mit der Allianz, dem Rahmen Vertragspartner der Zahn\u00e4rztekammer Berlin im Bereich der alten BAV abgeschlossen, um g\u00fcnstige Konditionen f\u00fcr die Beg\u00fcnstigten zu erhalten.<\/li>\n<\/ul>\n<\/li>\n<li>Wurde diese Versicherung in Form eines Rahmenvertrages abgeschlossen?\n<ul>\n<li>Antwort: s.o.<\/li>\n<li>Frage:Wer sind die Beg\u00fcnstigten dieses Rahmenvertrages?<\/li>\n<\/ul>\n<\/li>\n<\/ul>\n<ul>\n<li>Wie lautet der Maklervertrag?\n<ul>\n<li>Antwort: Die Frage ist unbeantwortet.<\/li>\n<\/ul>\n<\/li>\n<\/ul>\n<ul>\n<li>Wie hoch waren die Provisionen f\u00fcr den Abschluss der Versicherungen?<\/li>\n<li>An welchen Makler oder sonstige Personen sind die Provisionen geflossen?<\/li>\n<li>Sind im Umfeld des Abschlusses Provisionen oder sonstige Zahlungen zugunsten der Zahn\u00e4rztekammer Berlin gew\u00e4hrt worden?<\/li>\n<li>Sind Teile dieser Leistungen zum wirtschaftlichen Vorteil des Gesch\u00e4ftsf\u00fchrers gew\u00e4hrt worden und wenn ja, sind diese im Vertrag als steuerlicher Vorteil ausgewiesen?<\/li>\n<\/ul>\n<ul>\n<li style=\"list-style-type: none;\">\n<ul>\n<li>Antwort: Provisionen wurden an keine Mitarbeiter der Zahn\u00e4rztekammer gew\u00e4hrt. Ich selbst habe keinerlei wirtschaftlicher oder sonstige Vorteile erlangt.<\/li>\n<\/ul>\n<\/li>\n<li>Sind dem Vorstand der Zahn\u00e4rztekammer Berlin die Vertragsunterlagen f\u00fcr den Abschluss dieser Vertr\u00e4ge vorgelegt worden und hat dieser durch f\u00f6rmlichen Vorstandsbeschluss den Vertrag vor dessen Anschluss genehmigt?\n<ul>\n<li>Antwort: die Frage ist unbeantwortet.<\/li>\n<\/ul>\n<\/li>\n<\/ul>\n<p>Soweit Sie bei der Beantwortung unserer Fragen auf das gesetzlich einger\u00e4umte Pr\u00fcfungsrecht des Haushaltsausschusses verweisen, fordern wir Sie auf, uns die entsprechenden unsere Fragen beantwortenden Unterlagen und Protokolle des Haushaltsausschusses beziehungsweise der Wirtschaftspr\u00fcfer vorzulegen.<\/p>\n<p>F\u00fcr die Beantwortung dieser Fragen hatten wir uns eine Frist bis zum <strong>03. Dezember 2020<\/strong> gesetzt. Wir stellen fest, dass die Beantwortung der an Sie gerichteten Fragen leider\u00a0 unvollst\u00e4ndig erfolgte.<\/p>\n<p>Nach unserer Nachfrist vom 04.12. per 19.12.2020, setzten wir Ihnen hiermit eine weitere <span style=\"text-decoration: underline;\"><strong>Nachfrist bis zum 06. Januar 2020<\/strong><\/span>.<\/p>\n<p>Sollte bis dahin keine Antwort vorliegen, werden wir uns bez\u00fcglich des weiteren Vorgehens in dieser Sache mit der Senatsverwaltung f\u00fcr Gesundheit, Pflege und Gleichstellung als Rechtsaufsicht abstimmen.<\/p>\n<p>Mit freundlichen Gr\u00fc\u00dfen<\/p>\n<p>Gerhard Gneist<br \/>\nDelegierter<br \/>\nWahllistenf\u00fchrer und 1. Vorsitzender IUZB e.V.<\/p>\n<p><span style=\"text-decoration: underline;\">cc.<\/span>\u00a0 Senatsverwaltung f\u00fcr Gesundheit, Pflege und Gleichstellung (Abteilung I C)<\/p>\n<p>&nbsp;<\/p>\n<p>&nbsp;<\/p>\n<p><u>Vorangegangen war diese bisher leider ebenfalls unbeantwortete Anfrage:<\/u><\/p>\n<p>15.11.2020<\/p>\n<p><strong>Betrifft:<\/strong> Anforderung Mietvertrag der Gesch\u00e4ftsstelle der Z\u00c4K Berlin<\/p>\n<p>Sehr geehrter Herr Pr\u00e4sident Dr. Heegewaldt,<\/p>\n<p>ich beziehe mich auf die <a href=\"https:\/\/iuzb.de\/?p=31623\" target=\"_blank\" rel=\"noopener noreferrer\">Delegiertenversammlung vom 12.11.2020<\/a> und bitte zur Nachtragsbearbeitung f\u00fcr die bisherigen und neuen Delegierten der IUZB, zu den TOP 3 \u2013 6 um \u00dcbersendung einer Kopie (gerne als pdf) des kompletten Mietvertrages einschlie\u00dflich aller Anlagen f\u00fcr die Gesch\u00e4ftsstelle.<\/p>\n<p>Mit freundlichen Gr\u00fc\u00dfen<\/p>\n<p>Gerhard Gneist<br \/>\nDelegierter<\/p>\n","protected":false},"excerpt":{"rendered":"<p>Betrifft: Sanierung der Gesch\u00e4ftsstelle der Zahn\u00e4rztekammer Berlin K.d.\u00f6.R. (Gewerbe-Mietfl\u00e4che) Ihre Stellungnahme vom 10. Dezember 2020 . Sehr geehrter Herr Pr\u00e4sident Dr. Heegewaldt, wir bitten nunmehr erneut um die vollst\u00e4ndige Beantwortung [&#8230;]<\/p>\n","protected":false},"author":8,"featured_media":32024,"comment_status":"open","ping_status":"closed","sticky":false,"template":"","format":"standard","meta":{"ngg_post_thumbnail":0,"iawp_total_views":4,"footnotes":""},"categories":[271,242,46],"tags":[],"class_list":["post-32370","post","type-post","status-publish","format-standard","has-post-thumbnail","hentry","category-bv-kammerertuechtigung-zahnaerztekammer-berlin","category-infobriefe","category-zahnaerztekammer-berlin"],"_links":{"self":[{"href":"https:\/\/iuzb.de\/index.php?rest_route=\/wp\/v2\/posts\/32370","targetHints":{"allow":["GET"]}}],"collection":[{"href":"https:\/\/iuzb.de\/index.php?rest_route=\/wp\/v2\/posts"}],"about":[{"href":"https:\/\/iuzb.de\/index.php?rest_route=\/wp\/v2\/types\/post"}],"author":[{"embeddable":true,"href":"https:\/\/iuzb.de\/index.php?rest_route=\/wp\/v2\/users\/8"}],"replies":[{"embeddable":true,"href":"https:\/\/iuzb.de\/index.php?rest_route=%2Fwp%2Fv2%2Fcomments&post=32370"}],"version-history":[{"count":8,"href":"https:\/\/iuzb.de\/index.php?rest_route=\/wp\/v2\/posts\/32370\/revisions"}],"predecessor-version":[{"id":32726,"href":"https:\/\/iuzb.de\/index.php?rest_route=\/wp\/v2\/posts\/32370\/revisions\/32726"}],"wp:featuredmedia":[{"embeddable":true,"href":"https:\/\/iuzb.de\/index.php?rest_route=\/wp\/v2\/media\/32024"}],"wp:attachment":[{"href":"https:\/\/iuzb.de\/index.php?rest_route=%2Fwp%2Fv2%2Fmedia&parent=32370"}],"wp:term":[{"taxonomy":"category","embeddable":true,"href":"https:\/\/iuzb.de\/index.php?rest_route=%2Fwp%2Fv2%2Fcategories&post=32370"},{"taxonomy":"post_tag","embeddable":true,"href":"https:\/\/iuzb.de\/index.php?rest_route=%2Fwp%2Fv2%2Ftags&post=32370"}],"curies":[{"name":"wp","href":"https:\/\/api.w.org\/{rel}","templated":true}]}}