{"id":32270,"date":"2020-12-15T19:20:19","date_gmt":"2020-12-15T18:20:19","guid":{"rendered":"http:\/\/iuzb.de\/?p=32270"},"modified":"2020-12-15T19:24:48","modified_gmt":"2020-12-15T18:24:48","slug":"rahmenvertraege-bei-der-lzaek-bw","status":"publish","type":"post","link":"https:\/\/iuzb.de\/?p=32270","title":{"rendered":"Sieben Rahmenvertr\u00e4ge bei der Landeszahn\u00e4rztekammer Baden-W\u00fcrtemberg"},"content":{"rendered":"<div id=\"c5327\" class=\"frame frame-default frame-type-text frame-layout-0\">\n<div>\n<div class=\" frame-space-after-medium\">\n<p style=\"text-align: justify;\">Die Landeszahn\u00e4rztekammer hat f\u00fcnf Rahmenvertr\u00e4ge im Bereich der<\/p>\n<ul style=\"text-align: justify;\">\n<li><strong>Praxisf\u00fchrung &#8211; Validierung der Aufbereitungsverfahren\/-Prozesse,<\/strong><\/li>\n<li><strong>Abfallentsorgung,<\/strong><\/li>\n<li><strong>Wasseruntersuchung an den Behandlungseinheiten und Pr\u00fcfung von Elektroger\u00e4ten in der Zahnarztpraxis &#8211; sowie<\/strong><\/li>\n<li><strong>Rahmenvertr\u00e4ge f\u00fcr eine Praxisbewertung bei Abgabe der Praxis und die<\/strong><\/li>\n<li><strong>Anmietung von Fahrzeugen.<\/strong><\/li>\n<\/ul>\n<p style=\"text-align: justify;\">In der Corona-Krise hat die Landeszahn\u00e4rztekammer eine weitere Vereinbarung mit zwei Dentalhandelsfirmen abgeschlossen, die<\/p>\n<ul style=\"text-align: justify;\">\n<li><strong>f\u00fcnf Standard-Hygiene- und Arbeitsschutzartikel in einem Corona-Care-Paket f\u00fcr einen 2-Wochen- bzw. 4-Wochen-Vorrat anbieten.<\/strong><\/li>\n<\/ul>\n<p style=\"text-align: justify;\">Die Inanspruchnahme dieser Rahmenvertr\u00e4ge ist ausschlie\u00dflich den Kammermitgliedern der Landeszahn\u00e4rztekammer Baden-W\u00fcrttemberg vorbehalten, die von den verg\u00fcnstigten Konditionen profitieren.<\/p>\n<p style=\"text-align: justify;\">Im November hat die Landeszahn\u00e4rztekammer weitere Rahmenvertr\u00e4ge abgeschlossen. \u00dcber die Firmen<\/p>\n<ul style=\"text-align: justify;\">\n<li>concile GmbH, AlphaScience GmbH und Anton Gerl GmbH<\/li>\n<\/ul>\n<p style=\"text-align: justify;\">k\u00f6nnen Kammermitglieder<\/p>\n<ul style=\"text-align: justify;\">\n<li><strong>Antigen-Schnelltests auf SARS-CoV-2<\/strong><\/li>\n<\/ul>\n<p style=\"text-align: justify;\">zu verg\u00fcnstigten Konditionen beziehen. Alle Antigen-Schnelltests erf\u00fcllen die vom Paul-Ehrlich-Institut und dem RKI aufgestellten Mindestkriterien und sind beim BfArM gelistet.<\/p>\n<\/div>\n<\/div>\n<\/div>\n<div id=\"c1715\" class=\"frame frame-default frame-type-text frame-layout-0\">\n<div>\n<div class=\"\">\n<p style=\"text-align: justify;\">Um die\u00a0Rahmenvertr\u00e4ge und die Konditionen einsehen\u00a0zu k\u00f6nnen, m\u00fcssen Sie sich anmelden.<\/p>\n<ul>\n<li style=\"text-align: justify;\"><span style=\"font-size: 8pt;\"><a class=\"external-link-new-window\" title=\"Opens internal link in current window\" href=\"https:\/\/lzk-bw.de\/zahnaerzte\/praxisfuehrung\/rahmenvertraege#login\" target=\"_blank\" rel=\"noopener\">Zum Login (Nur f\u00fcr Mitglieder des LZK BW)<\/a><\/span><\/li>\n<\/ul>\n<p>&nbsp;<\/p>\n<p>Quelle: Landeszahn\u00e4rztekammer Baden-W\u00fcrtemberg, <a href=\"https:\/\/lzk-bw.de\/zahnaerzte\/praxisfuehrung\/rahmenvertraege\" target=\"_blank\" rel=\"noopener\">Aktualisierung vom 01.12.2020<\/a><\/p>\n<\/div>\n<\/div>\n<\/div>\n","protected":false},"excerpt":{"rendered":"<p>Die Landeszahn\u00e4rztekammer hat f\u00fcnf Rahmenvertr\u00e4ge im Bereich der Praxisf\u00fchrung &#8211; Validierung der Aufbereitungsverfahren\/-Prozesse, Abfallentsorgung, Wasseruntersuchung an den Behandlungseinheiten und Pr\u00fcfung von Elektroger\u00e4ten in der Zahnarztpraxis &#8211; sowie Rahmenvertr\u00e4ge f\u00fcr eine [&#8230;]<\/p>\n","protected":false},"author":13,"featured_media":0,"comment_status":"open","ping_status":"closed","sticky":false,"template":"","format":"standard","meta":{"ngg_post_thumbnail":0,"iawp_total_views":1,"footnotes":""},"categories":[1],"tags":[],"class_list":["post-32270","post","type-post","status-publish","format-standard","hentry","category-allgemein"],"_links":{"self":[{"href":"https:\/\/iuzb.de\/index.php?rest_route=\/wp\/v2\/posts\/32270","targetHints":{"allow":["GET"]}}],"collection":[{"href":"https:\/\/iuzb.de\/index.php?rest_route=\/wp\/v2\/posts"}],"about":[{"href":"https:\/\/iuzb.de\/index.php?rest_route=\/wp\/v2\/types\/post"}],"author":[{"embeddable":true,"href":"https:\/\/iuzb.de\/index.php?rest_route=\/wp\/v2\/users\/13"}],"replies":[{"embeddable":true,"href":"https:\/\/iuzb.de\/index.php?rest_route=%2Fwp%2Fv2%2Fcomments&post=32270"}],"version-history":[{"count":6,"href":"https:\/\/iuzb.de\/index.php?rest_route=\/wp\/v2\/posts\/32270\/revisions"}],"predecessor-version":[{"id":32276,"href":"https:\/\/iuzb.de\/index.php?rest_route=\/wp\/v2\/posts\/32270\/revisions\/32276"}],"wp:attachment":[{"href":"https:\/\/iuzb.de\/index.php?rest_route=%2Fwp%2Fv2%2Fmedia&parent=32270"}],"wp:term":[{"taxonomy":"category","embeddable":true,"href":"https:\/\/iuzb.de\/index.php?rest_route=%2Fwp%2Fv2%2Fcategories&post=32270"},{"taxonomy":"post_tag","embeddable":true,"href":"https:\/\/iuzb.de\/index.php?rest_route=%2Fwp%2Fv2%2Ftags&post=32270"}],"curies":[{"name":"wp","href":"https:\/\/api.w.org\/{rel}","templated":true}]}}