{"id":32166,"date":"2022-01-23T14:20:27","date_gmt":"2022-01-23T13:20:27","guid":{"rendered":"http:\/\/iuzb.de\/?p=32166"},"modified":"2022-01-23T14:26:20","modified_gmt":"2022-01-23T13:26:20","slug":"konstitutierung-der-neuen-delegiertenversammlung-am-21-februar-2021","status":"publish","type":"post","link":"https:\/\/iuzb.de\/?p=32166","title":{"rendered":"Update: Zusammensetzung der (sich am 11.02.2021 konstituierenden) Delegiertenversammlung"},"content":{"rendered":"<p style=\"text-align: justify;\">Sofern alle Gew\u00e4hlten ihr <a href=\"https:\/\/iuzb.de\/wp-content\/uploads\/2020\/09\/MBZ-10-2020-Bekanntmachung-Wahllisten.pdf\" target=\"_blank\" rel=\"noopener\" data-cke-saved-href=\"https:\/\/iuzb.de\/wp-content\/uploads\/2020\/09\/MBZ-10-2020-Bekanntmachung-Wahllisten.pdf\">Listenmandat<\/a> angenommen haben, wird sich die am <a href=\"https:\/\/iuzb.de\/?p=31874\" target=\"_blank\" rel=\"noopener\">02. Dezember 2020<\/a> gew\u00e4hlte Delegiertenversammlung am 11. Februar 2021 wie nachstehend konstituieren. Die n\u00e4chste Legislaturperiode umfasst nicht mehr 4, sondern neu <a href=\"http:\/\/gesetze.berlin.de\/jportal\/?quelle=jlink&amp;query=HeilBKG+BE&amp;psml=bsbeprod.psml&amp;max=true&amp;aiz=true#jlr-HeilBKGBEpP11\" target=\"_blank\" rel=\"noopener\">5 Jahre<\/a>.<\/p>\n<p style=\"text-align: justify;\"><strong>Verband der Zahn\u00e4rztinnen und Zahn\u00e4rzte von Berlin<\/strong> (WV Liste 5):<\/p>\n<ol style=\"text-align: justify;\">\n<li><del>Dr. Karsten <\/del><del>Heegewaldt bis 12.03.2021<\/del> Nachr\u00fccker: Dr. Ingo<strong> Rellermeier<br \/>\n<\/strong><\/li>\n<li>Julie <strong>Fotiadis-Wentker<\/strong><\/li>\n<li>Dr. Dietmar <strong>Kuhn<\/strong><\/li>\n<li>Sigrid <strong>Seifert<\/strong><\/li>\n<li>Andreas <strong>M\u00fcller-Reichenwallner<\/strong><\/li>\n<li><del>Yalda Gerai bis 15.09.2021<\/del> Nachr\u00fccker: Dr. Ufuk <strong>Adali<br \/>\n<\/strong><\/li>\n<li>Dr. Helmut <strong>Kesler<\/strong><\/li>\n<li>Asoudeh <strong>Parish<\/strong><\/li>\n<li>Dr. Detlef <strong>F\u00f6rster<\/strong><\/li>\n<li>Birgit <strong>Frieauff<\/strong><\/li>\n<li><del>Dr. Franz-Josef <\/del><del>Cwiertnia bis 15.03.2021<\/del> Nachr\u00fccker: Dr. Markus<strong> Roggensack<br \/>\n<\/strong><\/li>\n<li>Dr. Igor <strong>Bender<\/strong><\/li>\n<li>Dr. J\u00f6rg <strong>Meyer<\/strong><br \/>\n<span style=\"font-size: 8pt;\"><a href=\"https:\/\/iuzb.de\/wp-content\/uploads\/2020\/09\/MBZ-10-2020-Bekanntmachung-Wahllisten.pdf\" target=\"_blank\" rel=\"noopener\">Nachr\u00fcckende<\/a>: <del>1. Rellermeier, 1. Roggensack, 1. Adali<\/del>, 1. Moegelin, 2. Joos, 3. Fotiadis u.ff.<\/span><\/li>\n<\/ol>\n<p style=\"text-align: justify;\"><strong>IUZB \u2013 Initiative Unabh\u00e4ngige Zahn\u00e4rzte Berlin e. V.<\/strong> (WV Liste 8):<\/p>\n<ol style=\"text-align: justify;\">\n<li>Gerhard <strong>Gneist<\/strong><\/li>\n<li>Dr. H.-Helmut <strong>Dohmeier-de Haan<\/strong><\/li>\n<li>Dr. Lutz-Stephan <strong>Wei\u00df<\/strong><\/li>\n<li>Alexander <strong>Klutke<\/strong><\/li>\n<li>Frank <strong>Bloch<\/strong><\/li>\n<li>Dr. Andreas <strong>Hessberger<\/strong><\/li>\n<li>Dr. Peter <strong>Zemlin<\/strong><\/li>\n<li>Elisabeth<strong> Ronis<\/strong><\/li>\n<li>Dr. J\u00fcrgen <strong>Brandt<\/strong><br \/>\n<span style=\"font-size: 8pt;\"><a href=\"https:\/\/iuzb.de\/wp-content\/uploads\/2020\/09\/MBZ-10-2020-Bekanntmachung-Wahllisten.pdf\" target=\"_blank\" rel=\"noopener\">Nachr\u00fcckende<\/a>: 1. Jurkat, 2. Mense, 3. Frahn u.ff.<\/span><\/li>\n<\/ol>\n<p style=\"text-align: justify;\"><strong>Freier Verband Deutscher Zahn\u00e4rzte e. V. (FVDZ)<\/strong> (WV Liste 7):<\/p>\n<ol style=\"text-align: justify;\">\n<li>Dr. Michael <strong>Dreyer<\/strong><\/li>\n<li>Dr. Jana Lo <strong>Scalzo<\/strong><\/li>\n<li>Dr. Rolf <strong>Kisro<\/strong><\/li>\n<li>Dr. Lars <strong>Eichmann<\/strong><\/li>\n<li>Thekla <strong>Wandelt<\/strong><\/li>\n<li>Dr. Hendrik<strong> Felke<\/strong><\/li>\n<li>Karsten <strong>Geist<\/strong><br \/>\n<span style=\"font-size: 8pt;\"><a href=\"https:\/\/iuzb.de\/wp-content\/uploads\/2020\/09\/MBZ-10-2020-Bekanntmachung-Wahllisten.pdf\" target=\"_blank\" rel=\"noopener\">Nachr\u00fcckende<\/a>: 1. Nowak, 2. Schieritz u.ff.<\/span><\/li>\n<\/ol>\n<p style=\"text-align: justify;\"><strong>Fraktion Gesundheit <\/strong>(WV Liste 2):<strong><br \/>\n<\/strong><\/p>\n<ol style=\"text-align: justify;\">\n<li>H.-Peter <strong>Scharf<\/strong><\/li>\n<li>Winnetou<strong> Kampmann<\/strong><\/li>\n<li>Maryam <strong>Chuadja<\/strong><\/li>\n<li>Dr. Renate<strong> Roggan<\/strong><\/li>\n<li>Karl-Heinz<strong> Bingen<\/strong><\/li>\n<li>Ingrid <strong>Salzmann<\/strong><br \/>\n<span style=\"font-size: 8pt;\"><a href=\"https:\/\/iuzb.de\/wp-content\/uploads\/2020\/09\/MBZ-10-2020-Bekanntmachung-Wahllisten.pdf\" target=\"_blank\" rel=\"noopener\">Nachr\u00fcckende<\/a>: 1. Sch\u00e4tze, 2. Blunck u.ff.<br \/>\n<\/span><\/li>\n<\/ol>\n<p style=\"text-align: justify;\"><strong>Verband der Zahn\u00c4rztinnen \u2013 Dentista<\/strong> (WV Liste 3):<\/p>\n<ol style=\"text-align: justify;\">\n<li>Dr. Juliane <strong>von Hoyningen-Huene<\/strong><\/li>\n<li>Eleni <strong>Kapogianni<\/strong><\/li>\n<li><del>Irina Hahn bis 15.09.2021<\/del> <del>Nachr\u00fcckerin: Dr. Giuliana <\/del><strong><del>Oddo<\/del> <\/strong>Nachr\u00fcckerin: Dr. Susanne <strong>Fath<br \/>\n<\/strong><\/li>\n<li>Klaudia-Adrijana <strong>Miletic<\/strong><\/li>\n<li>Barbara <strong>Plaster<\/strong><br \/>\n<span style=\"font-size: 8pt;\"><a href=\"https:\/\/iuzb.de\/wp-content\/uploads\/2020\/09\/MBZ-10-2020-Bekanntmachung-Wahllisten.pdf\" target=\"_blank\" rel=\"noopener\">Nachr\u00fcckerinnen<\/a>: <del>1. Oddo<\/del>, 1. Kanzlivius, 2. Fath u.ff.<br \/>\n<\/span><\/li>\n<\/ol>\n<p style=\"text-align: justify;\"><strong>Kieferorthop\u00e4die <\/strong>(WV Liste 1):<\/p>\n<ol style=\"text-align: justify;\">\n<li>Michael <strong>M\u00fcller<\/strong><\/li>\n<li>Prof. Dr. Paul-Georg <strong>Jost-Brinkmann<\/strong><\/li>\n<li>Dr. Hans-J\u00fcrgen <strong>K\u00f6ning<\/strong><br \/>\n<span style=\"font-size: 8pt;\"><a href=\"https:\/\/iuzb.de\/wp-content\/uploads\/2020\/09\/MBZ-10-2020-Bekanntmachung-Wahllisten.pdf\" target=\"_blank\" rel=\"noopener\">Nachr\u00fcckende<\/a>: 1. Granzow u.ff.<br \/>\n<\/span><\/li>\n<\/ol>\n<p style=\"text-align: justify;\"><strong>Allianz Berliner Zahnchirurgie<\/strong> (WV Liste 4):<\/p>\n<ol style=\"text-align: justify;\">\n<li>Dr. Thomas <strong>Schmidt-Sellin<\/strong><br \/>\n<span style=\"font-size: 8pt;\"><a href=\"https:\/\/iuzb.de\/wp-content\/uploads\/2020\/09\/MBZ-10-2020-Bekanntmachung-Wahllisten.pdf\" target=\"_blank\" rel=\"noopener\">Nachr\u00fcckende<\/a>: 1. Frey u.ff.<br \/>\n<\/span><\/li>\n<\/ol>\n<p style=\"text-align: justify;\"><strong>\u00d6ffentlicher Gesundheitsdienst<\/strong> (WV 6):<\/p>\n<ol style=\"text-align: justify;\">\n<li>Dr. Silke <strong>Riemer<\/strong><br \/>\n<span style=\"font-size: 8pt;\"><a href=\"https:\/\/iuzb.de\/wp-content\/uploads\/2020\/09\/MBZ-10-2020-Bekanntmachung-Wahllisten.pdf\" target=\"_blank\" rel=\"noopener\">Nachr\u00fcckende<\/a>: Keine<br \/>\nWO \u00a7 21 (5): Weist eine Liste keine Bewerber mehr auf, so findet eine neue Berechnung nach Absatz 1 unter den verbleibenden Wahlvorschl\u00e4gen statt. [= nach dem H\u00f6chstzahlenverfahren (d\u2019Hondt)]<br \/>\n<\/span><\/li>\n<\/ol>\n<p>Zwischensumme 45 Mitglieder<\/p>\n<p>Zu den 45 nach dem <a href=\"http:\/\/gesetze.berlin.de\/jportal\/;jsessionid=91F5A35BE35E82C5A9064062B261E310.jp29?quelle=jlink&amp;query=HeilBKG+BE&amp;psml=bsbeprod.psml&amp;max=true&amp;aiz=true#jlr-HeilBKGBEpP12\" target=\"_blank\" rel=\"noopener\">Berliner Heilberufekammergesetz<\/a> &#8222;in allgemeiner, unmittelbarer, freier, gleicher und geheimer Wahl&#8220; gew\u00e4hltgew\u00e4hlten Mitgliedern, kommt dann noch ein(e) benannte Vertreter\/in der Berliner Hochschulen hinzu.<\/p>\n<p><a href=\"https:\/\/www.zaek-berlin.de\/dateien\/Content\/Dokumente\/%C3%9Cber-uns\/DV\/Mitglieder_der_Delegiertenversammlung_Z%C3%84K_Berlin_2021-2026.pdf\" target=\"_blank\" rel=\"noopener\">Charit\u00e9 Universit\u00e4tsmedizin, benanntes Mitglied<\/a>:<\/p>\n<ul>\n<li>Prof. Dr. Henrik <strong>Dommisch<\/strong><\/li>\n<\/ul>\n<p><span style=\"color: #ffffff;\">.<\/span><\/p>\n<p><span style=\"text-decoration: underline;\"><strong>SUMME 46 Mitglieder<\/strong><\/span><\/p>\n<p>&nbsp;<\/p>\n<p>__________<\/p>\n<p><a href=\"http:\/\/gesetze.berlin.de\/jportal\/;jsessionid=8263F7A7944922D60EB2B332FD04A0CA.jp10?quelle=jlink&amp;query=HeilBKG+BE&amp;psml=bsbeprod.psml&amp;max=true&amp;aiz=true#jlr-HeilBKGBEpP12\" target=\"_blank\" rel=\"noopener\">Berliner Heilberufekammergsetz<\/a><\/p>\n<p><a href=\"https:\/\/www.zaek-berlin.de\/dateien\/Content\/Dokumente\/%C3%9Cber-uns\/DV\/Anlage_TOP_6-2_Hauptsatzung_vom_11.02.2010.pdf\" target=\"_blank\" rel=\"noopener\">Hauptsatzung der Zahn\u00e4rztekammer Berlin<\/a><\/p>\n<blockquote><p><span style=\"font-size: 8pt;\">\u00a7 8 Beendigung des Amtes<\/span><br \/>\n<span style=\"font-size: 8pt;\">(1) Das Amt eines Mitgliedes der Delegiertenversammlung oder des Vorstandes endet vor Ablauf der Wahlperiode<\/span><br \/>\n<span style=\"font-size: 8pt;\">a) durch Tod,<\/span><br \/>\n<span style=\"font-size: 8pt;\">b) durch Verlust der Mitgliedschaft in der Zahn\u00e4rztekammer Berlin (\u00a7 2 Berliner Kammergesetz),<\/span><br \/>\n<span style=\"font-size: 8pt;\">c) durch Verlust der Wahlberechtigung oder der W\u00e4hlbarkeit zur Delegiertenversammlung (\u00a7\u00a7 8 und 9 Berliner Kammergesetz),<\/span><br \/>\n<span style=\"font-size: 8pt;\">d) durch schriftlich erkl\u00e4rte Niederlegung des Amtes.<\/span><br \/>\n<span style=\"font-size: 8pt;\">(2) Endet das Amt eines Delegierten, so nimmt seinen Platz der n\u00e4chste Kandidat der Liste ein, aus welcher der ausgeschiedene Delegierte gew\u00e4hlt wurde. Ist auf der Liste kein Bewerber mehr vorhanden, so wird der freie Platz nach dem in der Wahlordnung beschriebenen Verfahren unter den restlichen Listen vergeben.<\/span><\/p><\/blockquote>\n<p><a href=\"https:\/\/www.zaek-berlin.de\/dateien\/Content\/Dokumente\/%C3%9Cber-uns\/DV\/Anlage_TOP_6-1_Gesch%C3%A4ftsordnung_der_DV_11.02.2010.pdf\" target=\"_blank\" rel=\"noopener\">Gesch\u00e4ftsordnung der Delegiertenversammlung<\/a><\/p>\n<p>Wahlordnung<\/p>\n<blockquote><p><span style=\"font-size: 8pt;\">\u00a7 21 Das Wahlergebnis<\/span><\/p>\n<p><span style=\"font-size: 8pt;\">(4) Der Wahlleiter unterrichtet die Gew\u00e4hlten schriftlich von ihrer Wahl und fordert <\/span><span style=\"font-size: 8pt;\">sie auf, innerhalb einer Frist von einer Woche schriftlich zu erkl\u00e4ren, ob sie die Wahl <\/span><span style=\"font-size: 8pt;\">annehmen. Der Wahlleiter weist auch darauf hin, dass die Gew\u00e4hlten erst dann Delegierte <\/span><span style=\"font-size: 8pt;\">in der Delegiertenversammlung sind, wenn sie dem Wahlleiter die Annahme <\/span><span style=\"font-size: 8pt;\">der Wahl schriftlich erkl\u00e4rt haben. Geht innerhalb der Frist keine Erkl\u00e4rung ein, so <\/span><span style=\"font-size: 8pt;\">gilt die Wahl als abgelehnt. Die Annahme der Wahl unter Vorbehalt oder unter einer <\/span><span style=\"font-size: 8pt;\">Bedingung gilt als Ablehnung.<\/span><\/p>\n<p><span style=\"font-size: 8pt;\">\u00a7 26 Nachr\u00fcckende Bewerber:<\/span><br \/>\n<span style=\"font-size: 8pt;\">Hat ein Gew\u00e4hlter die Annahme seiner Wahl abgelehnt oder scheidet ein Delegierter aus, so tritt an seine Stelle der Bewerber, der auf demselben Wahlvorschlag als n\u00e4chster benannt ist.<\/span><\/p><\/blockquote>\n","protected":false},"excerpt":{"rendered":"<p>Sofern alle Gew\u00e4hlten ihr Listenmandat angenommen haben, wird sich die am 02. Dezember 2020 gew\u00e4hlte Delegiertenversammlung am 11. Februar 2021 wie nachstehend konstituieren. Die n\u00e4chste Legislaturperiode umfasst nicht mehr 4, [&#8230;]<\/p>\n","protected":false},"author":13,"featured_media":0,"comment_status":"open","ping_status":"closed","sticky":false,"template":"","format":"standard","meta":{"ngg_post_thumbnail":0,"iawp_total_views":17,"footnotes":""},"categories":[281,91,242,46],"tags":[],"class_list":["post-32166","post","type-post","status-publish","format-standard","hentry","category-charite","category-delegiertenversammlung","category-infobriefe","category-zahnaerztekammer-berlin"],"_links":{"self":[{"href":"https:\/\/iuzb.de\/index.php?rest_route=\/wp\/v2\/posts\/32166","targetHints":{"allow":["GET"]}}],"collection":[{"href":"https:\/\/iuzb.de\/index.php?rest_route=\/wp\/v2\/posts"}],"about":[{"href":"https:\/\/iuzb.de\/index.php?rest_route=\/wp\/v2\/types\/post"}],"author":[{"embeddable":true,"href":"https:\/\/iuzb.de\/index.php?rest_route=\/wp\/v2\/users\/13"}],"replies":[{"embeddable":true,"href":"https:\/\/iuzb.de\/index.php?rest_route=%2Fwp%2Fv2%2Fcomments&post=32166"}],"version-history":[{"count":74,"href":"https:\/\/iuzb.de\/index.php?rest_route=\/wp\/v2\/posts\/32166\/revisions"}],"predecessor-version":[{"id":37099,"href":"https:\/\/iuzb.de\/index.php?rest_route=\/wp\/v2\/posts\/32166\/revisions\/37099"}],"wp:attachment":[{"href":"https:\/\/iuzb.de\/index.php?rest_route=%2Fwp%2Fv2%2Fmedia&parent=32166"}],"wp:term":[{"taxonomy":"category","embeddable":true,"href":"https:\/\/iuzb.de\/index.php?rest_route=%2Fwp%2Fv2%2Fcategories&post=32166"},{"taxonomy":"post_tag","embeddable":true,"href":"https:\/\/iuzb.de\/index.php?rest_route=%2Fwp%2Fv2%2Ftags&post=32166"}],"curies":[{"name":"wp","href":"https:\/\/api.w.org\/{rel}","templated":true}]}}