{"id":32123,"date":"2020-12-10T20:35:49","date_gmt":"2020-12-10T19:35:49","guid":{"rendered":"http:\/\/iuzb.de\/?p=32123"},"modified":"2021-01-23T08:43:48","modified_gmt":"2021-01-23T07:43:48","slug":"kammerertuechtigung-stellungnahme-der-zaek-zu-unserern-anfragen","status":"publish","type":"post","link":"https:\/\/iuzb.de\/?p=32123","title":{"rendered":"Kammerert\u00fcchtigung: Stellungnahme der Z\u00c4K zu unseren Anfragen"},"content":{"rendered":"<p>Am <a href=\"https:\/\/iuzb.de\/?p=32009\" target=\"_blank\" rel=\"noopener\">15. und 19.11.2020<\/a> hatten wir dem Pr\u00e4sidenten der Zahn\u00e4rztekammer Berlin, Herrn Dr. Heegewaldt, Fragen, u.a. zur baulichen Ert\u00fcchtigung der Gesch\u00e4ftsstelle, gestellt.<\/p>\n<p>Heute erhielten wir eine Antwort mit Teilausk\u00fcnften. Allerdings nicht vom Pr\u00e4sidenten, sondern vom Gesch\u00e4ftsf\u00fchrer:<\/p>\n<blockquote><p>Sehr geehrter Herr Gneist,<\/p>\n<p>in Abstimmung mit der Senatsverwaltung f\u00fcr Gesundheit, Pflege und Gleichstellung darf ich im Auftrag des Vorstands wie folgt antworten:<\/p>\n<ol>\n<li>Die Umbauma\u00dfnahmen zur Ert\u00fcchtigung des Kammergeb\u00e4udes haben im August 2020 mit dem Umbau des zentralen Empfangs der Gesch\u00e4ftsstelle nach im Februar 2020 erfolgter beschr\u00e4nkter Ausschreibung begonnen. Weitere Ausschreibungen und\/oder Umbauma\u00dfnahmen sind nicht erfolgt. Die vertraglichen Absprachen mit der Vermieterin sind allen Delegierten in den vergangenen Delegiertenversammlungen bekannt gegeben worden.<br \/>\n<span style=\"color: #ffffff;\">.<\/span><\/li>\n<li>Eine Neuausstattung des B\u00fcros von &#8211; <em>Name Gesch\u00e4ftsf\u00fchrer<\/em> &#8211; ist nicht erfolgt. &#8211; <em>Name Gesch\u00e4ftsf\u00fchrer<\/em> &#8211; nutzt mit Ausnahme von vier erneuerten Besucherst\u00fchlen, die B\u00fcroausstattung seiner beiden Vorg\u00e4nger. Im Rahmen von notwendigen und vertraglich verpflichtend vorgesehenen Instandsetzungsma\u00dfnahmen wurden die B\u00fcrow\u00e4nde gestrichen, ein Austausch der Deckenlampe vorgenommen, und ein Teil der Einbauschr\u00e4nke lackiert.<br \/>\n<span style=\"color: #ffffff;\">.<\/span><\/li>\n<li>Im Zuge der Verpflichtung aus dem BRSG wurde durch Beschluss des Vorstands denjenigen Mitarbeitenden, die nicht tarifvertraglich eine gesonderte bAV haben, eine bAV angeboten. Im Rahmen der notwendigen Mitarbeiterbindung wurde durch Beschluss des Vorstands einigen Mitarbeitenden ab dem Jahr 2020 eine betriebliche pKV angeboten. Beide Leistungen wurden mit der Allianz, dem Rahmenvertragspartner der Z\u00c4K Berlin im Bereich der alten bAV, abgeschlossen, um g\u00fcnstige Konditionen f\u00fcr die Beg\u00fcnstigten zu erhalten. Provisionen wurden an keinen Mitarbeiter der der Zahn\u00e4rztekammer gew\u00e4hrt. Ich selbst habe keinerlei wirtschaftliche oder sonstige Vorteile erlangt.<\/li>\n<\/ol>\n<p>Hinsichtlich der sonstigen Fragen verweisen wir auf das gesetzlich einger\u00e4umte Pr\u00fcfungsrecht des Haushaltsausschusses, welches dieser zu jeder Zeit vollumf\u00e4nglich wahrgenommen hat, dem s\u00e4mtliche Unterlagen durch die Gesch\u00e4ftsstelle zur Verf\u00fcgung gestellt wurden und dem gemeinsam mit den vom Landesrechnungshof berufenen Wirtschaftspr\u00fcfern die Pr\u00fcfung und \u00dcberwachung der wirtschaftlichen Verh\u00e4ltnisse der Zahn\u00e4rztekammer Berlin und der finanzwirksamen T\u00e4tigkeit des Vorstandes obliegt und welche in allen vergangenen Jahren, wie Sie wissen, einen uneingeschr\u00e4nkten Best\u00e4tigungsvermerk erteilt haben.<\/p>\n<p>Mit freundlichen Gr\u00fc\u00dfen<\/p>\n<p>Im Auftrag<br \/>\n&#8211; <em>Name Gesch\u00e4ftsf\u00fchrer &#8211;<br \/>\n<\/em><\/p>\n<p>cc. per eMail an Pr\u00e4sident und Vizepr\u00e4sident der Z\u00c4K Berlin<\/p><\/blockquote>\n<p><span style=\"color: #ffffff;\">.<\/span><\/p>\n","protected":false},"excerpt":{"rendered":"<p>Am 15. und 19.11.2020 hatten wir dem Pr\u00e4sidenten der Zahn\u00e4rztekammer Berlin, Herrn Dr. Heegewaldt, Fragen, u.a. zur baulichen Ert\u00fcchtigung der Gesch\u00e4ftsstelle, gestellt. Heute erhielten wir eine Antwort mit Teilausk\u00fcnften. Allerdings [&#8230;]<\/p>\n","protected":false},"author":8,"featured_media":32024,"comment_status":"open","ping_status":"closed","sticky":false,"template":"","format":"standard","meta":{"ngg_post_thumbnail":0,"iawp_total_views":0,"footnotes":""},"categories":[271,242,46],"tags":[],"class_list":["post-32123","post","type-post","status-publish","format-standard","has-post-thumbnail","hentry","category-bv-kammerertuechtigung-zahnaerztekammer-berlin","category-infobriefe","category-zahnaerztekammer-berlin"],"_links":{"self":[{"href":"https:\/\/iuzb.de\/index.php?rest_route=\/wp\/v2\/posts\/32123","targetHints":{"allow":["GET"]}}],"collection":[{"href":"https:\/\/iuzb.de\/index.php?rest_route=\/wp\/v2\/posts"}],"about":[{"href":"https:\/\/iuzb.de\/index.php?rest_route=\/wp\/v2\/types\/post"}],"author":[{"embeddable":true,"href":"https:\/\/iuzb.de\/index.php?rest_route=\/wp\/v2\/users\/8"}],"replies":[{"embeddable":true,"href":"https:\/\/iuzb.de\/index.php?rest_route=%2Fwp%2Fv2%2Fcomments&post=32123"}],"version-history":[{"count":16,"href":"https:\/\/iuzb.de\/index.php?rest_route=\/wp\/v2\/posts\/32123\/revisions"}],"predecessor-version":[{"id":32143,"href":"https:\/\/iuzb.de\/index.php?rest_route=\/wp\/v2\/posts\/32123\/revisions\/32143"}],"wp:featuredmedia":[{"embeddable":true,"href":"https:\/\/iuzb.de\/index.php?rest_route=\/wp\/v2\/media\/32024"}],"wp:attachment":[{"href":"https:\/\/iuzb.de\/index.php?rest_route=%2Fwp%2Fv2%2Fmedia&parent=32123"}],"wp:term":[{"taxonomy":"category","embeddable":true,"href":"https:\/\/iuzb.de\/index.php?rest_route=%2Fwp%2Fv2%2Fcategories&post=32123"},{"taxonomy":"post_tag","embeddable":true,"href":"https:\/\/iuzb.de\/index.php?rest_route=%2Fwp%2Fv2%2Ftags&post=32123"}],"curies":[{"name":"wp","href":"https:\/\/api.w.org\/{rel}","templated":true}]}}