{"id":32075,"date":"2020-12-08T19:00:54","date_gmt":"2020-12-08T18:00:54","guid":{"rendered":"http:\/\/iuzb.de\/?p=32075"},"modified":"2025-09-06T13:34:56","modified_gmt":"2025-09-06T11:34:56","slug":"bgh-kammervorstandswahl-ungueltig-kammerpraesident-muss-neutralitaetsgebot-wahren","status":"publish","type":"post","link":"https:\/\/iuzb.de\/?p=32075","title":{"rendered":"BGH: Kammervorstandswahl ung\u00fcltig &#8211; Kammerpr\u00e4sident muss Neutralit\u00e4tsgebot wahren"},"content":{"rendered":"<p>LTO, 08.12.2020:<\/p>\n<ul>\n<li>Wegen Wahlkampfrede des Pr\u00e4sidenten:<br \/>\n<a href=\"https:\/\/www.lto.de\/recht\/juristen\/b\/bgh-anwz-brfg-19-19-vorstandswahl-ungueltig-duesseldorf-neutralitaetsgebot-praesident-vorstaand-anwaltskammer\/\" target=\"_blank\" rel=\"noopener noreferrer\">BGH kippt Vor\u00adstands\u00adwahl der RAK D\u00fcs\u00adsel\u00addorf<\/a><\/li>\n<\/ul>\n<blockquote><p>F\u00fcr die Wahlen zum Kammervorstand gelten, so der Senat, die gleichen demokratischen Grunds\u00e4tze wie f\u00fcr Parlamentswahlen, besonders weil die Kammer als K\u00f6rperschaft des \u00f6ffentlichen Rechts auch hoheitliche Aufnahmen wahrnehme. Daher m\u00fcssten Vorstandsmitglieder und insbesondere auch der Pr\u00e4sident das Neutralit\u00e4tsgebot einhalten, wenn er f\u00fcr die Kammer spricht, etwa im Rahmen eines Rechenschaftsberichts. Sie tr\u00e4ten dann in amtlicher Funktion auf, in der keine Wahlwerbung gemacht werden d\u00fcrfe.<\/p><\/blockquote>\n<p>Soweit die LTO. Sobald das Urteil ver\u00f6ffentlicht wurde, werden wir es auch hier ver\u00f6ffentlichen. Leider gab es (heute) keine <a href=\"https:\/\/www.bundesgerichtshof.de\/DE\/Presse\/Pressemitteilungen\/pressemitteilungen_node.html\" target=\"_blank\" rel=\"noopener noreferrer\">Pressemitteilung des BGH<\/a>.<\/p>\n<p>&nbsp;<\/p>\n<p>&nbsp;<\/p>\n<p><a href=\"https:\/\/de.wikipedia.org\/wiki\/Senat_f%C3%BCr_Anwaltssachen_des_Bundesgerichtshofes\" target=\"_blank\" rel=\"noopener noreferrer\">Anwaltssenat am Bundesgerichtshof<\/a> (BGH), (AnwZ (Brfg) 19\/19)<\/p>\n<ul>\n<li><a href=\"https:\/\/juris.bundesgerichtshof.de\/cgi-bin\/rechtsprechung\/document.py?Gericht=bgh&amp;Art=en&amp;sid=aadbd534ec5553f0d68b3ff89a82ce82&amp;nr=113808&amp;anz=2&amp;pos=0\" target=\"_blank\" rel=\"noopener\">Urteil vom 07.12.2020<\/a><\/li>\n<li><a href=\"https:\/\/juris.bundesgerichtshof.de\/cgi-bin\/rechtsprechung\/document.py?Gericht=bgh&amp;Art=en&amp;sid=aadbd534ec5553f0d68b3ff89a82ce82&amp;nr=106074&amp;anz=2&amp;pos=1\" target=\"_blank\" rel=\"noopener\">Beschluss vom 24.04.2020<\/a><\/li>\n<\/ul>\n","protected":false},"excerpt":{"rendered":"<p>LTO, 08.12.2020: Wegen Wahlkampfrede des Pr\u00e4sidenten: BGH kippt Vor\u00adstands\u00adwahl der RAK D\u00fcs\u00adsel\u00addorf F\u00fcr die Wahlen zum Kammervorstand gelten, so der Senat, die gleichen demokratischen Grunds\u00e4tze wie f\u00fcr Parlamentswahlen, besonders weil [&#8230;]<\/p>\n","protected":false},"author":13,"featured_media":0,"comment_status":"open","ping_status":"closed","sticky":false,"template":"","format":"standard","meta":{"ngg_post_thumbnail":0,"iawp_total_views":0,"footnotes":""},"categories":[82,69,192,190,191,68],"tags":[],"class_list":["post-32075","post","type-post","status-publish","format-standard","hentry","category-bgh","category-koerperschaften","category-neutralitaetspflicht-kzv","category-neutralitaetspflicht-vzb","category-neutralitaetspflicht-zaek","category-recht"],"_links":{"self":[{"href":"https:\/\/iuzb.de\/index.php?rest_route=\/wp\/v2\/posts\/32075","targetHints":{"allow":["GET"]}}],"collection":[{"href":"https:\/\/iuzb.de\/index.php?rest_route=\/wp\/v2\/posts"}],"about":[{"href":"https:\/\/iuzb.de\/index.php?rest_route=\/wp\/v2\/types\/post"}],"author":[{"embeddable":true,"href":"https:\/\/iuzb.de\/index.php?rest_route=\/wp\/v2\/users\/13"}],"replies":[{"embeddable":true,"href":"https:\/\/iuzb.de\/index.php?rest_route=%2Fwp%2Fv2%2Fcomments&post=32075"}],"version-history":[{"count":6,"href":"https:\/\/iuzb.de\/index.php?rest_route=\/wp\/v2\/posts\/32075\/revisions"}],"predecessor-version":[{"id":48591,"href":"https:\/\/iuzb.de\/index.php?rest_route=\/wp\/v2\/posts\/32075\/revisions\/48591"}],"wp:attachment":[{"href":"https:\/\/iuzb.de\/index.php?rest_route=%2Fwp%2Fv2%2Fmedia&parent=32075"}],"wp:term":[{"taxonomy":"category","embeddable":true,"href":"https:\/\/iuzb.de\/index.php?rest_route=%2Fwp%2Fv2%2Fcategories&post=32075"},{"taxonomy":"post_tag","embeddable":true,"href":"https:\/\/iuzb.de\/index.php?rest_route=%2Fwp%2Fv2%2Ftags&post=32075"}],"curies":[{"name":"wp","href":"https:\/\/api.w.org\/{rel}","templated":true}]}}