{"id":32041,"date":"2020-12-06T16:49:50","date_gmt":"2020-12-06T15:49:50","guid":{"rendered":"http:\/\/iuzb.de\/?p=32041"},"modified":"2022-11-08T21:50:52","modified_gmt":"2022-11-08T20:50:52","slug":"elektronische-patientenakte-startet-mit-nur-wenigen-funktionen","status":"publish","type":"post","link":"https:\/\/iuzb.de\/?p=32041","title":{"rendered":"Elektronische Patientenakte startet mit nur wenigen Funktionen"},"content":{"rendered":"<p><a href=\"https:\/\/www.zeit.de\/wissen\/gesundheit\/2020-12\/digitalisierung-gesundheitswesen-e-patientenakte-it-testphase\" target=\"_blank\" rel=\"noopener noreferrer\">so berichtet die SZ<\/a>.<\/p>\n<p>&nbsp;<\/p>\n<p><span style=\"text-decoration: underline;\">Weiterf\u00fchrend siehe auch:<\/span><\/p>\n<ul>\n<li><a href=\"https:\/\/dserver.bundestag.de\/btd\/19\/245\/1924527.pdf\" target=\"_blank\" rel=\"noopener noreferrer\">Antwort der Bundesregierung<\/a><br \/>\nauf die Kleine Anfrage der Abgeordneten Maria Klein-Schmeink,Dr. Konstantin von Notz, Dr. Kirsten Kappert-Gonther, weiterer Abgeordneter und der Fraktion B\u00dcNDNIS 90\/DIE GR\u00dcNEN\u2013 Drucksache 19\/24103 \u2013 vom 20.11.2020, ver\u00f6ffentlicht am 26.11.2020 (Vorabversion)<\/li>\n<\/ul>\n<blockquote><p>Seite 2: In diesem Kontext erfolgt die Einf\u00fchrung in einem Stufenprozess (siehe die Antwort der Bundesregierung auf die Fragen 1 bis 3). &#8230; Hierbei ist es wichtig, im Rahmen einer Testphase das Zusammenspiel der Komponenten planm\u00e4\u00dfig zu testen und anschlie\u00dfend kontrolliert mit dem Rollout zu beginnen, sodass bis zum <strong>30. Juni 2021<\/strong> die an der vertrags\u00e4rztlichen Versorgung teilnehmenden Leistungserbringer an die ePA angeschlossen sind.<\/p><\/blockquote>\n<p>&nbsp;<\/p>\n<blockquote><p>Seite 3: Nach erfolgter Testphase und finaler Zulassung beginnt dann die dritte Stufe in Form der fl\u00e4chendeckenden Vernetzung der ePA. Entsprechend der bestehen den gesetzlichen Vorgaben m\u00fcssen \u00c4rztinnen und \u00c4rzte <strong>sowie Zahn\u00e4rztinnen und Zahn\u00e4rzte<\/strong> bis zum <strong>01. Juli 2021<\/strong> \u00fcber die f\u00fcr den Zugriff auf die ePA erforderlichen Komponenten und Dienste verf\u00fcgen.<\/p><\/blockquote>\n","protected":false},"excerpt":{"rendered":"<p>so berichtet die SZ. &nbsp; Weiterf\u00fchrend siehe auch: Antwort der Bundesregierung auf die Kleine Anfrage der Abgeordneten Maria Klein-Schmeink,Dr. Konstantin von Notz, Dr. Kirsten Kappert-Gonther, weiterer Abgeordneter und der Fraktion [&#8230;]<\/p>\n","protected":false},"author":13,"featured_media":0,"comment_status":"open","ping_status":"closed","sticky":false,"template":"","format":"standard","meta":{"ngg_post_thumbnail":0,"iawp_total_views":0,"footnotes":""},"categories":[345],"tags":[],"class_list":["post-32041","post","type-post","status-publish","format-standard","hentry","category-e-patientenakte"],"_links":{"self":[{"href":"https:\/\/iuzb.de\/index.php?rest_route=\/wp\/v2\/posts\/32041","targetHints":{"allow":["GET"]}}],"collection":[{"href":"https:\/\/iuzb.de\/index.php?rest_route=\/wp\/v2\/posts"}],"about":[{"href":"https:\/\/iuzb.de\/index.php?rest_route=\/wp\/v2\/types\/post"}],"author":[{"embeddable":true,"href":"https:\/\/iuzb.de\/index.php?rest_route=\/wp\/v2\/users\/13"}],"replies":[{"embeddable":true,"href":"https:\/\/iuzb.de\/index.php?rest_route=%2Fwp%2Fv2%2Fcomments&post=32041"}],"version-history":[{"count":7,"href":"https:\/\/iuzb.de\/index.php?rest_route=\/wp\/v2\/posts\/32041\/revisions"}],"predecessor-version":[{"id":32048,"href":"https:\/\/iuzb.de\/index.php?rest_route=\/wp\/v2\/posts\/32041\/revisions\/32048"}],"wp:attachment":[{"href":"https:\/\/iuzb.de\/index.php?rest_route=%2Fwp%2Fv2%2Fmedia&parent=32041"}],"wp:term":[{"taxonomy":"category","embeddable":true,"href":"https:\/\/iuzb.de\/index.php?rest_route=%2Fwp%2Fv2%2Fcategories&post=32041"},{"taxonomy":"post_tag","embeddable":true,"href":"https:\/\/iuzb.de\/index.php?rest_route=%2Fwp%2Fv2%2Ftags&post=32041"}],"curies":[{"name":"wp","href":"https:\/\/api.w.org\/{rel}","templated":true}]}}