{"id":32009,"date":"2020-12-04T21:37:49","date_gmt":"2020-12-04T20:37:49","guid":{"rendered":"http:\/\/iuzb.de\/?p=32009"},"modified":"2021-01-23T08:45:39","modified_gmt":"2021-01-23T07:45:39","slug":"kammerertuechtigung-anfrage-der-iuzb-blieben-vom-kammerpraesidenten-bisher-leider-unbeantwortet","status":"publish","type":"post","link":"https:\/\/iuzb.de\/?p=32009","title":{"rendered":"Kammerert\u00fcchtigung: Anfragen der IUZB blieben vom Kammerpr\u00e4sidenten bisher leider unbeantwortet"},"content":{"rendered":"<p>Wir haben daher wegen Fristablauf heute leider eine Nachfrist bis zum 19. Dezember 2020 setzen m\u00fcssen:<\/p>\n<blockquote><p>19.11.2020<\/p>\n<p><span style=\"text-decoration: underline;\"><strong>Betrifft:<\/strong><\/span> Sanierung der Gesch\u00e4ftsstelle der Zahn\u00e4rztekammer Berlin K.d.\u00f6.R. (Gewerbe-Mietfl\u00e4che)<\/p>\n<p>Sehr geehrter Herr Pr\u00e4sident Dr. Heegewaldt,<\/p>\n<p>wir bitten um Beantwortung folgender Fragen\u2028:<\/p>\n<p><strong>Umbauma\u00dfnahmen 2020 im Haus der Zahn\u00e4rztekammer Berlin<\/strong><\/p>\n<ul>\n<li>Wann haben die Firmen mit den Umbauma\u00dfnahmen begonnen?<\/li>\n<li>Wann sind die Ausschreibung f\u00fcr welche Ma\u00dfnahmen erfolgt?<\/li>\n<li>Sind die Ausschreibungen f\u00fcr alle Umbauma\u00dfnahmen erfolgt und abgeschlossen?<\/li>\n<li>Welche Firmen haben sich an der Ausschreibung beteiligt?<\/li>\n<li>Welche Firma hat den Zuschlag bekommen?<\/li>\n<li>Welche Absprachen wurden in Bezug auf die Umbauma\u00dfnahmen mit dem Hauseigent\u00fcmer getroffen?<\/li>\n<li>Wie lauten der alte und der neuen Mietvertrag einschlie\u00dflich aller Anh\u00e4nge?<\/li>\n<\/ul>\n<p><strong>Dienstzimmer des Gesch\u00e4ftsf\u00fchrers<\/strong><\/p>\n<ul>\n<li>Wann erfolgte die Neuausstattung des Dienstzimmers des Gesch\u00e4ftsf\u00fchrers?<\/li>\n<li>Wie hoch waren die hierbei entstandenen Kosten?<\/li>\n<li>Ist die Neuausstattung im Rahmen eines Ausschreibungsverfahrens erfolgt?<\/li>\n<li>Welche Firmen haben sich an dem Ausschreibungsverfahren beteiligt?<\/li>\n<li>Welche Firma hat den Zuschlag bekommen?<\/li>\n<li>Wie hoch ist der in Rechnung gestellte Gesamtbetrag f\u00fcr die vorgenommenen Ma\u00dfnahmen?<\/li>\n<\/ul>\n<p><strong>Abschluss von Versicherungen f\u00fcr hauptamtliche und\/oder ehrenamtliche Mitarbeiter der Zahn\u00e4rztekammer Berlin<\/strong><\/p>\n<ul>\n<li>Gibt es eine zus\u00e4tzliche betriebliche Altersversorgung f\u00fcr die Mitarbeiter?<\/li>\n<li>Gibt es f\u00fcr die Mitarbeiter eine Krankenzusatzversicherung?<\/li>\n<li>Mit welcher Versicherung wurden die Vertr\u00e4ge wann und in welcher Form abgeschlossen?<\/li>\n<li>Wurde diese Versicherung in Form eines Rahmenvertrages abgeschlossen?<\/li>\n<li>Wie lautet der Maklervertrag?<\/li>\n<li>Wie hoch waren die Provisionen f\u00fcr den Abschluss der Versicherungen?<\/li>\n<li>An welchen Makler oder sonstige Personen sind die Provisionen geflossen?<\/li>\n<li>Sind im Umfeld des Abschlusses Provisionen oder sonstige Zahlungen zugunsten der Zahn\u00e4rztekammer Berlin gew\u00e4hrt worden?<\/li>\n<li>Sind Teile dieser Leistungen zum wirtschaftlichen Vorteil des Gesch\u00e4ftsf\u00fchrers gew\u00e4hrt worden und wenn ja, sind diese im Vertrag als steuerlicher Vorteil ausgewiesen?<\/li>\n<li>Sind dem Vorstand der Zahn\u00e4rztekammer Berlin die Vertragsunterlagen f\u00fcr den Abschluss dieser Vertr\u00e4ge vorgelegt worden und hat dieser durch f\u00f6rmlichen Vorstandsbeschluss den Vertrag vor dessen Anschluss genehmigt?<\/li>\n<\/ul>\n<p>F\u00fcr die Beantwortung dieser Fragen haben wir uns eine Frist bis zum <strong>03. Dezember 2020<\/strong> gesetzt. Sollte bis dahin keine Antwort vorliegen, werden wir uns bez\u00fcglich des weiteren Vorgehens in dieser Sache mit der Senatsverwaltung f\u00fcr Gesundheit, Pflege und Gleichstellung als Rechtsaufsicht abstimmen.<\/p>\n<p>Mit freundlichen Gr\u00fc\u00dfen<\/p>\n<p>Gerhard Gneist<br \/>\nDelegierter<br \/>\nWahllistenf\u00fchrer und 1. Vorsitzender IUZB e.V.<\/p>\n<p><span style=\"text-decoration: underline;\">cc.<\/span>\u00a0 Senatsverwaltung f\u00fcr Gesundheit, Pflege und Gleichstellung (Abteilung I C)<\/p><\/blockquote>\n<p>&nbsp;<\/p>\n<p>Vorangegangen war diese bisher leider ebenfalls unbeantwortete Anfrage:<\/p>\n<blockquote><p>15.11.2020<\/p>\n<p><span style=\"text-decoration: underline;\"><strong>Betrifft:<\/strong><\/span> Anforderung Mietvertrag der Gesch\u00e4ftsstelle der Z\u00c4K Berlin<\/p>\n<p>Sehr geehrter Herr Pr\u00e4sident Dr. Heegewaldt,<\/p>\n<p>ich beziehe mich auf die <a href=\"https:\/\/iuzb.de\/?p=31623\" target=\"_blank\" rel=\"noopener noreferrer\">Delegiertenversammlung vom 12.11.2020<\/a> und bitte zur Nachtragsbearbeitung f\u00fcr die bisherigen und neuen Delegierten der IUZB, zu den TOP 3 &#8211; 6 um \u00dcbersendung einer Kopie (gerne als pdf) des kompletten Mietvertrages einschlie\u00dflich aller Anlagen f\u00fcr die Gesch\u00e4ftsstelle.<\/p>\n<p>Mit freundlichen Gr\u00fc\u00dfen<\/p>\n<p>Gerhard Gneist<br \/>\nDelegierter<\/p><\/blockquote>\n","protected":false},"excerpt":{"rendered":"<p>Wir haben daher wegen Fristablauf heute leider eine Nachfrist bis zum 19. Dezember 2020 setzen m\u00fcssen: 19.11.2020 Betrifft: Sanierung der Gesch\u00e4ftsstelle der Zahn\u00e4rztekammer Berlin K.d.\u00f6.R. (Gewerbe-Mietfl\u00e4che) Sehr geehrter Herr Pr\u00e4sident [&#8230;]<\/p>\n","protected":false},"author":8,"featured_media":32024,"comment_status":"open","ping_status":"closed","sticky":false,"template":"","format":"standard","meta":{"ngg_post_thumbnail":0,"iawp_total_views":3,"footnotes":""},"categories":[271,242,46],"tags":[],"class_list":["post-32009","post","type-post","status-publish","format-standard","has-post-thumbnail","hentry","category-bv-kammerertuechtigung-zahnaerztekammer-berlin","category-infobriefe","category-zahnaerztekammer-berlin"],"_links":{"self":[{"href":"https:\/\/iuzb.de\/index.php?rest_route=\/wp\/v2\/posts\/32009","targetHints":{"allow":["GET"]}}],"collection":[{"href":"https:\/\/iuzb.de\/index.php?rest_route=\/wp\/v2\/posts"}],"about":[{"href":"https:\/\/iuzb.de\/index.php?rest_route=\/wp\/v2\/types\/post"}],"author":[{"embeddable":true,"href":"https:\/\/iuzb.de\/index.php?rest_route=\/wp\/v2\/users\/8"}],"replies":[{"embeddable":true,"href":"https:\/\/iuzb.de\/index.php?rest_route=%2Fwp%2Fv2%2Fcomments&post=32009"}],"version-history":[{"count":13,"href":"https:\/\/iuzb.de\/index.php?rest_route=\/wp\/v2\/posts\/32009\/revisions"}],"predecessor-version":[{"id":32023,"href":"https:\/\/iuzb.de\/index.php?rest_route=\/wp\/v2\/posts\/32009\/revisions\/32023"}],"wp:featuredmedia":[{"embeddable":true,"href":"https:\/\/iuzb.de\/index.php?rest_route=\/wp\/v2\/media\/32024"}],"wp:attachment":[{"href":"https:\/\/iuzb.de\/index.php?rest_route=%2Fwp%2Fv2%2Fmedia&parent=32009"}],"wp:term":[{"taxonomy":"category","embeddable":true,"href":"https:\/\/iuzb.de\/index.php?rest_route=%2Fwp%2Fv2%2Fcategories&post=32009"},{"taxonomy":"post_tag","embeddable":true,"href":"https:\/\/iuzb.de\/index.php?rest_route=%2Fwp%2Fv2%2Ftags&post=32009"}],"curies":[{"name":"wp","href":"https:\/\/api.w.org\/{rel}","templated":true}]}}