{"id":31994,"date":"2020-12-03T09:57:25","date_gmt":"2020-12-03T08:57:25","guid":{"rendered":"http:\/\/iuzb.de\/?p=31994"},"modified":"2021-02-21T10:00:44","modified_gmt":"2021-02-21T09:00:44","slug":"iuzb-erhebt-machtanspruch-zum-ergebnis-der-wahl-zur-delegiertenversammlung-der-zahnaerztekammer-berlin-vom-02-12-2020","status":"publish","type":"post","link":"https:\/\/iuzb.de\/?p=31994","title":{"rendered":"IUZB erhebt Machtanspruch auf gestaltende Mitarbeit im neuen Kammervorstand"},"content":{"rendered":"<p><em><strong>Ob es nun ein d\u00fcnner Fisch oder ein dicker Fisch ist &#8211; Fakt bleibt, dass er vom Kopf her stinkt.<\/strong><\/em><\/p>\n<p style=\"text-align: justify;\">Die Berliner Kolleginnen und Kollegen haben mit Ihrer Stimmabgabe bei der jetzigen Kammerwahl ein eindeutiges Zeichen gesetzt:<\/p>\n<p style=\"text-align: justify;\">Sie haben genug von korrupten Amigo Kl\u00fcngeleien \u00e0 la Heegewaldt und Co.<\/p>\n<p style=\"text-align: justify;\">Ein Pr\u00e4sident, der nicht f\u00e4hig ist alleine das Ruder zur F\u00fchrung der Zahn\u00e4rztekammer in der Hand zu halten, sich selber mit Reise- und Sitzungsgeldern die Taschen stopft und alles andere seinem \u00fcberbezahlten Duzfreund \u00fcberl\u00e4sst, sollte nicht mehr der Repr\u00e4sentant einer K\u00f6rperschaft des \u00f6ffentlichen Rechts bleiben. Es ist nicht zu verstehen, dass sich seit der Einstellung des neuen Gesch\u00e4ftsf\u00fchrers f\u00fcr die Berliner Zahn\u00e4rzteschaft nichts verbessert hat, sondern nur die Pflichtbeitr\u00e4ge in unerkl\u00e4rlicher und unertr\u00e4glicher Weise durch die Decke geschnellt sind. Neben der Tatsache, dass das Prinzip der Selbstbedienung von Ex-Pr\u00e4sident Schmiedel eingef\u00fchrt worden ist, so ist es unter seinem Nachfolger noch ausgebaut worden. Die Besetzung von Stellen wird heutzutage nicht mehr nach fachlicher Qualit\u00e4t, sondern ausschlie\u00dflich nach der Willf\u00e4hrigkeit der Bewerber, die obendrein aus den Bekanntenkreisen rekrutiert werden.<\/p>\n<p style=\"text-align: justify;\">Die durchschnittliche Berliner Zahn\u00e4rztin und der durchschnittliche Berliner Zahnarzt, m\u00fcssen seit mehr als 30 Jahren ihrer Profession unter immer h\u00f6heren b\u00fcrokratischen Widrigkeiten und dabei unter der fast gleichen Honorierung wie 1990 nachgehen. Da ist es mehr als verst\u00e4ndlich, dass die Kollegenschaft endlich eine F\u00fchrung und Repr\u00e4sentanz verdient, die die Ehrenamtlichkeit wieder personifiziert und nicht den eigenen Profit nachhechelt. Wahrscheinlich ist es den meisten Kollegen dabei nicht einmal bewusst, dass neben der F\u00fchrung der Zahn\u00e4rztekammer, aus der gleichen Praxis auch der Vorsitzende des Verwaltungsausschuss des Versorgungswerks gestellt wird. Und um noch einen draufzusetzen: der Vorsitzende der Vertreterversammlung des Versorgungswerks ist gleichzeitig der Vorsitzende der Kassenzahn\u00e4rztlichen Vereinigung und der engste Freund des Vorsitzenden des Verwaltungsausschusses. Wer darin keine \u00c4mterh\u00e4ufung und \u201eAmigo\u201c-Absprachen sieht, muss wohl mehr als blau\u00e4ugig sein. Lanciert werden diese Herrschaften von einer Entourage von Claqueuren, die sich alle mit Posten und P\u00f6stchen durchf\u00fcttern lassen und wie der folgsame Terrier alles wegbei\u00dfen, was dem Herrchen gef\u00e4hrlich werden k\u00f6nnte. Wer uns nicht glaubt, kann sich auf den Websites der einzelnen K\u00f6rperschaften selbst ein Bild machen:<\/p>\n<ul style=\"text-align: justify;\">\n<li><a href=\"https:\/\/www.zaek-berlin.de\/ueber-uns\/vorstand-geschaeftsfuehrung.html\" target=\"_blank\" rel=\"noopener noreferrer\">Z\u00c4K Berlin &#8211; \u00dcber uns<\/a><\/li>\n<li><a href=\"https:\/\/www.vzberlin.org\/organe.php\" target=\"_blank\" rel=\"noopener noreferrer\">Versorgungswerk VZB &#8211; Organe<\/a><\/li>\n<li><a href=\"https:\/\/www.kzv-berlin.de\/kzv-berlin\/organe-und-struktur\/vorstand\/\" target=\"_blank\" rel=\"noopener noreferrer\">KZV Berlin Vorstand<\/a><\/li>\n<\/ul>\n<p style=\"text-align: justify;\">Haben Sie es gemerkt? Viele Namen tauchen mehrmals auf &#8211; ein Schelm wer B\u00f6ses dabei denkt. Transparenz und Ausgewogenheit sehen anders aus. Die meisten Amtstr\u00e4ger stammen aus dem Verband der Zahn\u00e4rztinnen und Zahn\u00e4rzte von Berlin und dem Freien Verband Deutscher Zahn\u00e4rzte und genau diese Koalition hat aus gutem Grund erdrutschartig verloren.<\/p>\n<p style=\"text-align: justify;\"><strong>Die Initiative unabh\u00e4ngige Zahn\u00e4rzte Berlin ist diesmal die zweitst\u00e4rkste politische Kraft in der Delegierten-Versammlung der Zahn\u00e4rztekammer Berlins geworden und hat es verdient, als kreative Repr\u00e4sentanten ihrer W\u00e4hler, die Geschicke im Vorstand der K\u00f6rperschaft mitzubestimmen.<\/strong><\/p>\n<p style=\"text-align: justify;\">Alles andere m\u00fcsste man sonst als ein Affront der w\u00e4hlenden Zahn\u00e4rzteschaft auslegen. Die W\u00e4hler haben unser Bem\u00fchen um Transparenz verstanden und mit Ihren Stimmen honoriert.<\/p>\n<p><a href=\"https:\/\/iuzb.de\/wp-content\/uploads\/2020\/11\/Gneist-Gerhard-1.jpg\" target=\"_blank\" rel=\"noopener noreferrer\"><img loading=\"lazy\" decoding=\"async\" class=\"alignleft wp-image-31642\" src=\"https:\/\/iuzb.de\/wp-content\/uploads\/2020\/11\/Gneist-Gerhard-1.jpg\" alt=\"\" width=\"150\" height=\"210\" srcset=\"https:\/\/iuzb.de\/wp-content\/uploads\/2020\/11\/Gneist-Gerhard-1.jpg 1678w, https:\/\/iuzb.de\/wp-content\/uploads\/2020\/11\/Gneist-Gerhard-1-214x300.jpg 214w, https:\/\/iuzb.de\/wp-content\/uploads\/2020\/11\/Gneist-Gerhard-1-1141x1600.jpg 1141w, https:\/\/iuzb.de\/wp-content\/uploads\/2020\/11\/Gneist-Gerhard-1-86x120.jpg 86w, https:\/\/iuzb.de\/wp-content\/uploads\/2020\/11\/Gneist-Gerhard-1-768x1076.jpg 768w, https:\/\/iuzb.de\/wp-content\/uploads\/2020\/11\/Gneist-Gerhard-1-1096x1536.jpg 1096w, https:\/\/iuzb.de\/wp-content\/uploads\/2020\/11\/Gneist-Gerhard-1-1461x2048.jpg 1461w\" sizes=\"auto, (max-width: 150px) 100vw, 150px\" \/><\/a><\/p>\n<p>&nbsp;<\/p>\n<p>&nbsp;<\/p>\n<p><strong>Gerhard Gneist<\/strong><\/p>\n<p>1. Vorsitzender<br \/>\nund Wahllistenf\u00fchrer<br \/>\nIUZB e.V.<\/p>\n","protected":false},"excerpt":{"rendered":"<p>Ob es nun ein d\u00fcnner Fisch oder ein dicker Fisch ist &#8211; Fakt bleibt, dass er vom Kopf her stinkt. Die Berliner Kolleginnen und Kollegen haben mit Ihrer Stimmabgabe bei [&#8230;]<\/p>\n","protected":false},"author":8,"featured_media":31516,"comment_status":"open","ping_status":"closed","sticky":false,"template":"","format":"standard","meta":{"ngg_post_thumbnail":0,"iawp_total_views":2,"footnotes":""},"categories":[91,242,266,46],"tags":[],"class_list":["post-31994","post","type-post","status-publish","format-standard","has-post-thumbnail","hentry","category-delegiertenversammlung","category-infobriefe","category-kammerwahl-2020","category-zahnaerztekammer-berlin"],"_links":{"self":[{"href":"https:\/\/iuzb.de\/index.php?rest_route=\/wp\/v2\/posts\/31994","targetHints":{"allow":["GET"]}}],"collection":[{"href":"https:\/\/iuzb.de\/index.php?rest_route=\/wp\/v2\/posts"}],"about":[{"href":"https:\/\/iuzb.de\/index.php?rest_route=\/wp\/v2\/types\/post"}],"author":[{"embeddable":true,"href":"https:\/\/iuzb.de\/index.php?rest_route=\/wp\/v2\/users\/8"}],"replies":[{"embeddable":true,"href":"https:\/\/iuzb.de\/index.php?rest_route=%2Fwp%2Fv2%2Fcomments&post=31994"}],"version-history":[{"count":6,"href":"https:\/\/iuzb.de\/index.php?rest_route=\/wp\/v2\/posts\/31994\/revisions"}],"predecessor-version":[{"id":32000,"href":"https:\/\/iuzb.de\/index.php?rest_route=\/wp\/v2\/posts\/31994\/revisions\/32000"}],"wp:featuredmedia":[{"embeddable":true,"href":"https:\/\/iuzb.de\/index.php?rest_route=\/wp\/v2\/media\/31516"}],"wp:attachment":[{"href":"https:\/\/iuzb.de\/index.php?rest_route=%2Fwp%2Fv2%2Fmedia&parent=31994"}],"wp:term":[{"taxonomy":"category","embeddable":true,"href":"https:\/\/iuzb.de\/index.php?rest_route=%2Fwp%2Fv2%2Fcategories&post=31994"},{"taxonomy":"post_tag","embeddable":true,"href":"https:\/\/iuzb.de\/index.php?rest_route=%2Fwp%2Fv2%2Ftags&post=31994"}],"curies":[{"name":"wp","href":"https:\/\/api.w.org\/{rel}","templated":true}]}}