{"id":31800,"date":"2020-11-16T14:57:41","date_gmt":"2020-11-16T13:57:41","guid":{"rendered":"http:\/\/iuzb.de\/?p=31800"},"modified":"2020-12-01T21:24:02","modified_gmt":"2020-12-01T20:24:02","slug":"dr-heegewaldt-hat-in-den-zehn-jahren-in-denen-ich-mit-ihm-zusammenarbeiten-musste-nichts-aber-auch-gar-nichts-dazugelernt","status":"publish","type":"post","link":"https:\/\/iuzb.de\/?p=31800","title":{"rendered":"&#8222;Dr. Heegewaldt hat in den zehn Jahren, in denen ich mit ihm zusammenarbeiten musste, nichts, aber auch gar nichts dazugelernt&#8220;"},"content":{"rendered":"<p style=\"text-align: justify;\">Zuerst m\u00f6chte ich mich f\u00fcr die ehrenden Worte <a href=\"https:\/\/iuzb.de\/?p=31760\" target=\"_blank\" rel=\"noopener noreferrer\">bei den Beitragsautoren dieses Artikels<\/a> bedanken. Es ist eine gro\u00dfe Freude, wenn man in so guter Erinnerung behalten wird.<\/p>\n<p style=\"text-align: justify;\">Weil ich mich nicht ganz in den Ruhestand verabschieden wollte, bringe ich mein Wissen weiterhin in zahlreichen Zahnarztpraxen ein. Somit bin ich nat\u00fcrlich bestrebt, meine Fachkenntnisse auf dem aktuellen Stand zu halten. Insofern hilft mir das Internet bei meinen Recherchen weiter; wodurch ich auch auf den betreffenden Artikel im <a href=\"https:\/\/www.kzv-berlin.de\/fileadmin\/user_upload\/Praxis-Service\/3_Publikationen\/2_MBZ\/2020\/MBZ_10_2020.pdf\" target=\"_blank\" rel=\"noopener noreferrer\">MBZ Okt. 2020<\/a> aufmerksam wurde.<\/p>\n<p style=\"text-align: justify;\"><a href=\"https:\/\/www.kzv-berlin.de\/fileadmin\/user_upload\/Praxis-Service\/3_Publikationen\/2_MBZ\/2020\/MBZ_10_2020.pdf\" target=\"_blank\" rel=\"noopener noreferrer\"><img loading=\"lazy\" decoding=\"async\" class=\"alignright size-full wp-image-31801\" src=\"https:\/\/iuzb.de\/wp-content\/uploads\/2020\/11\/2020-10-MBZ-Heegewaldt-Aus-meiner-Sicht-manuelle-Aufbdereitung-450x240-1.jpg\" alt=\"\" width=\"450\" height=\"240\" srcset=\"https:\/\/iuzb.de\/wp-content\/uploads\/2020\/11\/2020-10-MBZ-Heegewaldt-Aus-meiner-Sicht-manuelle-Aufbdereitung-450x240-1.jpg 450w, https:\/\/iuzb.de\/wp-content\/uploads\/2020\/11\/2020-10-MBZ-Heegewaldt-Aus-meiner-Sicht-manuelle-Aufbdereitung-450x240-1-225x120.jpg 225w\" sizes=\"auto, (max-width: 450px) 100vw, 450px\" \/><\/a>In diesem Artikel f\u00fchrt der sich im Wahlkampf befindliche Pr\u00e4sident der Zahn\u00e4rztekammer Berlin aus, \u201edas aus seiner Sicht die manuelle Aufbereitung weiterhin zul\u00e4ssig ist\u201c; gemeint ist nat\u00fcrlich die Aufbereitung von kritischen Medizinprodukten, die in Zahnarztpraxen zur Anwendung kommen. Zu diesem Beitrag kann ich nur ausf\u00fchren: Dr. Heegewaldt hat in den zehn Jahren, in denen ich mit ihm zusammenarbeiten musste, nichts, aber auch gar nichts dazugelernt.<\/p>\n<p style=\"text-align: justify;\">Bis zum mir erteiltem Hausverbot im September 2016 durch den damaligen Pr\u00e4sidenten Dr. Schmiedel hatte ich die Berliner Zahn\u00e4rzteschaft sorgsam darauf vorbereitet, dass das Thema \u201eManuelle Aufbereitung von Medizinprodukten der Risikogruppe kritisch B\u201c zeitnahe der Vergangenheit angeh\u00f6ren wird und entsprechend finanzielle Mittel einzuplanen sind. Ich habe immer wieder darauf verwiesen, dass das beh\u00f6rdliche Handeln zum Medizinprodukterecht in Berlin eine \u00e4u\u00dferst gro\u00dfz\u00fcgige Aussch\u00f6pfung von Ermessenspielr\u00e4umen bedeutete, woraus sich kein rechtlicher Anspruch f\u00fcr den Berufstand ergab.<\/p>\n<p style=\"text-align: justify;\">Hierzu merke ich an, dass das Entgegenkommen der f\u00fcr die \u00dcberwachung der Umsetzung des MPG-Rechts zust\u00e4ndigen Landesbeh\u00f6rden mit Sicherheit kein Verdienst der Person Dr. Heegewaldt war. Im Gegenteil, es gelang Dr. Heegewaldt in seinem Leitartikel <a href=\"https:\/\/www.kzv-berlin.de\/fileadmin\/user_upload\/Praxis-Service\/3_Publikationen\/2_MBZ\/2017\/MBZ_07_08_2017.pdf\" target=\"_blank\" rel=\"noopener noreferrer\">\u201eGegen eine staatliche G\u00e4ngelung der Zahnarztpraxen\u201c<\/a> im MBZ Juli\/August 2017, die f\u00fcr das MPG zust\u00e4ndigen Landesbeh\u00f6rden gegen den zahn\u00e4rztlichen Berufsstand in Berlin aufzubringen.<\/p>\n<p style=\"text-align: justify;\">Als ich diesen Artikel selbst zur Kenntnis nahm, erahnte ich, dass es jetzt mit der kooperative Zusammenarbeit zwischen Berliner Beh\u00f6rden und der Zahn\u00e4rztekammer Berlin vorbei sein wird, welche ich in meiner 27j\u00e4rigen T\u00e4tigkeit in der Zahn\u00e4rztekammer Berlin aufgebaut hatte.<\/p>\n<p style=\"text-align: justify;\">Nun setzt dieser Pr\u00e4sident mit Unterst\u00fctzung von seinen fragw\u00fcrdigen Juristen noch eins drauf, indem er die Berliner Zahn\u00e4rzteschaft indirekt zum Ungehorsam gegen geltendes Recht auffordert; er macht das einfach so, denn die Zeche zahlt ja nicht er.<\/p>\n<p style=\"text-align: justify;\">Dass die f\u00fcr den Vollzug des Medizinprodukterechts zust\u00e4ndige Landesbeh\u00f6rde, das LAGeSo, es ernst meint, kann unter dem Link nachgelesen werden:<br \/>\n<a href=\"https:\/\/www.berlin.de\/lageso\/_assets\/gesundheit\/publikationen\/anforderungen-an-aufbereitungsverfahren-fuer-kritisch-b-eingestufte-medizinprodukte.pdf\" target=\"_blank\" rel=\"noopener noreferrer\">https:\/\/www.berlin.de\/lageso\/_assets\/gesundheit\/publikationen\/anforderungen-an-aufbereitungsverfahren-fuer-kritisch-b-eingestufte-medizinprodukte.pdf<\/a>.<\/p>\n<p style=\"text-align: justify;\">Ausnahmen f\u00fcr das manuelle Aufbereitungsverfahren von kritisch B eingestuften Medizinprodukten k\u00f6nnen dann bestehen, wenn der Hersteller eines Medizinproduktes die maschinelle Aufbereitung f\u00fcr nicht geeignet erkl\u00e4rt, weil Sch\u00e4den durch das maschinelle Verfahren nicht auszuschlie\u00dfen sind, die die zweckbestimmte Anwendung des entsprechenden Medizinproduktes nicht mehr zulassen. Im Fall einer erforderlichen manuellen Aufbereitung, ist der Hersteller dazu verpflichtet, ein validiertes Aufbereitungsverfahren f\u00fcr das betroffene Medizinprodukt zu beschreiben und dem Anwender auszuh\u00e4ndigen.<\/p>\n<p style=\"text-align: justify;\">Leider erscheint mein Beitrag in Zeiten des Wahlkampfes. Aber ich kann versichern, dass ich mich in den 27 Jahren meiner T\u00e4tigkeit in der Zahn\u00e4rztekammer Berlin immer aus der Standespolitik herausgehalten habe, das soll nach wie vor auch so bleiben. Ich h\u00e4tte das vorgenannte Statement jeder standespolitischen Gruppierung \u00fcbergeben, denn ich habe immer das gesagt, was ich denke und ich stand zu meinen Worten. Dieses wurde mir am 7. September 2016 zum Verh\u00e4ngnis. In Konsequenz setzte mich der damalige Pr\u00e4sident am Folgetag vor die T\u00fcr.<\/p>\n<p><a href=\"https:\/\/iuzb.de\/wp-content\/uploads\/2020\/11\/NG-150x.jpg\"><img loading=\"lazy\" decoding=\"async\" class=\"alignleft size-full wp-image-31802\" src=\"https:\/\/iuzb.de\/wp-content\/uploads\/2020\/11\/NG-150x.jpg\" alt=\"\" width=\"150\" height=\"186\" srcset=\"https:\/\/iuzb.de\/wp-content\/uploads\/2020\/11\/NG-150x.jpg 150w, https:\/\/iuzb.de\/wp-content\/uploads\/2020\/11\/NG-150x-97x120.jpg 97w\" sizes=\"auto, (max-width: 150px) 100vw, 150px\" \/><\/a><\/p>\n<p>&nbsp;<\/p>\n<p>&nbsp;<\/p>\n<p><strong>Norbert Gerike<\/strong><\/p>\n<p>Fachkraft f\u00fcr Arbeitssicherheit nach \u00a7 7 ASiG<\/p>\n<p>&nbsp;<\/p>\n","protected":false},"excerpt":{"rendered":"<p>Zuerst m\u00f6chte ich mich f\u00fcr die ehrenden Worte bei den Beitragsautoren dieses Artikels bedanken. Es ist eine gro\u00dfe Freude, wenn man in so guter Erinnerung behalten wird. Weil ich mich [&#8230;]<\/p>\n","protected":false},"author":13,"featured_media":0,"comment_status":"open","ping_status":"closed","sticky":false,"template":"","format":"standard","meta":{"ngg_post_thumbnail":0,"iawp_total_views":11,"footnotes":""},"categories":[242,46],"tags":[],"class_list":["post-31800","post","type-post","status-publish","format-standard","hentry","category-infobriefe","category-zahnaerztekammer-berlin"],"_links":{"self":[{"href":"https:\/\/iuzb.de\/index.php?rest_route=\/wp\/v2\/posts\/31800","targetHints":{"allow":["GET"]}}],"collection":[{"href":"https:\/\/iuzb.de\/index.php?rest_route=\/wp\/v2\/posts"}],"about":[{"href":"https:\/\/iuzb.de\/index.php?rest_route=\/wp\/v2\/types\/post"}],"author":[{"embeddable":true,"href":"https:\/\/iuzb.de\/index.php?rest_route=\/wp\/v2\/users\/13"}],"replies":[{"embeddable":true,"href":"https:\/\/iuzb.de\/index.php?rest_route=%2Fwp%2Fv2%2Fcomments&post=31800"}],"version-history":[{"count":5,"href":"https:\/\/iuzb.de\/index.php?rest_route=\/wp\/v2\/posts\/31800\/revisions"}],"predecessor-version":[{"id":31807,"href":"https:\/\/iuzb.de\/index.php?rest_route=\/wp\/v2\/posts\/31800\/revisions\/31807"}],"wp:attachment":[{"href":"https:\/\/iuzb.de\/index.php?rest_route=%2Fwp%2Fv2%2Fmedia&parent=31800"}],"wp:term":[{"taxonomy":"category","embeddable":true,"href":"https:\/\/iuzb.de\/index.php?rest_route=%2Fwp%2Fv2%2Fcategories&post=31800"},{"taxonomy":"post_tag","embeddable":true,"href":"https:\/\/iuzb.de\/index.php?rest_route=%2Fwp%2Fv2%2Ftags&post=31800"}],"curies":[{"name":"wp","href":"https:\/\/api.w.org\/{rel}","templated":true}]}}