{"id":31738,"date":"2020-11-12T19:07:11","date_gmt":"2020-11-12T18:07:11","guid":{"rendered":"http:\/\/iuzb.de\/?p=31738"},"modified":"2020-12-16T13:21:53","modified_gmt":"2020-12-16T12:21:53","slug":"gier-ist-gefraessig-habgier-unersaettlich","status":"publish","type":"post","link":"https:\/\/iuzb.de\/?p=31738","title":{"rendered":"&#8222;Gier ist gefr\u00e4\u00dfig, Habgier uners\u00e4ttlich&#8220;"},"content":{"rendered":"<p style=\"text-align: justify;\"><strong><a href=\"https:\/\/www.zahnaerzteverband-berlin.de\/wp-content\/uploads\/2020\/09\/kw_programm_2020.pdf\"><img loading=\"lazy\" decoding=\"async\" class=\"alignright wp-image-31739\" src=\"https:\/\/iuzb.de\/wp-content\/uploads\/2020\/11\/Wofot-steht-der-Verband-Korrektur-negative-Wahrnehmung-Porschefahrer.jpg\" alt=\"\" width=\"250\" height=\"193\" srcset=\"https:\/\/iuzb.de\/wp-content\/uploads\/2020\/11\/Wofot-steht-der-Verband-Korrektur-negative-Wahrnehmung-Porschefahrer.jpg 530w, https:\/\/iuzb.de\/wp-content\/uploads\/2020\/11\/Wofot-steht-der-Verband-Korrektur-negative-Wahrnehmung-Porschefahrer-389x300.jpg 389w, https:\/\/iuzb.de\/wp-content\/uploads\/2020\/11\/Wofot-steht-der-Verband-Korrektur-negative-Wahrnehmung-Porschefahrer-156x120.jpg 156w\" sizes=\"auto, (max-width: 250px) 100vw, 250px\" \/><\/a><\/strong><span style=\"color: #ffffff;\">.<\/span><\/p>\n<p style=\"text-align: justify;\"><strong>Liebe Kolleginnen und liebe Kollegen,<\/strong><\/p>\n<p style=\"text-align: justify;\">aus dem Wahlprogramm des Verbandes der Zahn\u00e4rztinnen und Zahn\u00e4rzte von Berlin:<\/p>\n<blockquote>\n<p style=\"text-align: justify;\">Wof\u00fcr steht der Verband:<br \/>\n\u201eKorrektur der negativen Wahrnehmung unseres Berufsstandes in Politik und \u00d6ffentlichkeit (\u2026).\u201c<\/p>\n<\/blockquote>\n<p style=\"text-align: justify;\">Zwar taucht der Kollege Pochhammer nur noch auf dem 50. Platz der Wahlliste des Verbandes der Zahn\u00e4rztinnen und Zahn\u00e4rzte von Berlin (Liste 5) auf, aber immerhin, denn er ist <a href=\"https:\/\/www.kzbv.de\/dr-karl-georg-pochhammer.1129.de.html\" target=\"_blank\" rel=\"noopener noreferrer\">stellvertretender Vorsitzender des Vorstandes<\/a> der KZBV und somit ein (berufs)politisches Schwergewicht unseres Berufsstandes. Auf jemand wie ihn schaut die Politik und die \u00d6ffentlichkeit.<\/p>\n<p style=\"text-align: justify;\">Dass er trotz seiner ungenierten finanziellen Forderungen von 96.000 Euro aus dem von allen Berliner Kassenzahn\u00e4rztinnen und Kassenzahn\u00e4rzten zu finanzierenden Beitragstopf \u00fcberhaupt auf der Liste steht, offenbart, dass die sch\u00f6n klingenden Beteuerungen des Verbandes nach einer \u201e<em>Korrektur der \u201enegativen Wahrnehmung unseres Berufsstandes in Politik und \u00d6ffentlichkeit<\/em> (\u2026)\u201c lediglich substanzlose Worth\u00fclsen sind.<\/p>\n<p style=\"text-align: justify;\">Nicht nur die negative Wahrnehmung in Politik und \u00d6ffentlichkeit ist ihm herzlich egal. Auch die zunehmenden Sorgen seiner Kolleginnen und Kollegen in der Praxis interessieren ihn erkennbar nicht.<\/p>\n<p style=\"text-align: justify;\">Auch er wei\u00df, dass ohne Kurzarbeitergeld und Hilfen des Bundes oder der L\u00e4nder vor allen Dingen die jungen Praxen und deren Mitarbeitenden in Existenzn\u00f6te geraten w\u00e4ren.<\/p>\n<p style=\"text-align: justify;\">Im Gegensatz zu diesen Kolleginnen und Kollegen, denen nur eine in den Jahren 2021 und 2022 zur\u00fcckzuzahlende Liquidit\u00e4tshilfe zur Verf\u00fcgung steht, d\u00fcrften ihn keine Existenzsorgen plagen.<\/p>\n<p style=\"text-align: justify;\">Er bezieht seinen Lebensunterhalt im Wesentlichen aus den von allen KZVen an die KZBV zu entrichtenden Beitr\u00e4gen aller Kolleginnen und Kollegen. Das ist <a href=\"https:\/\/iuzb.de\/wp-content\/uploads\/2020\/11\/2020-11-12-Bundesanzeiger-Verguetungen-Vorstand-KZBV.jpg\" target=\"_blank\" rel=\"noopener noreferrer\">mehr als eine Viertelmillionen Euro<\/a> j\u00e4hrlich ohne jegliches \u201epandemisches\u201c Risiko.<\/p>\n<p style=\"text-align: justify;\">Dennoch hat er keine Hemmungen den Berliner Kolleginnen und Kollegen mit einer Klage zu drohen, damit diese ihm einen zus\u00e4tzlichen \u201epers\u00f6nlichen Rettungsschirm\u201c von weiteren nahezu 100.000 \u20ac auf sein Konto stellen.<\/p>\n<p style=\"text-align: justify;\">Leider ist davon auszugehen, dass Ihm seine Verbandsfreunde (Liste 5), unter williger Assistenz des Freien Verbandes Deutscher Zahn\u00e4rzte (Liste 7), dabei gerne zu Diensten sein werden.<\/p>\n<p style=\"text-align: justify;\">Bitte helfen Sie uns mit Ihrer Stimme den dringend notwendigen Wechsel in der F\u00fchrung der Zahn\u00e4rztekammer Berlin herbeizuf\u00fchren.<\/p>\n<p style=\"text-align: justify;\"><strong>Bitte schenken Sie uns Ihr Vertrauen und w\u00e4hlen Sie Ihre Kolleginnen und Kollegen der Liste 8 \u2013 IUZB.<\/strong><\/p>\n<p>Mit herzlichen Gr\u00fc\u00dfen<\/p>\n<p><img loading=\"lazy\" decoding=\"async\" class=\"alignleft size-full wp-image-25248\" src=\"https:\/\/iuzb.de\/wp-content\/uploads\/2018\/10\/Dr.-Helmut-Dohmeier-de-Haan-150x210.jpg\" alt=\"\" width=\"150\" height=\"210\" srcset=\"https:\/\/iuzb.de\/wp-content\/uploads\/2018\/10\/Dr.-Helmut-Dohmeier-de-Haan-150x210.jpg 150w, https:\/\/iuzb.de\/wp-content\/uploads\/2018\/10\/Dr.-Helmut-Dohmeier-de-Haan-150x210-86x120.jpg 86w\" sizes=\"auto, (max-width: 150px) 100vw, 150px\" \/><\/p>\n<p>&nbsp;<\/p>\n<p>&nbsp;<\/p>\n<p><strong>Ihr<\/strong><\/p>\n<p><strong>Dr. Helmut Dohmeier-de Haan<\/strong><br \/>\n2. Vertrauensmann Wahlvorschlag 8<br \/>\nIUZB &#8211; Initiative Unabh\u00e4ngige Zahn\u00e4rzte Berlin e.V.<\/p>\n<p>&nbsp;<\/p>\n<p>&nbsp;<\/p>\n","protected":false},"excerpt":{"rendered":"<p>. Liebe Kolleginnen und liebe Kollegen, aus dem Wahlprogramm des Verbandes der Zahn\u00e4rztinnen und Zahn\u00e4rzte von Berlin: Wof\u00fcr steht der Verband: \u201eKorrektur der negativen Wahrnehmung unseres Berufsstandes in Politik und [&#8230;]<\/p>\n","protected":false},"author":13,"featured_media":21187,"comment_status":"closed","ping_status":"closed","sticky":false,"template":"","format":"standard","meta":{"ngg_post_thumbnail":0,"iawp_total_views":3,"footnotes":""},"categories":[98,242,266],"tags":[],"class_list":["post-31738","post","type-post","status-publish","format-standard","has-post-thumbnail","hentry","category-diaeten-kzv","category-infobriefe","category-kammerwahl-2020"],"_links":{"self":[{"href":"https:\/\/iuzb.de\/index.php?rest_route=\/wp\/v2\/posts\/31738","targetHints":{"allow":["GET"]}}],"collection":[{"href":"https:\/\/iuzb.de\/index.php?rest_route=\/wp\/v2\/posts"}],"about":[{"href":"https:\/\/iuzb.de\/index.php?rest_route=\/wp\/v2\/types\/post"}],"author":[{"embeddable":true,"href":"https:\/\/iuzb.de\/index.php?rest_route=\/wp\/v2\/users\/13"}],"replies":[{"embeddable":true,"href":"https:\/\/iuzb.de\/index.php?rest_route=%2Fwp%2Fv2%2Fcomments&post=31738"}],"version-history":[{"count":15,"href":"https:\/\/iuzb.de\/index.php?rest_route=\/wp\/v2\/posts\/31738\/revisions"}],"predecessor-version":[{"id":31755,"href":"https:\/\/iuzb.de\/index.php?rest_route=\/wp\/v2\/posts\/31738\/revisions\/31755"}],"wp:featuredmedia":[{"embeddable":true,"href":"https:\/\/iuzb.de\/index.php?rest_route=\/wp\/v2\/media\/21187"}],"wp:attachment":[{"href":"https:\/\/iuzb.de\/index.php?rest_route=%2Fwp%2Fv2%2Fmedia&parent=31738"}],"wp:term":[{"taxonomy":"category","embeddable":true,"href":"https:\/\/iuzb.de\/index.php?rest_route=%2Fwp%2Fv2%2Fcategories&post=31738"},{"taxonomy":"post_tag","embeddable":true,"href":"https:\/\/iuzb.de\/index.php?rest_route=%2Fwp%2Fv2%2Ftags&post=31738"}],"curies":[{"name":"wp","href":"https:\/\/api.w.org\/{rel}","templated":true}]}}