{"id":31651,"date":"2020-11-09T22:54:46","date_gmt":"2020-11-09T21:54:46","guid":{"rendered":"http:\/\/iuzb.de\/?p=31651"},"modified":"2021-03-21T13:28:24","modified_gmt":"2021-03-21T12:28:24","slug":"der-kampf-um-das-geld-ehemaliger-kzv-berlin-vorstandsvorsitzender-fordert-rueckwirkend-96-000-e-von-der-berliner-zahnaerzteschaft","status":"publish","type":"post","link":"https:\/\/iuzb.de\/?p=31651","title":{"rendered":"&#8222;Der Kampf um das Geld&#8220;: Ehemaliger KZV Berlin Vorstandsvorsitzender fordert r\u00fcckwirkend 96.000 \u20ac von der Vertragszahn\u00e4rzteschaft"},"content":{"rendered":"<p style=\"text-align: justify;\">Es handelt sich um den Kollegen Dr. Karl-Georg Pochhammer, welcher in Berlin zuletzt am <a href=\"https:\/\/www.kzv-berlin.de\/fileadmin\/user_upload\/Praxis-Service\/3_Publikationen\/7_Pressemitteilungen\/2017_01_17_KZV_Berlin_PM_konstituierende_Sitzung.pdf\" target=\"_blank\" rel=\"noopener noreferrer\">16.01.2017<\/a> zum Vorstandsvorsitzenden der KZV Berlin K.d.\u00f6.R. gew\u00e4hlt wurde. Seine Amt legte er per <a href=\"https:\/\/www.kzv-berlin.de\/fileadmin\/user_upload\/Praxis-Service\/3_Publikationen\/7_Pressemitteilungen\/2017_04_27_KZV_Berlin_PM_Nachwahl_zum_KZV-Vorstand.pdf\" target=\"_blank\" rel=\"noopener noreferrer\">24.04.2020<\/a> nieder, um mit Amts\u00fcbernahme am <a href=\"https:\/\/www.kzbv.de\/dr-karl-georg-pochhammer.1129.de.html\" target=\"_blank\" rel=\"noopener noreferrer\">26.04.2017<\/a> als stellvertretender Vorstandvorsitzender zur Kassenzahn\u00e4rztlichen Bundesvereinigung K.d.\u00f6.R. zu wechseln. Wir kritisierten seinen damaligen Wechsel mit: &#8222;<a href=\"https:\/\/iuzb.de\/?p=19865\" target=\"_blank\" rel=\"noopener noreferrer\">Das Ende eines Wahlversprechens<\/a>&#8222;.<\/p>\n<p style=\"text-align: justify;\"><a href=\"https:\/\/iuzb.de\/wp-content\/uploads\/2020\/11\/2020-11-09-VVVorsitzender-an-VV.pdf\" target=\"_blank\" rel=\"noopener noreferrer\">Heute<\/a> erhielten wir &#8222;zur Information&#8220; vom Vorsitzenden der Vertreterversammlung der KZV Berlin zwei Schreiben:<\/p>\n<ol style=\"text-align: justify;\">\n<li>Das Forderungsschreiben des ehemaligen Vorstandsvorsitzenden der KZV Berlin vom <a href=\"https:\/\/iuzb.de\/wp-content\/uploads\/2020\/11\/2020-09-30-Ehem.-Vorstandsvorsitzender-an-VV-Vorsitzenden.pdf\" target=\"_blank\" rel=\"noopener noreferrer\">30.09.2020<\/a> \u00fcber r\u00fcckwirkend 96.000 \u20ac.<\/li>\n<li>Das Schreiben der Senatsverwaltung f\u00fcr Gesundheit, Pflege und Gleichstellung (Aufsichtsbeh\u00f6rde) vom <a href=\"https:\/\/iuzb.de\/wp-content\/uploads\/2020\/11\/2020-11-03-Senatsverwaltung-an-VV-Vorsitzenden.pdf\" target=\"_blank\" rel=\"noopener noreferrer\">03.11.2020<\/a>.<\/li>\n<\/ol>\n<p style=\"text-align: justify;\">Die Vorgeschichte zu dieser Forderung, welche es damals sogar in die <a href=\"https:\/\/iuzb.de\/?p=21360\" target=\"_blank\" rel=\"noopener noreferrer\">Boulevardpresse<\/a> geschafft hatte, finden Sie unter anderem in unserer Berichterstattung: &#8222;<a href=\"https:\/\/iuzb.de\/?p=21175\" target=\"_blank\" rel=\"noopener noreferrer\">Die 700.000-Euro-Rente<\/a>&#8220; und nachfolgend unter der Kategorie &#8222;<a href=\"https:\/\/iuzb.de\/?cat=98\" target=\"_blank\" rel=\"noopener noreferrer\">Di\u00e4ten KZV&#8220;<\/a>. Dort finden Sie auch das Urteil des Landessozialgerichts Berlin-Brandenburg vom <a href=\"https:\/\/iuzb.de\/?p=27269\" target=\"_blank\" rel=\"noopener noreferrer\">10.04.2019 zum Az.: L 7 KA 38\/17 KL<\/a>, auf welches sich auch die Senatsverwaltung bezieht.<\/p>\n<p style=\"text-align: justify;\"><strong>Die Senatsverwaltung ist der Auffassung, dass die an die KZV Berlin &#8222;gerichtete Forderung zur Zahlung von 96.000 \u20ac rechtlich nicht durchsetzbar ist&#8220;, zur\u00fcckgewiesen werden sollte, und weist zur Vollst\u00e4ndigkeit halber sogar darauf hin, &#8222;dass neben Ma\u00dfnahmen der Rechtsaufsicht etwaige Zahlungen oder entsprechende Vereinbarungen mit Herrn Dr. Pochhammer strafrechtliche Relevanz wegen des Verdachts der Untreue nach <a href=\"https:\/\/dejure.org\/gesetze\/StGB\/266.html\" target=\"_blank\" rel=\"noopener noreferrer\">\u00a7 266 StGB<\/a> entwickeln k\u00f6nnten.&#8220;<br \/>\n<\/strong><\/p>\n<p style=\"text-align: justify;\">Die IUZB teilt die Argumente der Aufsicht und empfindet die Forderung des Kollegen Dr. Pochhammer schlichtweg als Unversch\u00e4mtheit. Sowie als Beleg f\u00fcr Funktion\u00e4re, welche nicht mehr <a href=\"https:\/\/iuzb.de\/?p=20420\" target=\"_blank\" rel=\"noopener noreferrer\">ma\u00dfhalten<\/a> k\u00f6nnen und angesichts ausufernder <a href=\"https:\/\/iuzb.de\/?s=Vorstandsverg%C3%BCtungen\" target=\"_blank\" rel=\"noopener noreferrer\">Vorstandsverg\u00fctungen<\/a> in unseren KZV&#8217;en die Bodenhaftung verloren haben. Auch schaden solche Forderungen dem Ansehen unseres Berufsstandes und wir m\u00fcssen uns nicht wundern, wenn, &#8222;wie die Corona-Pandemie deutlich zeigt, unsere Probleme und berechtigten Bed\u00fcrfnisse nicht zu denen durchdringen, die \u00fcber Hilfen, Rettungsschirme und die Versorgung mit notwendigen Hygienematerialien (unter anderem FFP2-Masken) entscheiden&#8220; (siehe unsere aktuelle <a href=\"https:\/\/iuzb.de\/?p=31503\" target=\"_blank\" rel=\"noopener noreferrer\">IUZB Kammerwahlwerbung<\/a>).<\/p>\n<p style=\"text-align: justify;\"><strong>KZV- und Kammervorst\u00e4nde m\u00fcssen Vorbild sein!<\/strong><\/p>\n<p style=\"text-align: justify;\">Der Kollege Dr. Pochhammer kandidiert bei der aktuellen <a href=\"https:\/\/iuzb.de\/?cat=266\" target=\"_blank\" rel=\"noopener noreferrer\">Wahl zur Delegiertenversammlung der Zahn\u00e4rztekammer Berlin<\/a> f\u00fcr den &#8222;Wahlvorschlag 5 &#8211; Verband der Zahn\u00e4rztinnen und Zahn\u00e4rzte von Berlin&#8220;. F\u00fcr die R\u00fcckw\u00e4rtsleser gut sichtbar auf dem letzten Listenplatz. Damit hat er keine Chance auf ein Mandat, welches aber von ihm auch sicherlich nicht mehr angestrebt wird. Von daher d\u00fcrfte der Verband seinen sehr bekannten Namen lediglich zur positiv gedachten Ausschm\u00fcckung nutzen, denn ein amtierendes Vorstandsmitglied der Bundes-KZV macht ja optisch schon etwas her. In diesem Fall ist es aber leider nur ein trauriges Statement des &#8222;Verbandes der Zahn\u00e4rztinnen und Zahn\u00e4rzte von Berlin&#8220;. Denn die Forderung von Dr. Pochhammer kam ja eigentlich f\u00fcr niemanden \u00fcberraschend.<\/p>\n<p>&nbsp;<\/p>\n<p><a href=\"https:\/\/iuzb.de\/wp-content\/uploads\/2013\/08\/Gerhard-Gneist-klein-150.jpg\"><img loading=\"lazy\" decoding=\"async\" class=\"alignleft size-full wp-image-16500\" src=\"https:\/\/iuzb.de\/wp-content\/uploads\/2013\/08\/Gerhard-Gneist-klein-150.jpg\" alt=\"\" width=\"150\" height=\"200\" \/><\/a><\/p>\n<p>&nbsp;<\/p>\n<p>&nbsp;<\/p>\n<p><strong>Gerhard Gneist<\/strong><\/p>\n<p>Mitglied der Vertreterversammlung der KZV Berlin<br \/>\n1. Vorsitzender IUZB e.V.<\/p>\n","protected":false},"excerpt":{"rendered":"<p>Es handelt sich um den Kollegen Dr. Karl-Georg Pochhammer, welcher in Berlin zuletzt am 16.01.2017 zum Vorstandsvorsitzenden der KZV Berlin K.d.\u00f6.R. gew\u00e4hlt wurde. Seine Amt legte er per 24.04.2020 nieder, [&#8230;]<\/p>\n","protected":false},"author":8,"featured_media":21187,"comment_status":"open","ping_status":"closed","sticky":false,"template":"","format":"standard","meta":{"ngg_post_thumbnail":0,"iawp_total_views":9,"footnotes":""},"categories":[98,242,266,45,237],"tags":[],"class_list":["post-31651","post","type-post","status-publish","format-standard","has-post-thumbnail","hentry","category-diaeten-kzv","category-infobriefe","category-kammerwahl-2020","category-kzv-berlin","category-vorstand-kzv"],"_links":{"self":[{"href":"https:\/\/iuzb.de\/index.php?rest_route=\/wp\/v2\/posts\/31651","targetHints":{"allow":["GET"]}}],"collection":[{"href":"https:\/\/iuzb.de\/index.php?rest_route=\/wp\/v2\/posts"}],"about":[{"href":"https:\/\/iuzb.de\/index.php?rest_route=\/wp\/v2\/types\/post"}],"author":[{"embeddable":true,"href":"https:\/\/iuzb.de\/index.php?rest_route=\/wp\/v2\/users\/8"}],"replies":[{"embeddable":true,"href":"https:\/\/iuzb.de\/index.php?rest_route=%2Fwp%2Fv2%2Fcomments&post=31651"}],"version-history":[{"count":40,"href":"https:\/\/iuzb.de\/index.php?rest_route=\/wp\/v2\/posts\/31651\/revisions"}],"predecessor-version":[{"id":31662,"href":"https:\/\/iuzb.de\/index.php?rest_route=\/wp\/v2\/posts\/31651\/revisions\/31662"}],"wp:featuredmedia":[{"embeddable":true,"href":"https:\/\/iuzb.de\/index.php?rest_route=\/wp\/v2\/media\/21187"}],"wp:attachment":[{"href":"https:\/\/iuzb.de\/index.php?rest_route=%2Fwp%2Fv2%2Fmedia&parent=31651"}],"wp:term":[{"taxonomy":"category","embeddable":true,"href":"https:\/\/iuzb.de\/index.php?rest_route=%2Fwp%2Fv2%2Fcategories&post=31651"},{"taxonomy":"post_tag","embeddable":true,"href":"https:\/\/iuzb.de\/index.php?rest_route=%2Fwp%2Fv2%2Ftags&post=31651"}],"curies":[{"name":"wp","href":"https:\/\/api.w.org\/{rel}","templated":true}]}}