{"id":31641,"date":"2020-11-07T21:16:14","date_gmt":"2020-11-07T20:16:14","guid":{"rendered":"http:\/\/iuzb.de\/?p=31641"},"modified":"2020-12-01T21:09:09","modified_gmt":"2020-12-01T20:09:09","slug":"iuzb-die-bessere-wahl-bitte-schenken-sie-uns-ihr-vertrauen-2","status":"publish","type":"post","link":"https:\/\/iuzb.de\/?p=31641","title":{"rendered":"IUZB Die bessere Wahl. &#8211; Bitte schenken Sie uns Ihr Vertrauen"},"content":{"rendered":"<p><strong><a href=\"https:\/\/iuzb.de\/wp-content\/uploads\/2020\/11\/Gneist-Gerhard-1.jpg\"><img loading=\"lazy\" decoding=\"async\" class=\"alignright wp-image-31642\" src=\"https:\/\/iuzb.de\/wp-content\/uploads\/2020\/11\/Gneist-Gerhard-1.jpg\" alt=\"\" width=\"250\" height=\"350\" srcset=\"https:\/\/iuzb.de\/wp-content\/uploads\/2020\/11\/Gneist-Gerhard-1.jpg 1678w, https:\/\/iuzb.de\/wp-content\/uploads\/2020\/11\/Gneist-Gerhard-1-214x300.jpg 214w, https:\/\/iuzb.de\/wp-content\/uploads\/2020\/11\/Gneist-Gerhard-1-1141x1600.jpg 1141w, https:\/\/iuzb.de\/wp-content\/uploads\/2020\/11\/Gneist-Gerhard-1-86x120.jpg 86w, https:\/\/iuzb.de\/wp-content\/uploads\/2020\/11\/Gneist-Gerhard-1-768x1076.jpg 768w, https:\/\/iuzb.de\/wp-content\/uploads\/2020\/11\/Gneist-Gerhard-1-1096x1536.jpg 1096w, https:\/\/iuzb.de\/wp-content\/uploads\/2020\/11\/Gneist-Gerhard-1-1461x2048.jpg 1461w\" sizes=\"auto, (max-width: 250px) 100vw, 250px\" \/><\/a>Wahl zur Delegiertenversammlung der Zahn\u00e4rztekammer Berlin K.d.\u00f6.R<\/strong>.<br \/>\nvom 18.11 bis 02.12.2020<\/p>\n<p><span style=\"color: #ffffff;\">.<\/span><\/p>\n<p><strong>Liebe Frau Kollegin,<br \/>\nlieber Herr Kollege,<\/strong><\/p>\n<p style=\"text-align: justify;\">als Listenf\u00fchrer der Liste 8 (IUZB) bitte ich Sie um Ihre Stimme zu der Kammerwahl 2020.<\/p>\n<p style=\"text-align: justify;\">Die seit Jahrzehnten von Ihnen mit Ihren Pflichtbeitr\u00e4gen finanzierten Kammerstrukturen haben dazu gef\u00fchrt, dass sich unter der F\u00fchrung der Kollegen Heegewaldt (VdZuZvB) und Dreyer (FVDZ) die Zahn\u00e4rztekammer zu einem immer weiter ausufernden, machtvollen und weitgehend unkontrolliertem Selbstbedienungsladen entwickelt hat.<\/p>\n<p style=\"text-align: justify;\">Wie die Vielzahl der Wahllisten zeigt, ist es dem derzeitigen Vorstand der Zahn\u00e4rztekammer Berlin seit vielen Jahren nicht gelungen, die zunehmende Aufsplitterung in der Kollegenschaft zu \u00fcberwinden.<\/p>\n<p style=\"text-align: justify;\">Die intransparente, vorzugsweise an Eigeninteressen, orientierte Berufspolitik dieses Kammervorstandes hat zu\u00a0 dem st\u00e4ndig wachsenden Desinteresse der Kolleginnen und Kollegen am Kammergeschehen gef\u00fchrt.<\/p>\n<p style=\"text-align: justify;\">Gerade in diesen un\u00fcbersichtlichen und schwierigen Zeiten ist jedoch ein Zusammenr\u00fccken aller Kolleginnen und Kollegen mit dem Ziel eines gerechten und vor allen Dingen transparenten Interessenausgleichs n\u00f6tiger denn je.<\/p>\n<p style=\"text-align: justify;\">Den Herausforderungen der Zukunft wie z.B. der zunehmende \u00d6konomisierung des Gesundheitswesens, unseren Probleme bei Personalgewinnung, der Vereinbarkeit von Beruf und Familie bei gleichzeitiger Sicherstellung der Selbstst\u00e4ndigkeit, werden wir nur gewachsen sein und sichern k\u00f6nnen, wenn es uns gelingt, die Zahn\u00e4rztekammer mit mehr Sachverstand und Kollegialit\u00e4t auszustatten.<\/p>\n<p style=\"text-align: justify;\">Um dieses Ziel auf der Basis von Kompetenz und Engagement zu erreichen, bitten wir Sie eindringlich darum, an der Wahl teilzunehmen.<\/p>\n<p style=\"text-align: justify;\"><strong>Bitte schenken Sie uns Ihr Vertrauen und w\u00e4hlen Sie Ihre Kolleginnen und Kollegen der Liste 8 &#8211; IUZB.<\/strong><\/p>\n<p>Ich gr\u00fc\u00dfe Sie herzlich!<\/p>\n<p><strong>Ihr<\/strong><\/p>\n<p><strong>Gerhard Gneist<\/strong><br \/>\nVertrauensmann Wahlvorschlag 8<br \/>\nIUZB &#8211; Initiative Unabh\u00e4ngige Zahn\u00e4rzte Berlin e.V.<\/p>\n","protected":false},"excerpt":{"rendered":"<p>Wahl zur Delegiertenversammlung der Zahn\u00e4rztekammer Berlin K.d.\u00f6.R. vom 18.11 bis 02.12.2020 . Liebe Frau Kollegin, lieber Herr Kollege, als Listenf\u00fchrer der Liste 8 (IUZB) bitte ich Sie um Ihre Stimme [&#8230;]<\/p>\n","protected":false},"author":8,"featured_media":31516,"comment_status":"closed","ping_status":"closed","sticky":false,"template":"","format":"standard","meta":{"ngg_post_thumbnail":0,"iawp_total_views":1,"footnotes":""},"categories":[242,266],"tags":[],"class_list":["post-31641","post","type-post","status-publish","format-standard","has-post-thumbnail","hentry","category-infobriefe","category-kammerwahl-2020"],"_links":{"self":[{"href":"https:\/\/iuzb.de\/index.php?rest_route=\/wp\/v2\/posts\/31641","targetHints":{"allow":["GET"]}}],"collection":[{"href":"https:\/\/iuzb.de\/index.php?rest_route=\/wp\/v2\/posts"}],"about":[{"href":"https:\/\/iuzb.de\/index.php?rest_route=\/wp\/v2\/types\/post"}],"author":[{"embeddable":true,"href":"https:\/\/iuzb.de\/index.php?rest_route=\/wp\/v2\/users\/8"}],"replies":[{"embeddable":true,"href":"https:\/\/iuzb.de\/index.php?rest_route=%2Fwp%2Fv2%2Fcomments&post=31641"}],"version-history":[{"count":7,"href":"https:\/\/iuzb.de\/index.php?rest_route=\/wp\/v2\/posts\/31641\/revisions"}],"predecessor-version":[{"id":31649,"href":"https:\/\/iuzb.de\/index.php?rest_route=\/wp\/v2\/posts\/31641\/revisions\/31649"}],"wp:featuredmedia":[{"embeddable":true,"href":"https:\/\/iuzb.de\/index.php?rest_route=\/wp\/v2\/media\/31516"}],"wp:attachment":[{"href":"https:\/\/iuzb.de\/index.php?rest_route=%2Fwp%2Fv2%2Fmedia&parent=31641"}],"wp:term":[{"taxonomy":"category","embeddable":true,"href":"https:\/\/iuzb.de\/index.php?rest_route=%2Fwp%2Fv2%2Fcategories&post=31641"},{"taxonomy":"post_tag","embeddable":true,"href":"https:\/\/iuzb.de\/index.php?rest_route=%2Fwp%2Fv2%2Ftags&post=31641"}],"curies":[{"name":"wp","href":"https:\/\/api.w.org\/{rel}","templated":true}]}}