{"id":31623,"date":"2020-11-06T16:55:00","date_gmt":"2020-11-06T15:55:00","guid":{"rendered":"http:\/\/iuzb.de\/?p=31623"},"modified":"2020-11-15T15:05:24","modified_gmt":"2020-11-15T14:05:24","slug":"zaek-berlin-einladung-zur-delegiertenversammlung-am-12-11-2020","status":"publish","type":"post","link":"https:\/\/iuzb.de\/?p=31623","title":{"rendered":"Z\u00c4K Berlin: Einladung zur 14. ordentlichen Delegiertenversammlung am 12.11.2020"},"content":{"rendered":"<ul>\n<li style=\"text-align: justify;\"><strong>Donnerstag, 12.11.2020<\/strong><\/li>\n<li style=\"text-align: justify;\"><strong>19:00 Uhr c.t.<\/strong><\/li>\n<li style=\"text-align: justify;\"><del>KZV Berlin, Georg-Wilhelm-Stra\u00dfe 16, 10711 Berlin<\/del><br \/>\n<strong>Langebeck-Virchow-Haus, Luisenstra\u00dfe 59, 10117 Berlin<\/strong><\/li>\n<li style=\"text-align: justify;\">ACHTUNG:<br \/>\nAufgrund der vorgeschriebenen Zugangskontrollen und Hygienema\u00dfnahmen bitten wie Sie, sich m\u00f6glichst fr\u00fchzeitig vor Beginn der DV am Tagungsort einzufinden. Wir bitten Sie zudem, von einer Teilnahme an der DV bei Vorhandensein von Erk\u00e4ltungssymptomen abzusehen. Das geltende Hygienekonzept sieht unter\u00a0 anderem das Messen Ihrer K\u00f6rpertemperatur\u00a0 auf Absatnd vor. F\u00fcr einen Imbiss ist gesorgt.<\/li>\n<\/ul>\n<p style=\"text-align: justify;\"><span style=\"text-decoration: underline;\">Tagesordnung:<\/span><\/p>\n<ol>\n<li style=\"text-align: justify;\">Begr\u00fc\u00dfung, Ehrung Verstorbener<\/li>\n<li style=\"text-align: justify;\">Protokollgenehmigung, Einspr\u00fcche<\/li>\n<li style=\"text-align: justify;\">Bericht des Vorstandes<\/li>\n<li style=\"text-align: justify;\">Gesch\u00e4ftsbericht und Jahresabschluss und Nachtragspr\u00fcfung der Zahn\u00e4rztekammer Berlin f\u00fcr das Jahr 2019 \/<br \/>\nBericht des Haushalts-, Rechnungspr\u00fcfungs- und Zahlenstellenpr\u00fcfungsausschusses.<\/li>\n<li style=\"text-align: justify;\">Feststellung des Jahresabschlusses 2019 und Entlastung des im Jahr 2019 amtierenden Vorstandes \/ <strong>Beschluss<\/strong><\/li>\n<li style=\"text-align: justify;\">Wirtschaftsplan 2021 (\u00a710 Abs. 2 Nr. 4 Hauptsatzung) \/ <strong>Beschluss<\/strong><\/li>\n<li style=\"text-align: justify;\">Fragestunde<\/li>\n<li style=\"text-align: justify;\">Antr\u00e4ge<\/li>\n<li style=\"text-align: justify;\">Verschiedenes<br \/>\nTermine Delegiertenversammlung 2021<\/li>\n<\/ol>\n","protected":false},"excerpt":{"rendered":"<p>Donnerstag, 12.11.2020 19:00 Uhr c.t. KZV Berlin, Georg-Wilhelm-Stra\u00dfe 16, 10711 Berlin Langebeck-Virchow-Haus, Luisenstra\u00dfe 59, 10117 Berlin ACHTUNG: Aufgrund der vorgeschriebenen Zugangskontrollen und Hygienema\u00dfnahmen bitten wie Sie, sich m\u00f6glichst fr\u00fchzeitig vor [&#8230;]<\/p>\n","protected":false},"author":13,"featured_media":0,"comment_status":"open","ping_status":"closed","sticky":false,"template":"","format":"standard","meta":{"ngg_post_thumbnail":0,"iawp_total_views":5,"footnotes":""},"categories":[91,46],"tags":[],"class_list":["post-31623","post","type-post","status-publish","format-standard","hentry","category-delegiertenversammlung","category-zahnaerztekammer-berlin"],"_links":{"self":[{"href":"https:\/\/iuzb.de\/index.php?rest_route=\/wp\/v2\/posts\/31623","targetHints":{"allow":["GET"]}}],"collection":[{"href":"https:\/\/iuzb.de\/index.php?rest_route=\/wp\/v2\/posts"}],"about":[{"href":"https:\/\/iuzb.de\/index.php?rest_route=\/wp\/v2\/types\/post"}],"author":[{"embeddable":true,"href":"https:\/\/iuzb.de\/index.php?rest_route=\/wp\/v2\/users\/13"}],"replies":[{"embeddable":true,"href":"https:\/\/iuzb.de\/index.php?rest_route=%2Fwp%2Fv2%2Fcomments&post=31623"}],"version-history":[{"count":13,"href":"https:\/\/iuzb.de\/index.php?rest_route=\/wp\/v2\/posts\/31623\/revisions"}],"predecessor-version":[{"id":31636,"href":"https:\/\/iuzb.de\/index.php?rest_route=\/wp\/v2\/posts\/31623\/revisions\/31636"}],"wp:attachment":[{"href":"https:\/\/iuzb.de\/index.php?rest_route=%2Fwp%2Fv2%2Fmedia&parent=31623"}],"wp:term":[{"taxonomy":"category","embeddable":true,"href":"https:\/\/iuzb.de\/index.php?rest_route=%2Fwp%2Fv2%2Fcategories&post=31623"},{"taxonomy":"post_tag","embeddable":true,"href":"https:\/\/iuzb.de\/index.php?rest_route=%2Fwp%2Fv2%2Ftags&post=31623"}],"curies":[{"name":"wp","href":"https:\/\/api.w.org\/{rel}","templated":true}]}}