{"id":31524,"date":"2020-10-28T21:29:53","date_gmt":"2020-10-28T20:29:53","guid":{"rendered":"http:\/\/iuzb.de\/?p=31524"},"modified":"2023-07-16T09:54:45","modified_gmt":"2023-07-16T07:54:45","slug":"es-gilt-die-alte-wahlordnung-aus-dem-jahr-2010","status":"publish","type":"post","link":"https:\/\/iuzb.de\/?p=31524","title":{"rendered":"Es gilt weiterhin die alte Wahlordnung aus dem Jahr 2010, weil die Senatsverwaltung die neue Wahlordnung aus 2019 noch nicht genehmigt hat"},"content":{"rendered":"<p style=\"text-align: justify;\">In unseren <a href=\"https:\/\/iuzb.de\/?p=19876#comments\" target=\"_blank\" rel=\"noopener noreferrer\">Kommentaren<\/a> gab es eine Diskussion bei der es letztendlich auch um die Frage ging, welche Wahlordnung f\u00fcr diese Kammerwahl eigentlich ma\u00dfgeblich ist?<\/p>\n<p style=\"text-align: justify;\">Zwar hatte die Delegiertenversammlung bereits am 23. Mai 2019 eine neue Wahlordnung verabschiedet:<\/p>\n<p style=\"text-align: justify;\">Protokollauszug <div class=\"spoiler-wrap\">\n\t\t\t\t<div class=\"spoiler-head folded\">Spoiler<\/div>\n\t\t\t\t<div class=\"spoiler-body\"><\/p>\n<p style=\"text-align: justify\">TOP 5 b) Wahlordnung<br \/>\nDer Entwurf der Wahlordnung der Zahn\u00e4rztekammer Berlln greift den Wunsch der Delegierten und des Vorstand auf, das Wahlverfahren klarer darzustellen und damit den Wahlberechtigten das Verfahren zu vereinfachen. Es sind notwendige \u00c4nderungen in der Wahlpr\u00fcfung erforderlich, um die Verfahrensrechte dem Verwaltungsverfahrensgesetz (VwVfG) sowie den gesetzlichen Regelungen des Widerspruchsrechts nach der Verwaltungsgerichtsordnung (VwGO) rechtskonform auszugestalten. Ebenso ist eine geschlechterneutrale Ausformulierung notwendig.<\/p>\n<p style=\"text-align: justify\">Der Vorstand stellt folgenden Antrag:<\/p>\n<p style=\"text-align: justify\">Die Delegiertenversammlung m\u00f6ge beschlie\u00dfen: <strong>Die Novelllerung der Wahlordnung der Zahnarztekammer BerIIn in der Fassung vom 23.05.2019 ersetzt die Wahlordnung In der Fassung vom 23.09.2010.<\/strong><\/p>\n<p style=\"text-align: justify\">Die Delegierten stimmen wie folgt ab:<br \/>\n<strong>Ja: 22 Stimmen<\/strong>, Nein: 0 Stimmen, Enthaltungen: 10<\/p>\n<p style=\"text-align: justify\"><strong>Somit ist dieser Antrag angenommen.<\/strong><\/p>\n<p style=\"text-align: justify\"><\/div>\n\t\t\t<\/div><\/p>\n<p style=\"text-align: justify;\">Und in der <a href=\"https:\/\/www.kzv-berlin.de\/fileadmin\/user_upload\/Praxis-Service\/3_Publikationen\/2_MBZ\/2019\/MBZ_7-8_2019.pdf\" target=\"_blank\" rel=\"noopener noreferrer\">MBZ 7\/2019<\/a> wurde daraufhin auf Seite 16 berichtet<\/p>\n<p style=\"text-align: justify;\"><div class=\"spoiler-wrap\">\n\t\t\t\t<div class=\"spoiler-head folded\">Spoiler<\/div>\n\t\t\t\t<div class=\"spoiler-body\">Aktualisierung der Wahlordnung<br \/>\n\u201eVor dem Hintergrund der geringen Wahlbeteiligung und der erheblichen Anzahl ung\u00fcltiger Stimmen haben sowohl die Delegierten als auch die Vorstandsmitglieder der Z\u00c4K Berlin Herrn Dr. Fischdick mit einer Pr\u00e4zisierung der Wahlordnung beauftragt\u201c, erl\u00e4uterte Dr. Karsten Heegewaldt, Pr\u00e4sident der Z\u00c4K Berlin. Gemeinsam mit der Justiziarin der Zahn\u00e4rztekammer, Irene Mitteldorf, habe der Kammergesch\u00e4ftsf\u00fchrer einen Entwurf erarbeitet, der die einge\u00fcbten Abl\u00e4ufe der Wahl zur Delegiertenversammlung (DV) beibehalte. Dar\u00fcber hinaus habe man an entscheidenden Stellen Hinweise der Delegierten aufgenommen und Klarstellungen eingef\u00fcgt. So werden k\u00fcnftig f\u00fcr die Stimmberechtigten die Wahlunterlagen vereinfacht: Den Unterlagen wird ein Informationsblatt \u201eWie w\u00e4hle ich richtig\u201c beigef\u00fcgt, Stimmzettel und Wahlumschlag werden mit der gleichen Farbe gekennzeichnet und <strong>der Wahlschein ist zu unterschreiben<\/strong>. Eine weitere Konkretisierung der Wahlordnung betrifft das passive Wahlrecht: Ein freiwilliges Kammermitglied \u2013 dies k\u00f6nnen k\u00fcnftig nach Beschluss einer vorausgegangenen DV Studierende der Zahnmedizin oder ins Ausland verzogene Zahn\u00e4rzte sein \u2013 darf nicht in die DV und damit auch nicht in den Vorstand gew\u00e4hlt werden. \u201eDie meisten \u00c4nderungen in der Wahlordnung wurden jedoch aufgrund der Rechtsf\u00f6rmlichkeit notwendig\u201c, verdeutlichte Fischdick. \u201eDamit ist die geschlechtsneutrale Sprache gemeint. Daher ist in der Wahlordnung beispielsweise nicht mehr von \u201aW\u00e4hlerinnen\u2018 oder \u201aW\u00e4hlern\u2018, sondern von \u201aWahlberechtigten\u2018 die Rede.\u201c Auf Bitte einiger Delegierter wurde in die neue Wahlordnung ein Passus aufgenommen, dass nach Beendigung der Stimmenausz\u00e4hlung ein vorl\u00e4ufiges Wahlergebnis bekannt gegeben wird. Mit dieser einen \u00c4nderung wurde die neue Wahlordnung durch die Delegierten mehrheitlich beschlossen. Ebenso wie die neue WBO tritt die <strong>neue Wahlordnung<\/strong> erst nach <strong>Ver\u00f6ffentlichung im Amtsblatt<\/strong> in Kraft. (Eine detaillierte Vorstellung der laut Satzung neu zu erstellenden Wahlunterlagen erfolgt rechtzeitig vor den Wahlen 2020 im MBZ.)<\/div>\n\t\t\t<\/div><\/p>\n<p style=\"text-align: justify;\">Aber eine heutige R\u00fcckfrage bei der Kammer hat folgendes ergeben:<\/p>\n<blockquote>\n<p style=\"text-align: justify;\">Die derzeit g\u00fcltige Wahlordnung ist die Wahlordnung von 2010. Eine Genehmigung der beschlossenen Wahlordnung durch die Senatsverwaltung steht noch aus, so dass wir zurzeit die bekannte Ordnung anwenden (m\u00fcssen).<\/p>\n<\/blockquote>\n<p style=\"text-align: justify;\">Von daher gilt also f\u00fcr diese Wahl noch die alte Wahlordnung vom 23. September 2010.<\/p>\n<ul>\n<li>Ge\u00e4ndert sollte die Wahlordnung eigentlich, weil es bei der letzten <a href=\"https:\/\/iuzb.de\/?p=17246\" target=\"_blank\" rel=\"noopener noreferrer\">Kammerwahl 2016<\/a> <strong>fast 500 ung\u00fcltige Stimmen<\/strong> gegeben hatte. Kritik hatten deswegen auch wir erhoben:<br \/>\n<a href=\"https:\/\/iuzb.de\/?p=19876\" target=\"_blank\" rel=\"noopener noreferrer\">Kammerwahlen \u2013 ein schwarzes Loch der Demokratie?<\/a><\/li>\n<\/ul>\n<p>Dies allen Interessierten zur Kenntnisnahme.<\/p>\n<p>Hier ist sie:<\/p>\n<p><a href=\"https:\/\/iuzb.de\/wp-content\/uploads\/2020\/10\/2010-09-23-Wahlordnung-Zahnaerztekammer-Berlin.pdf\"><img loading=\"lazy\" decoding=\"async\" class=\"alignnone size-full wp-image-31534\" src=\"https:\/\/iuzb.de\/wp-content\/uploads\/2020\/10\/2010-09-23-Wahlordnung-Zahnaerztekammer-Berlin-Bild.jpg\" alt=\"\" width=\"661\" height=\"161\" srcset=\"https:\/\/iuzb.de\/wp-content\/uploads\/2020\/10\/2010-09-23-Wahlordnung-Zahnaerztekammer-Berlin-Bild.jpg 661w, https:\/\/iuzb.de\/wp-content\/uploads\/2020\/10\/2010-09-23-Wahlordnung-Zahnaerztekammer-Berlin-Bild-450x110.jpg 450w, https:\/\/iuzb.de\/wp-content\/uploads\/2020\/10\/2010-09-23-Wahlordnung-Zahnaerztekammer-Berlin-Bild-330x80.jpg 330w\" sizes=\"auto, (max-width: 661px) 100vw, 661px\" \/><\/a><\/p>\n<p>&nbsp;<\/p>\n<p>&nbsp;<\/p>\n<p>Und hier noch eine \u00dcbersicht \u00fcber die Anzahl der ung\u00fcltigen Stimmen seit der Kammerwahl 2002:<\/p>\n<p><img loading=\"lazy\" decoding=\"async\" class=\"alignnone size-full wp-image-31557\" src=\"https:\/\/iuzb.de\/wp-content\/uploads\/2020\/10\/IUZB-ZAEK-Berlin-Kammerwahlen-Ungueltige-Stimmen-2002-2016.jpg\" alt=\"\" width=\"983\" height=\"208\" srcset=\"https:\/\/iuzb.de\/wp-content\/uploads\/2020\/10\/IUZB-ZAEK-Berlin-Kammerwahlen-Ungueltige-Stimmen-2002-2016.jpg 983w, https:\/\/iuzb.de\/wp-content\/uploads\/2020\/10\/IUZB-ZAEK-Berlin-Kammerwahlen-Ungueltige-Stimmen-2002-2016-450x95.jpg 450w, https:\/\/iuzb.de\/wp-content\/uploads\/2020\/10\/IUZB-ZAEK-Berlin-Kammerwahlen-Ungueltige-Stimmen-2002-2016-330x70.jpg 330w, https:\/\/iuzb.de\/wp-content\/uploads\/2020\/10\/IUZB-ZAEK-Berlin-Kammerwahlen-Ungueltige-Stimmen-2002-2016-768x163.jpg 768w\" sizes=\"auto, (max-width: 983px) 100vw, 983px\" \/><\/p>\n","protected":false},"excerpt":{"rendered":"<p>In unseren Kommentaren gab es eine Diskussion bei der es letztendlich auch um die Frage ging, welche Wahlordnung f\u00fcr diese Kammerwahl eigentlich ma\u00dfgeblich ist? Zwar hatte die Delegiertenversammlung bereits am [&#8230;]<\/p>\n","protected":false},"author":13,"featured_media":0,"comment_status":"open","ping_status":"closed","sticky":false,"template":"","format":"standard","meta":{"ngg_post_thumbnail":0,"iawp_total_views":4,"footnotes":""},"categories":[91,242,63,266,368,46],"tags":[],"class_list":["post-31524","post","type-post","status-publish","format-standard","hentry","category-delegiertenversammlung","category-infobriefe","category-kammerwahl-2016","category-kammerwahl-2020","category-wahlordnung-zaek","category-zahnaerztekammer-berlin"],"_links":{"self":[{"href":"https:\/\/iuzb.de\/index.php?rest_route=\/wp\/v2\/posts\/31524","targetHints":{"allow":["GET"]}}],"collection":[{"href":"https:\/\/iuzb.de\/index.php?rest_route=\/wp\/v2\/posts"}],"about":[{"href":"https:\/\/iuzb.de\/index.php?rest_route=\/wp\/v2\/types\/post"}],"author":[{"embeddable":true,"href":"https:\/\/iuzb.de\/index.php?rest_route=\/wp\/v2\/users\/13"}],"replies":[{"embeddable":true,"href":"https:\/\/iuzb.de\/index.php?rest_route=%2Fwp%2Fv2%2Fcomments&post=31524"}],"version-history":[{"count":22,"href":"https:\/\/iuzb.de\/index.php?rest_route=\/wp\/v2\/posts\/31524\/revisions"}],"predecessor-version":[{"id":42957,"href":"https:\/\/iuzb.de\/index.php?rest_route=\/wp\/v2\/posts\/31524\/revisions\/42957"}],"wp:attachment":[{"href":"https:\/\/iuzb.de\/index.php?rest_route=%2Fwp%2Fv2%2Fmedia&parent=31524"}],"wp:term":[{"taxonomy":"category","embeddable":true,"href":"https:\/\/iuzb.de\/index.php?rest_route=%2Fwp%2Fv2%2Fcategories&post=31524"},{"taxonomy":"post_tag","embeddable":true,"href":"https:\/\/iuzb.de\/index.php?rest_route=%2Fwp%2Fv2%2Ftags&post=31524"}],"curies":[{"name":"wp","href":"https:\/\/api.w.org\/{rel}","templated":true}]}}