{"id":31410,"date":"2020-10-14T14:10:40","date_gmt":"2020-10-14T12:10:40","guid":{"rendered":"http:\/\/iuzb.de\/?p=31410"},"modified":"2020-12-01T21:11:26","modified_gmt":"2020-12-01T20:11:26","slug":"kzv-vorstand-dr-meyer-macht-fragliche-aussage-zur-dsfa-fuer-ti-anwender","status":"publish","type":"post","link":"https:\/\/iuzb.de\/?p=31410","title":{"rendered":"KZV Vorsitzender Dr. Meyer macht fragliche Aussage zur DSFA f\u00fcr TI Anwender"},"content":{"rendered":"<p style=\"text-align: justify;\">Liebe Kolleginnen und liebe Kollegen!<\/p>\n<p style=\"text-align: justify;\">Zwei aufkl\u00e4rende Artikel habe ich als Links beigef\u00fcgt!<\/p>\n<p style=\"text-align: justify;\">Ich habe die Vorsitzenden der KZV und der Zahn\u00e4rztekammer Berlin informiert, dass meiner Meinung nach Herr Meyer eine nicht richtige Aussage bez\u00fcglich der Verantwortung der Einzelpraxis f\u00fcr die Daten, die den Konnektor und die Praxis verlassen, gemacht hat. Dies ist der rote Abschnitt im unteren Text, der wiederum eine Kopie von der Zusammenfassung der Vertreterversammlung vom 31.08.2020 aus der <a href=\"https:\/\/iuzb.de\/wp-content\/uploads\/2020\/10\/2020-10-MBZ-VV-Bericht-Bedenken-zur-Datensicherheit.pdf\" target=\"_blank\" rel=\"noopener noreferrer\">MBZ 10\/2020<\/a> ist.<\/p>\n<p style=\"text-align: justify;\">Ich erlaube mir hier eine Wertung: Coronagegner \u2013 also Menschen, die allerlei Kritik haben an den beh\u00f6rdlichen Ma\u00dfnahmen gegen die Pandemie haben \u2013 sprechen schnell von Gleichschaltung der Gesellschaft, angefangen von Politikern, die alle das gleiche erz\u00e4hlen bis hin zu Gesundheits\u00e4mtern oder den Medien.<\/p>\n<p style=\"text-align: justify;\">In Sachen Telematikinfrastruktur haben wir es mit einer stillschweigenden Gleichschaltungsbereitschaft allerorts zu tun. Selbst Gr\u00fcne und Linke sehen keine grundlegenden Probleme mit der erzwungenen Erfassung riesiger Datenmengen \u2013 Gr\u00fcne haben durch die an Missionseifer grenzende aufopferungsvolle Arbeit von Jan Philipp Albrecht, damals Europagr\u00fcner, heute <a href=\"https:\/\/www.schleswig-holstein.de\/DE\/Landesregierung\/V\/Minister\/Minister.html\" target=\"_blank\" rel=\"noopener noreferrer\">Minister in Schleswig Holstein<\/a>, sich einen Gedenkstein in Sachen Datenschutz gesetzt: die DSGVO.<\/p>\n<p style=\"text-align: justify;\">Die DSGVO\u00a0 hat, wie die Artikel zeigen, immer noch herausragende Bedeutung f\u00fcr die TI. Aber sie wird auch von den Gr\u00fcnen so nicht gesehen. Es bleibt auch f\u00fcr die Gr\u00fcnen beim Grundgedanken, dass ein erzwungener Anschluss f\u00fcr Patienten und Leistungserbringer grundgesetzkonform und DSGVO konform ist \u2013 weil \u2013 und hier zitiere ich einen Gr\u00fcnen \u2013 die Speicherung unter h\u00f6chsten Sicherheitsbedingungen auf der TI-Cloud geschieht. Und dass alle einen gro\u00dfen Vorteil aus der digitalen Speicherung ziehen werden.<\/p>\n<p style=\"text-align: justify;\">Mir w\u00fcrde sich bei dieser Fehlleinsch\u00e4tzung die Zunge in den Rachen legen und zum Erstickungstod beitragen\u2026 Ich sehe mich also einer ahnungslosen riesigen Meinungsmasse gegen\u00fcber, die geschickt von einigen Lobbyisten und blau\u00e4ugigen \u201eDigitaler-Fortschritt-Gl\u00e4ubigen\u201c an einer dringend notwendigen Gesellschaftsdiskussion vorbei gleichgeschaltet wird, ohne dass die Masse es merkt. Dabei m\u00fcsste man nur \u00fcber den Teich schauen und begreifen, wohin Datensammlung in Clouds f\u00fchrt\u2026..<\/p>\n<p style=\"text-align: justify;\"><span style=\"text-decoration: underline;\">Ich bleibe daher bei meiner Grundforderung: <\/span><\/p>\n<ul>\n<li style=\"text-align: justify;\">Der Staat soll die Verantwortung f\u00fcr alle Datenstr\u00f6me und -speicherung \u00fcbernehmen UND jeder, also Patient und Leistungserbringer, soll entscheiden d\u00fcrfen, ob er sich anschlie\u00dfen will.<\/li>\n<\/ul>\n<p>&nbsp;<\/p>\n<p><img loading=\"lazy\" decoding=\"async\" class=\"alignnone size-full wp-image-31411\" src=\"https:\/\/iuzb.de\/wp-content\/uploads\/2020\/10\/Dr.StefanVerch.jpg\" alt=\"\" width=\"514\" height=\"226\" srcset=\"https:\/\/iuzb.de\/wp-content\/uploads\/2020\/10\/Dr.StefanVerch.jpg 514w, https:\/\/iuzb.de\/wp-content\/uploads\/2020\/10\/Dr.StefanVerch-450x198.jpg 450w, https:\/\/iuzb.de\/wp-content\/uploads\/2020\/10\/Dr.StefanVerch-273x120.jpg 273w\" sizes=\"auto, (max-width: 514px) 100vw, 514px\" \/><\/p>\n<p>&nbsp;<\/p>\n<p>________________________<\/p>\n<p>&nbsp;<\/p>\n<p><span style=\"text-decoration: underline;\">Hier die beiden aufkl\u00e4renden Artikel:<\/span><\/p>\n<ul>\n<li>heise online, 08\/2020:<br \/>\n<a href=\"https:\/\/www.heise.de\/news\/Warum-es-bei-kuenftigen-Datenpannen-in-der-Medizin-keine-Schuldigen-geben-wird-4876918.html\" target=\"_blank\" rel=\"noopener noreferrer\">Warum es bei k\u00fcnftigen Datenpannen in der Medizin keine Schuldigen geben wird<\/a><\/li>\n<li>R\u00f6dl &amp; Partner, 23.06.2020:<br \/>\n<a href=\"https:\/\/www.roedl.de\/themen\/fokus-gesundheits-und-sozialwirtschaft\/juni-2020\/datenschutzrechtliche-verantwortlichkeit-leistungserbringer-patientendaten-schutz-gesetz\" target=\"_blank\" rel=\"noopener noreferrer\">Die datenschutzrechtliche Verantwortlichkeit der Leistungserbringer nach dem Entwurf des Patientendaten-Schutz-Gesetzes<\/a><\/li>\n<\/ul>\n<p>&nbsp;<\/p>\n<p><strong>E-Mail an Herrn Dr. J\u00f6rg Meyer, <a href=\"https:\/\/www.kzv-berlin.de\/kzv-berlin\/organe-und-struktur\/vorstand\/\" target=\"_blank\" rel=\"noopener noreferrer\">Vorstandsvorsitzender der KZV Berlin<\/a>, und an Herrn Dr. Karsten Heegewaldt, <a href=\"https:\/\/www.zaek-berlin.de\/ueber-uns\/vorstand-geschaeftsfuehrung.html\" target=\"_blank\" rel=\"noopener noreferrer\">Pr\u00e4sident der Zahn\u00e4rztekammer Berlin<\/a>:<\/strong><\/p>\n<blockquote><p>Guten Tag, Herr Kollege Meyer und Heegewaldt!<\/p>\n<p>in der <a href=\"https:\/\/iuzb.de\/wp-content\/uploads\/2020\/10\/2020-10-MBZ-VV-Bericht-Bedenken-zur-Datensicherheit.pdf\" target=\"_blank\" rel=\"noopener noreferrer\">aktuellen MBZ<\/a> wird eine Meldung gezeigt, dass Sie, Herr Meyer, wohl der Meinung sind, dass der einzelne Leistungserbringer f\u00fcr die Telematikinfratruktur, sprich der Zahnarzt, nunmehr von seiner Verantwortung entbunden bzw. diese auf den Praxisraum und Konnektor beschr\u00e4nkt sei:<\/p>\n<p style=\"text-align: justify;\"><div class=\"spoiler-wrap\">\n\t\t\t\t<div class=\"spoiler-head folded\">Spoiler<\/div>\n\t\t\t\t<div class=\"spoiler-body\"><strong>Bedenken zur Datensicherheit<\/strong><\/p>\n<p style=\"text-align: justify\">Nachfragen und Kommentare seitens der VV-Mitglieder gab es vor allem zur TI-Anbindung und dessen Refinanzierung. Dar\u00fcber hinaus wurde die Bitte an den KZV-Vorstand herangetragen, einen finanziellen Ausgleich f\u00fcr das Versichertenstammdatenmanagement, das die Praxen f\u00fcr die Krankenkassen durchf\u00fchren, einzufordern. Meyer zeigte f\u00fcr diese Forderung Verst\u00e4ndnis, sagte aber, dass er hier keine Aussicht auf Erfolg sehe. Zudem \u00e4u\u00dferten die VV-Mitglieder stellvertretend f\u00fcr die Berliner Zahn\u00e4rzteschaft ihre immer noch vorhandenen Bedenken bzgl. des Datenschutzes im Rahmen der TI. <span style=\"color: #ff0000\">Hier verwies Meyer auf das PDSG, in dem nunmehr festgeschrieben ist, dass die Verantwortung des <\/span><span style=\"color: #ff0000\">Zahnarztes \u201evor dem Konnektor endet\u201c, also seine Verantwortlichkeit f\u00fcr die Komponenten der dezentralen Infrastruktur nunmehr sachgerecht und entsprechend auf die ordnungsgem\u00e4\u00dfe Inbetriebnahme, Wartung und Verwendung begrenzt ist.<\/span> Nachfragen gab es auch zum Inhalt der geforderten Dokumentation bei den Qualit\u00e4tspr\u00fcfungen und deren Auswirkungen auf m\u00f6gliche Ma\u00dfnahmen. In diesem Zusammenhang wurde noch einmal darauf hingewiesen, dass die Vorgaben der einzelnen Abrechnungspositionen im Hinblick auf eine Richtlinien-konforme Abrechnung einzuhalten sind.<\/div>\n\t\t\t<\/div><\/p>\n<p style=\"text-align: justify;\">Dem ist so nicht und es w\u00e4re gut, wenn Sie dies richtigstellten, denn Z\u00c4 k\u00f6nnten sich anderenfalls in Sicherheit wiegen.<\/p>\n<p style=\"text-align: justify;\">Wenn Sie den \u00a7 307 Datenschutzrechtliche Verantwortlichkeiten<\/p>\n<div class=\"spoiler-wrap\">\n\t\t\t\t<div class=\"spoiler-head folded\">Spoiler<\/div>\n\t\t\t\t<div class=\"spoiler-body\"><strong>(1) Die Verarbeitung personenbezogener Daten mittels der Komponenten der dezentralen Infrastruktur nach \u00a7 306 Absatz 2 Nummer 1 liegt in der Verantwortung derjenigen, die diese Komponenten f\u00fcr die Zwecke der Authentifizierung und zur sicheren Verarbeitung von Daten \u00fcber die zentrale Infrastruktur nutzen, soweit sie \u00fcber die Mittel der Datenverarbeitung mit entscheiden. Dies gilt f\u00fcr die ordnungsgem\u00e4\u00dfe Inbetriebnahme, Wartung und Verwendung der Komponenten.<\/strong><\/p>\n<p style=\"text-align: justify\">(2) Der Betrieb der durch die Gesellschaft f\u00fcr Telematik spezifizierten und zugelassenen Zugangsdienste nach \u00a7 306 Absatz 2 Nummer 2 Buchstabe a liegt in der Verantwortung des jeweiligen Anbieters des Zugangsdienstes. Der Anbieter eines Zugangsdienstes darf personenbezogene Daten der Versicherten ausschlie\u00dflich f\u00fcr Zwecke des Aufbaus und des Betriebs seines Zugangsdienstes verarbeiten. \u00a7 88 des Telekommunikationsgesetzes ist entsprechend anzuwenden.<\/p>\n<p style=\"text-align: justify\">(3) Die Gesellschaft f\u00fcr Telematik erteilt einen Auftrag nach \u00a7 323 Absatz 2 Satz 1 zum alleinverantwortlichen Betrieb des gesicherten Netzes nach \u00a7 306 Absatz 2 Nummer 2 Buchstabe b, einschlie\u00dflich der f\u00fcr den Betrieb notwendigen Dienste. Der Anbieter des gesicherten Netzes ist innerhalb des gesicherten Netzes verantwortlich f\u00fcr die \u00dcbertragung von personenbezogenen Daten, insbesondere von Gesundheitsdaten der Versicherten, zwischen Leistungserbringern, Kostentr\u00e4gern sowie Versicherten und f\u00fcr die \u00dcbertragung im Rahmen der Anwendungen der elektronischen Gesundheitskarte. Der Anbieter des gesicherten Netzes darf die Daten ausschlie\u00dflich zum Zweck der Daten\u00fcbertragung verarbeiten. \u00a7 88 des Telekommunikationsgesetzes ist entsprechend anzuwenden.<\/p>\n<p style=\"text-align: justify\">(4) Der Betrieb der Dienste der Anwendungsinfrastruktur nach \u00a7 306 Absatz 2 Nummer 3 erfolgt durch den jeweiligen Anbieter. Die Anbieter sind f\u00fcr die Verarbeitung personenbezogener Daten, insbesondere von Gesundheitsdaten der Versicherten, zum Zweck der Nutzung des jeweiligen Dienstes der Anwendungsinfrastruktur verantwortlich.<\/p>\n<p style=\"text-align: justify\">(5) Die Gesellschaft f\u00fcr Telematik ist Verantwortlicher f\u00fcr die Verarbeitung personenbezogener Daten in der Telematikinfrastruktur, soweit sie im Rahmen ihrer Aufgaben nach \u00a7 311 Absatz 1 die Mittel der Datenverarbeitung bestimmt und insoweit keine Verantwortlichkeit nach den vorstehenden Abs\u00e4tzen begr\u00fcndet ist. Die Gesellschaft f\u00fcr Telematik richtet f\u00fcr die Betroffenen eine koordinierende Stelle ein. Die koordinierende Stelle erteilt den Betroffenen allgemeine Informationen zur Telematikinfrastruktur sowie Auskunft \u00fcber Zust\u00e4ndigkeiten innerhalb der Telematikinfrastruktur, insbesondere zur datenschutzrechtlichen Verantwortlichkeit nach dieser Vorschrift.<\/div>\n\t\t\t<\/div>\n<p style=\"text-align: justify;\">wird klar, dass damit jeder angeschlossene ein nicht kalkulierbares Risiko eingeht. Ich k\u00f6nnte nicht kontrollieren, wer am Konnektor welche Daten wohin abzweigt oder nicht, oder ob mein Leseger\u00e4t gehacked wurde.<\/p>\n<p style=\"text-align: justify;\">Die einzige Institution, die fein raus ist, ist die Telematik. Sie braucht erst mal gar nichts verantworten, weil zuerst der Nutzer (=Vertrags(Zahn)arzt und dann der Anbieter der Zugangsdienste dran ist. Und sie braucht jetzt wohl auch keine Datenschutzfolgenabsch\u00e4tzung mehr vorlegen, weshalb man dieses Gesetz gemacht hat.<\/p>\n<p style=\"text-align: justify;\">Jeder ZA hat also immer noch die Frage zu kl\u00e4ren, welche DSFA (Datenschutzfolgeabsch\u00e4tzung) er vornehmen will. Und es abzuraten, dass er sie f\u00fcr die TI \u00fcberhaupt zum jetzigen Zeitpunkt abgibt, weil er schnell f\u00fcr alles verantwortlich sein kann. Andererseits ist er streng genommen verpflichtet, eine DSFA abzugeben. Ausweg? Ausst\u00f6pseln, bis die DSFA gekl\u00e4rt ist. Das sollten TI-Anwender wissen.<\/p>\n<p style=\"text-align: justify;\">Auch wenn die KZV zust\u00e4ndig ist, w\u00e4re es an der Kammer, Ihre Mitglieder zu warnen. Ein gemeinsamer Artikel w\u00fcrde aufkl\u00e4ren und helfen. Leider kann ich als Mitglied der KZV und Kammer als Person in der MBZ keine Richtigstellung erwirken oder einen Diskussion ansto\u00dfen. Das ist in der MBZ recht restriktiv geregelt, wenn nicht undemokratisch. Deswegen bitte ich Sie um diese Richtigstellung.<\/p>\n<p style=\"text-align: justify;\">Mit kollegialen Gr\u00fc\u00dfen<\/p>\n<p style=\"text-align: justify;\">Stefan Verch<\/p>\n<p>&nbsp;<\/p><\/blockquote>\n<p>&nbsp;<\/p>\n","protected":false},"excerpt":{"rendered":"<p>Liebe Kolleginnen und liebe Kollegen! Zwei aufkl\u00e4rende Artikel habe ich als Links beigef\u00fcgt! Ich habe die Vorsitzenden der KZV und der Zahn\u00e4rztekammer Berlin informiert, dass meiner Meinung nach Herr Meyer [&#8230;]<\/p>\n","protected":false},"author":13,"featured_media":31434,"comment_status":"open","ping_status":"closed","sticky":false,"template":"","format":"standard","meta":{"ngg_post_thumbnail":0,"iawp_total_views":0,"footnotes":""},"categories":[242,45,252,46],"tags":[],"class_list":["post-31410","post","type-post","status-publish","format-standard","has-post-thumbnail","hentry","category-infobriefe","category-kzv-berlin","category-telematik","category-zahnaerztekammer-berlin"],"_links":{"self":[{"href":"https:\/\/iuzb.de\/index.php?rest_route=\/wp\/v2\/posts\/31410","targetHints":{"allow":["GET"]}}],"collection":[{"href":"https:\/\/iuzb.de\/index.php?rest_route=\/wp\/v2\/posts"}],"about":[{"href":"https:\/\/iuzb.de\/index.php?rest_route=\/wp\/v2\/types\/post"}],"author":[{"embeddable":true,"href":"https:\/\/iuzb.de\/index.php?rest_route=\/wp\/v2\/users\/13"}],"replies":[{"embeddable":true,"href":"https:\/\/iuzb.de\/index.php?rest_route=%2Fwp%2Fv2%2Fcomments&post=31410"}],"version-history":[{"count":21,"href":"https:\/\/iuzb.de\/index.php?rest_route=\/wp\/v2\/posts\/31410\/revisions"}],"predecessor-version":[{"id":31433,"href":"https:\/\/iuzb.de\/index.php?rest_route=\/wp\/v2\/posts\/31410\/revisions\/31433"}],"wp:featuredmedia":[{"embeddable":true,"href":"https:\/\/iuzb.de\/index.php?rest_route=\/wp\/v2\/media\/31434"}],"wp:attachment":[{"href":"https:\/\/iuzb.de\/index.php?rest_route=%2Fwp%2Fv2%2Fmedia&parent=31410"}],"wp:term":[{"taxonomy":"category","embeddable":true,"href":"https:\/\/iuzb.de\/index.php?rest_route=%2Fwp%2Fv2%2Fcategories&post=31410"},{"taxonomy":"post_tag","embeddable":true,"href":"https:\/\/iuzb.de\/index.php?rest_route=%2Fwp%2Fv2%2Ftags&post=31410"}],"curies":[{"name":"wp","href":"https:\/\/api.w.org\/{rel}","templated":true}]}}