{"id":31360,"date":"2020-10-08T17:48:59","date_gmt":"2020-10-08T15:48:59","guid":{"rendered":"http:\/\/iuzb.de\/?p=31360"},"modified":"2020-12-01T21:11:48","modified_gmt":"2020-12-01T20:11:48","slug":"31360","status":"publish","type":"post","link":"https:\/\/iuzb.de\/?p=31360","title":{"rendered":"Die Zahn\u00e4rztekammer Berlin: F\u00fchrungslos, planlos, verantwortungslos"},"content":{"rendered":"<p>Sehr geehrter Herr Kollege Heegewaldt,<\/p>\n<p style=\"text-align: justify;\">mit Ihrer bornierten Bockigkeit, mit der Sie sich weiterhin um die zeitnahe und vollst\u00e4ndige Beantwortung der <a href=\"https:\/\/iuzb.de\/?p=30628\" target=\"_blank\" rel=\"noopener noreferrer\">in der Delegiertenversammlung vom 28.05.2020<\/a> an Sie gerichteten Fragen <a href=\"https:\/\/iuzb.de\/?p=31012\" target=\"_blank\" rel=\"noopener noreferrer\">zu dr\u00fccken versuchen<\/a>, demonstrieren Sie allen Berliner KollegInnen, <strong>dass Sie dem Amt des Pr\u00e4sidenten der Zahn\u00e4rztekammer Berlin nicht gewachsen sind<\/strong>.<\/p>\n<p style=\"text-align: justify;\">Wie schon in der <a href=\"https:\/\/iuzb.de\/?p=29321\" target=\"_blank\" rel=\"noopener noreferrer\">Betrugsaff\u00e4re am Philipp-Pfaff-Institut<\/a> oder im Fall der <a href=\"https:\/\/iuzb.de\/?p=29467\" target=\"_blank\" rel=\"noopener noreferrer\">sexistischen Werbung f\u00fcr Auszubildende<\/a>, versuchen Sie auch in diesem Fall Ihre Verantwortlichkeit zu vernebeln.<\/p>\n<p style=\"text-align: justify;\">Ihre Bem\u00fchungen, die Beschaffung von Schutzausr\u00fcstungen als eine besonders selbstlose Aktion Ihres Gesch\u00e4ftsf\u00fchrers darzustellen, fehlt es an \u00dcberzeugungskraft und Professionalit\u00e4t.<\/p>\n<p style=\"text-align: justify;\">Um als Zahn\u00e4rztekammer den Praxen zum Erwerb von Schutzausr\u00fcstung eine offizielle Kaufempfehlung geben zu k\u00f6nnen, w\u00e4re es notwendig gewesen, dass Sie sich vorab von die Seriosit\u00e4t der Firma und der Werthaltigkeit der Materialen so umfassend wie m\u00f6glich h\u00e4tten \u00fcberzeugen m\u00fcssen.<\/p>\n<p style=\"text-align: justify;\">Die erst durch die &#8211; von der IUZB veranlasste &#8211; nachtr\u00e4gliche Testung der Masken aufgedeckten eklatanten Qualit\u00e4tsm\u00e4ngel, h\u00e4tten sie mit der \u00dcbersendung der Ihnen angeblich vorliegenden Zertifikate und Gutachten entkr\u00e4ften k\u00f6nnen und m\u00fcssen. &#8211;\u00a0 Dies haben Sie nicht getan. Dies best\u00e4tigt die Vermutung, dass es diese nie gegeben hat, oder falls doch, dass Sie an deren Echtheit oder Qualit\u00e4tswert selbst Zweifel hatten, so dass Sie jetzt schlichtweg nichts in der Hand haben, was Sie mit gutem und reinem Gewissen vorweisen k\u00f6nnten.<\/p>\n<p style=\"text-align: justify;\"><strong>Jetzt stecken Sie den Kopf in den Sand und hoffen darauf, dass sich das Problem in selbigem verl\u00e4uft. Wird es aber nicht!<\/strong><\/p>\n<p style=\"text-align: justify;\">Das Milieu in dem sich die von Ihnen beworbene Firma bewegt &#8211; das Sie offensichtlich teilen &#8211; ist von dem Wertesystem gepr\u00e4gt, nachdem derjenige ein \u201eHeld\u201c ist, der auf dem Markt die billigsten W\u00fcrstchen (Mund-Nasenschutz) von einem Gro\u00dfh\u00e4ndler kauft und sie als Gourmet-W\u00fcrstchen (zertifizierte FFP2- Maske) f\u00fcr ein Vielfaches weiterverkauft.<\/p>\n<p style=\"text-align: justify;\">Den Skandal, dass an rund 800 Berliner Zahnarztpraxen von der von Ihnen vermittelten Firma vermutlich unzureichende Schutzausr\u00fcstung geliefert worden ist, haben Sie pers\u00f6nlich zu verantworten.<\/p>\n<p style=\"text-align: justify;\"><strong>Zeigen Sie sich mutig, werden Sie Ihrem Amt gerecht und erkl\u00e4ren Sie sich endlich! Gr\u00f6\u00dfe hat nur, wer sich und allen Betroffenen eingestehen kann einen Fehler gemacht zu haben. Niemand ist davor gefeit.<\/strong><\/p>\n<p>Mit freundlichen Gr\u00fc\u00dfen<\/p>\n<p><img loading=\"lazy\" decoding=\"async\" class=\"size-full wp-image-25248 alignleft\" src=\"https:\/\/iuzb.de\/wp-content\/uploads\/2018\/10\/Dr.-Helmut-Dohmeier-de-Haan-150x210.jpg\" alt=\"\" width=\"150\" height=\"210\" srcset=\"https:\/\/iuzb.de\/wp-content\/uploads\/2018\/10\/Dr.-Helmut-Dohmeier-de-Haan-150x210.jpg 150w, https:\/\/iuzb.de\/wp-content\/uploads\/2018\/10\/Dr.-Helmut-Dohmeier-de-Haan-150x210-86x120.jpg 86w\" sizes=\"auto, (max-width: 150px) 100vw, 150px\" \/><\/p>\n<p>&nbsp;<\/p>\n<p>&nbsp;<\/p>\n<p><strong>Helmut Dohmeier-de Haan<\/strong><\/p>\n<p>Delegierter<br \/>\n2. Vorsitzender IUZB e.V.<\/p>\n","protected":false},"excerpt":{"rendered":"<p>Sehr geehrter Herr Kollege Heegewaldt, mit Ihrer bornierten Bockigkeit, mit der Sie sich weiterhin um die zeitnahe und vollst\u00e4ndige Beantwortung der in der Delegiertenversammlung vom 28.05.2020 an Sie gerichteten Fragen [&#8230;]<\/p>\n","protected":false},"author":13,"featured_media":31031,"comment_status":"open","ping_status":"closed","sticky":false,"template":"","format":"standard","meta":{"ngg_post_thumbnail":0,"iawp_total_views":3,"footnotes":""},"categories":[242,267,46],"tags":[],"class_list":["post-31360","post","type-post","status-publish","format-standard","has-post-thumbnail","hentry","category-infobriefe","category-maskenvermittlung","category-zahnaerztekammer-berlin"],"_links":{"self":[{"href":"https:\/\/iuzb.de\/index.php?rest_route=\/wp\/v2\/posts\/31360","targetHints":{"allow":["GET"]}}],"collection":[{"href":"https:\/\/iuzb.de\/index.php?rest_route=\/wp\/v2\/posts"}],"about":[{"href":"https:\/\/iuzb.de\/index.php?rest_route=\/wp\/v2\/types\/post"}],"author":[{"embeddable":true,"href":"https:\/\/iuzb.de\/index.php?rest_route=\/wp\/v2\/users\/13"}],"replies":[{"embeddable":true,"href":"https:\/\/iuzb.de\/index.php?rest_route=%2Fwp%2Fv2%2Fcomments&post=31360"}],"version-history":[{"count":10,"href":"https:\/\/iuzb.de\/index.php?rest_route=\/wp\/v2\/posts\/31360\/revisions"}],"predecessor-version":[{"id":31370,"href":"https:\/\/iuzb.de\/index.php?rest_route=\/wp\/v2\/posts\/31360\/revisions\/31370"}],"wp:featuredmedia":[{"embeddable":true,"href":"https:\/\/iuzb.de\/index.php?rest_route=\/wp\/v2\/media\/31031"}],"wp:attachment":[{"href":"https:\/\/iuzb.de\/index.php?rest_route=%2Fwp%2Fv2%2Fmedia&parent=31360"}],"wp:term":[{"taxonomy":"category","embeddable":true,"href":"https:\/\/iuzb.de\/index.php?rest_route=%2Fwp%2Fv2%2Fcategories&post=31360"},{"taxonomy":"post_tag","embeddable":true,"href":"https:\/\/iuzb.de\/index.php?rest_route=%2Fwp%2Fv2%2Ftags&post=31360"}],"curies":[{"name":"wp","href":"https:\/\/api.w.org\/{rel}","templated":true}]}}