{"id":31275,"date":"2020-10-01T12:01:49","date_gmt":"2020-10-01T10:01:49","guid":{"rendered":"http:\/\/iuzb.de\/?p=31275"},"modified":"2020-10-01T12:02:22","modified_gmt":"2020-10-01T10:02:22","slug":"15-minuten-umfrage-zu-seltenen-erkrankungen-im-zahn-mund-kiefer-und-gesichtsbereich","status":"publish","type":"post","link":"https:\/\/iuzb.de\/?p=31275","title":{"rendered":"15-Minuten-Umfrage zu seltenen Erkrankungen im Zahn-, Mund-, Kiefer- und Gesichtsbereich"},"content":{"rendered":"<p style=\"text-align: justify;\">Die Bundeszahn\u00e4rztekammer bittet alle Zahn\u00e4rztinnen und Zahn\u00e4rzte um rege Teilnahme an der Umfrage zum Informationsstand \u00fcber seltene Erkrankungen und ihre orofazialen Manifestationen.<\/p>\n<p style=\"text-align: justify;\">Die Umfrage wird vom<span style=\"text-decoration: underline;\"> 01.10.2020 bis zum 31.03.2021<\/span> vom Department f\u00fcr Zahn-, Mund- und Kieferheilkunde der Universit\u00e4t Witten\/Herdecke durchgef\u00fchrt. Ziel ist es u.a. durch den Aufbau standardisierter Datenbanken die Kollegenschaft bei diesem Thema zu unterst\u00fctzen.<\/p>\n<p style=\"text-align: justify;\"><span style=\"text-decoration: underline;\">Die Beantwortung der Fragen dauert <strong>max. 15 Minuten<\/strong>.<\/span><\/p>\n<ul style=\"text-align: justify;\">\n<li><span style=\"font-size: 12pt;\"><a href=\"http:\/\/www.bzaek.de\/presse\/presseinformationen\/presseinformationen-abonnieren\/presseverteiler-manager\/presse-informations-letter.html?type=1342671779&amp;tx_newsletter_p%5Bn%5D=318&amp;tx_newsletter_p%5Baction%5D=clicked&amp;tx_newsletter_p%5Bcontroller%5D=Link&amp;tx_newsletter_p%5Bl%5D=f260ae2ee42022e45318feb92e7c4825\" target=\"_blank\" rel=\"noopener noreferrer\">Umfrageformular<\/a> <strong>f\u00fcr niedergelassene<\/strong> Zahn\u00e4rztinnen und Zahn\u00e4rzte<\/span><\/li>\n<li><span style=\"font-size: 12pt;\"><a href=\"http:\/\/www.bzaek.de\/presse\/presseinformationen\/presseinformationen-abonnieren\/presseverteiler-manager\/presse-informations-letter.html?type=1342671779&amp;tx_newsletter_p%5Bn%5D=318&amp;tx_newsletter_p%5Baction%5D=clicked&amp;tx_newsletter_p%5Bcontroller%5D=Link&amp;tx_newsletter_p%5Bl%5D=2e04c0af117354621bf1955e5b222cc4\" target=\"_blank\" rel=\"noopener noreferrer\">Umfrageformular<\/a> <strong>f\u00fcr in ZMK-Zentren t\u00e4tige<\/strong> Zahn\u00e4rztinnen und Zahn\u00e4rzte<\/span><\/li>\n<\/ul>\n<p style=\"text-align: justify;\"><span style=\"text-decoration: underline;\">Hintergrund:<\/span><\/p>\n<p style=\"text-align: justify;\">Nach Sch\u00e4tzungen des Bundesministeriums f\u00fcr Gesundheit sind in Deutschland 4 Millionen Patienten von seltenen Erkrankungen betroffen. Bis zur Diagnosestellung vergehen oft Jahre und nicht selten erleben die Patienten einen \u00c4rztemarathon.<\/p>\n<p style=\"text-align: justify;\">Etwa 15 Prozent der bisher bekannten seltenen Erkrankungen zeigen Manifestationen im Zahn-, Mund-, Kiefer- und Gesichtsbereich.<\/p>\n<p style=\"text-align: justify;\">Somit k\u00f6nnen Zahn\u00e4rzte zu einer fr\u00fchzeitigen Diagnosestellung beitragen.<\/p>\n<p>Quelle: Bundeszahn\u00e4rztekammer, <a href=\"https:\/\/www.bzaek.de\/presse\/presseinformationen\/presseinformation\/umfrage-zu-seltenen-erkrankungen.html\" target=\"_blank\" rel=\"noopener noreferrer\">Pressemitteilung<\/a> vom 01.10.2020<\/p>\n","protected":false},"excerpt":{"rendered":"<p>Die Bundeszahn\u00e4rztekammer bittet alle Zahn\u00e4rztinnen und Zahn\u00e4rzte um rege Teilnahme an der Umfrage zum Informationsstand \u00fcber seltene Erkrankungen und ihre orofazialen Manifestationen. Die Umfrage wird vom 01.10.2020 bis zum 31.03.2021 [&#8230;]<\/p>\n","protected":false},"author":13,"featured_media":0,"comment_status":"open","ping_status":"closed","sticky":false,"template":"","format":"standard","meta":{"ngg_post_thumbnail":0,"iawp_total_views":0,"footnotes":""},"categories":[121],"tags":[],"class_list":["post-31275","post","type-post","status-publish","format-standard","hentry","category-bzaek"],"_links":{"self":[{"href":"https:\/\/iuzb.de\/index.php?rest_route=\/wp\/v2\/posts\/31275","targetHints":{"allow":["GET"]}}],"collection":[{"href":"https:\/\/iuzb.de\/index.php?rest_route=\/wp\/v2\/posts"}],"about":[{"href":"https:\/\/iuzb.de\/index.php?rest_route=\/wp\/v2\/types\/post"}],"author":[{"embeddable":true,"href":"https:\/\/iuzb.de\/index.php?rest_route=\/wp\/v2\/users\/13"}],"replies":[{"embeddable":true,"href":"https:\/\/iuzb.de\/index.php?rest_route=%2Fwp%2Fv2%2Fcomments&post=31275"}],"version-history":[{"count":2,"href":"https:\/\/iuzb.de\/index.php?rest_route=\/wp\/v2\/posts\/31275\/revisions"}],"predecessor-version":[{"id":31277,"href":"https:\/\/iuzb.de\/index.php?rest_route=\/wp\/v2\/posts\/31275\/revisions\/31277"}],"wp:attachment":[{"href":"https:\/\/iuzb.de\/index.php?rest_route=%2Fwp%2Fv2%2Fmedia&parent=31275"}],"wp:term":[{"taxonomy":"category","embeddable":true,"href":"https:\/\/iuzb.de\/index.php?rest_route=%2Fwp%2Fv2%2Fcategories&post=31275"},{"taxonomy":"post_tag","embeddable":true,"href":"https:\/\/iuzb.de\/index.php?rest_route=%2Fwp%2Fv2%2Ftags&post=31275"}],"curies":[{"name":"wp","href":"https:\/\/api.w.org\/{rel}","templated":true}]}}