{"id":31041,"date":"2020-09-15T18:59:14","date_gmt":"2020-09-15T16:59:14","guid":{"rendered":"http:\/\/iuzb.de\/?p=31041"},"modified":"2020-12-16T13:20:41","modified_gmt":"2020-12-16T12:20:41","slug":"iuzb-sieht-keine-strafrechtliche-relevanz-von-frueheren-missstaenden-im-gemeinsamen-fortbildungsinstitut-der-landeszahnaerztekammern-berlin-und-brandenburg","status":"publish","type":"post","link":"https:\/\/iuzb.de\/?p=31041","title":{"rendered":"IUZB sieht keine strafrechtliche Relevanz von fr\u00fcheren Missst\u00e4nden im gemeinsamen Fortbildungsinstitut der Landeszahn\u00e4rztekammern Berlin und Brandenburg"},"content":{"rendered":"<p><strong>Schreiben der IUZB vom 09.09.2020 an den Pr\u00e4sidenten der Zahn\u00e4rztekammer Berlin:<\/strong><\/p>\n<p style=\"text-align: justify;\">Sehr geehrter Herr Kollege Heegewaldt,<\/p>\n<p style=\"text-align: justify;\">auf Grund der Tatsache, dass wir den genauen Inhalt Ihrer mit Schreiben vom 21.8.2020 angek\u00fcndigten &#8222;Strafanzeige gegen Unbekannt&#8220; nicht kennen, sehen wir keinen Anlass, dass wir unsere Stellungnahme an die Staatsanwaltschaft Berlin versenden.<\/p>\n<p style=\"text-align: justify;\">Wir gehen davon aus, dass die uns bekannt gewordenen Pflichtverletzungen in der Gesch\u00e4ftsf\u00fchrung des Philipp-Pfaff-Institutes keine staatsanwaltlichen Ermittlungen ausl\u00f6sen werden.<\/p>\n<p style=\"text-align: justify;\">Sollten Sie dies anders einsch\u00e4tzen, w\u00e4re es Ihre Aufgabe, die Ihnen \u00fcbersandten Stellungnahme der Staatsanwaltschaft zu \u00fcberreichen.<\/p>\n<p style=\"text-align: justify;\">Gleichzeitig fordern wir Sie dazu auf, dass Sie die mit der Androhung von juristischen Schritten begleiteten Einsch\u00fcchterungsversuche von Delegierten einstellen, das umfassende Fragerecht der Delegierten respektieren, den Sitzungsverlauf der Delegiertenversammlung umfassend und zutreffend dokumentieren und allen Hinweisen auf Pflichtverletzungen in Ihrem Verantwortungsbereich nachgehen.<\/p>\n<p style=\"text-align: justify;\">Die (im Gespr\u00e4chs am 04.09.2020) getroffene Aussage des Gesch\u00e4ftsf\u00fchrers der Zahn\u00e4rztekammer Berlin, dass die Zahn\u00e4rztekammer Berlin \u00fcber keinen Zugang zu den Anschriften ehemaliger Mitarbeiterinnen und Mitarbeiter verf\u00fcgt und somit zu den in Raum stehenden Vorg\u00e4ngen nicht befragt werden k\u00f6nnen,\u00a0 zeigt, dass an der vom Vorstand der Zahn\u00e4rztekammer behaupteten Absicht um eine objektiven Aufkl\u00e4rung der Vorg\u00e4nge am PPI bem\u00fcht zu sein, erhebliche Zweifel angebracht sind.<\/p>\n<p style=\"text-align: justify;\">Eine im gleichen Gespr\u00e4ch ge\u00e4u\u00dferte Unterstellung, dass wir mit unserer Stellungnahme den ehemaligen Gesch\u00e4ftsf\u00fchrer des PPI mit<\/p>\n<blockquote>\n<p style=\"text-align: justify;\">\u201eBest\u00e4tigungen von irgendwelchen M\u00e4dels, die was auch immer erlebt haben\u201c<\/p>\n<\/blockquote>\n<p style=\"text-align: justify;\">offensichtlich fertigmachen wollen, ist ein\u00a0 so ungeheuerlicher Vorwurf, dass wir Sie hiermit auffordern, Herrn Dr. Fischdick Anweisung zu erteilen und uns zu best\u00e4tigen, dass er diesen Vorwurf umgehend widerruft und in Zukunft unterl\u00e4sst.<\/p>\n<p>Mit freundlichen Gr\u00fc\u00dfen<\/p>\n<p><img loading=\"lazy\" decoding=\"async\" class=\"alignleft size-full wp-image-25248\" src=\"https:\/\/iuzb.de\/wp-content\/uploads\/2018\/10\/Dr.-Helmut-Dohmeier-de-Haan-150x210.jpg\" alt=\"\" width=\"150\" height=\"210\" srcset=\"https:\/\/iuzb.de\/wp-content\/uploads\/2018\/10\/Dr.-Helmut-Dohmeier-de-Haan-150x210.jpg 150w, https:\/\/iuzb.de\/wp-content\/uploads\/2018\/10\/Dr.-Helmut-Dohmeier-de-Haan-150x210-86x120.jpg 86w\" sizes=\"auto, (max-width: 150px) 100vw, 150px\" \/><\/p>\n<p>&nbsp;<\/p>\n<p>&nbsp;<\/p>\n<p><strong>Helmut Dohmeier-de Haan<\/strong><\/p>\n<p>Delegierter<br \/>\n2. Vorsitzender IUZB e.V.<\/p>\n<p>&nbsp;<\/p>\n<p>&nbsp;<\/p>\n<p>&nbsp;<\/p>\n<p>&nbsp;<\/p>\n<p>&nbsp;<\/p>\n<p><span style=\"text-decoration: underline;\">Vorhergehend:<\/span><\/p>\n<table style=\"border-collapse: collapse; width: 100%;\">\n<tbody>\n<tr>\n<td style=\"width: 21.8571%; text-align: left; vertical-align: top;\"><strong>02.09.2020<\/strong><\/td>\n<td style=\"width: 78.1429%; text-align: left; vertical-align: top;\"><strong>Antwort der Zahn\u00e4rztekammer Berlin<\/strong><\/p>\n<p>Sehr geehrter Herr Gneist,<br \/>\nsehr geehrter Herr Dr. Dohmeier-de Haan,<\/p>\n<p>der Vorstand der Zahn\u00e4rztekammer Berlin hat mich beauftragt, Ihnen zu Ihrer <a href=\"https:\/\/iuzb.de\/wp-content\/uploads\/2020\/09\/2020-09-02-Stellungnahme-zur-Aufarbeitung-von-frueheren-Missstaenden-im-PPI-An-Kammervorstand-ano.pdf\" target=\"_blank\" rel=\"noopener noreferrer\">Stellungnahme<\/a> vom gestrigen sp\u00e4ten Abend mitzuteilen, dass der Vorstand sich in laufende Ermittlungen der Staatsanwaltschaft nicht einmischen darf bzw. wird. Wie Sie wissen, wurde mit Schreiben vom 21.8.2020 Strafanzeige gegen Unbekannt erstattet. Insoweit ist Ihre Stellungnahme bitte an die Staatsanwaltschaft Berlin, Turmstr. 91, 10559 Berlin, zu senden.<\/p>\n<p>Mit freundlichen Gr\u00fc\u00dfen<\/p>\n<p>Dr. Jan Fischdick<br \/>\nGesch\u00e4ftsf\u00fchrer<\/td>\n<\/tr>\n<tr>\n<td style=\"width: 21.8571%; text-align: left; vertical-align: top;\"><strong>02.09.2020<\/strong><\/td>\n<td style=\"width: 78.1429%; text-align: left; vertical-align: top;\"><a href=\"https:\/\/iuzb.de\/?p=30863\" target=\"_blank\" rel=\"noopener noreferrer\"><strong>Stellungnahme der IUZB zur Aufarbeitung von fr\u00fcheren Missst\u00e4nden im gemeinsamen Fortbildungsinstitut der Landeszahn\u00e4rztekammern Berlin und Brandenburg<\/strong><\/a><\/td>\n<\/tr>\n<\/tbody>\n<\/table>\n<p>&nbsp;<\/p>\n","protected":false},"excerpt":{"rendered":"<p>Schreiben der IUZB vom 09.09.2020 an den Pr\u00e4sidenten der Zahn\u00e4rztekammer Berlin: Sehr geehrter Herr Kollege Heegewaldt, auf Grund der Tatsache, dass wir den genauen Inhalt Ihrer mit Schreiben vom 21.8.2020 [&#8230;]<\/p>\n","protected":false},"author":13,"featured_media":31046,"comment_status":"open","ping_status":"closed","sticky":false,"template":"","format":"standard","meta":{"ngg_post_thumbnail":0,"iawp_total_views":6,"footnotes":""},"categories":[242,46,260],"tags":[],"class_list":["post-31041","post","type-post","status-publish","format-standard","has-post-thumbnail","hentry","category-infobriefe","category-zahnaerztekammer-berlin","category-philipp-pfaff-institut-zahnaerztekammer-berlin"],"_links":{"self":[{"href":"https:\/\/iuzb.de\/index.php?rest_route=\/wp\/v2\/posts\/31041","targetHints":{"allow":["GET"]}}],"collection":[{"href":"https:\/\/iuzb.de\/index.php?rest_route=\/wp\/v2\/posts"}],"about":[{"href":"https:\/\/iuzb.de\/index.php?rest_route=\/wp\/v2\/types\/post"}],"author":[{"embeddable":true,"href":"https:\/\/iuzb.de\/index.php?rest_route=\/wp\/v2\/users\/13"}],"replies":[{"embeddable":true,"href":"https:\/\/iuzb.de\/index.php?rest_route=%2Fwp%2Fv2%2Fcomments&post=31041"}],"version-history":[{"count":7,"href":"https:\/\/iuzb.de\/index.php?rest_route=\/wp\/v2\/posts\/31041\/revisions"}],"predecessor-version":[{"id":31164,"href":"https:\/\/iuzb.de\/index.php?rest_route=\/wp\/v2\/posts\/31041\/revisions\/31164"}],"wp:featuredmedia":[{"embeddable":true,"href":"https:\/\/iuzb.de\/index.php?rest_route=\/wp\/v2\/media\/31046"}],"wp:attachment":[{"href":"https:\/\/iuzb.de\/index.php?rest_route=%2Fwp%2Fv2%2Fmedia&parent=31041"}],"wp:term":[{"taxonomy":"category","embeddable":true,"href":"https:\/\/iuzb.de\/index.php?rest_route=%2Fwp%2Fv2%2Fcategories&post=31041"},{"taxonomy":"post_tag","embeddable":true,"href":"https:\/\/iuzb.de\/index.php?rest_route=%2Fwp%2Fv2%2Ftags&post=31041"}],"curies":[{"name":"wp","href":"https:\/\/api.w.org\/{rel}","templated":true}]}}