{"id":31012,"date":"2020-09-15T16:08:35","date_gmt":"2020-09-15T14:08:35","guid":{"rendered":"http:\/\/iuzb.de\/?p=31012"},"modified":"2020-12-01T21:12:27","modified_gmt":"2020-12-01T20:12:27","slug":"fortsetzung-ii-iuzb-produktwarnung-fuer-die-von-der-zaek-berlin-vermittelten-schutzmasken","status":"publish","type":"post","link":"https:\/\/iuzb.de\/?p=31012","title":{"rendered":"Maskenvermittlung: Pr\u00e4sident und Vizepr\u00e4sident verweigern weitere Ausk\u00fcnfte"},"content":{"rendered":"<p><strong>An alle Mitglieder der Zahn\u00e4rztekammer Berlin<\/strong><\/p>\n<p>Der Pr\u00e4sident und der Vizepr\u00e4sident der Zahn\u00e4rztekammer Berlin, haben mir am Rande der gestrigen KZV Vertreterversammlung mitgeteilt, dass ihrerseits zum Thema Maskenvermittlung alles gesagt sei und sie mir keine weiteren Ausk\u00fcnfte erteilen werden.<\/p>\n<p>Damit sich alle Kammermitglieder ein m\u00f6glichst vollst\u00e4ndiges Bild machen k\u00f6nnen, geben wir Ihnen hiermit zus\u00e4tzlich zu unseren bisherigen Ver\u00f6ffentlichungen auch noch den weiteren mit der Kammer gef\u00fchrten Schriftwechsel bekannt.<\/p>\n<p><strong>Mit kollegialen Gr\u00fc\u00dfen<\/strong><\/p>\n<p><img loading=\"lazy\" decoding=\"async\" class=\"alignleft size-full wp-image-25248\" src=\"https:\/\/iuzb.de\/wp-content\/uploads\/2018\/10\/Dr.-Helmut-Dohmeier-de-Haan-150x210.jpg\" alt=\"\" width=\"150\" height=\"210\" srcset=\"https:\/\/iuzb.de\/wp-content\/uploads\/2018\/10\/Dr.-Helmut-Dohmeier-de-Haan-150x210.jpg 150w, https:\/\/iuzb.de\/wp-content\/uploads\/2018\/10\/Dr.-Helmut-Dohmeier-de-Haan-150x210-86x120.jpg 86w\" sizes=\"auto, (max-width: 150px) 100vw, 150px\" \/><\/p>\n<p>&nbsp;<\/p>\n<p>&nbsp;<\/p>\n<p><strong>Dr. Helmut Dohmeier-de Haan<\/strong><\/p>\n<p>Delegierter<br \/>\n2. Vorsitzender IUZB e.V.<\/p>\n<p>&nbsp;<\/p>\n<p>&nbsp;<\/p>\n<p>&nbsp;<\/p>\n<p>&nbsp;<\/p>\n<table style=\"border-collapse: collapse; width: 100%;\">\n<tbody>\n<tr>\n<td style=\"width: 18.8571%; text-align: left; vertical-align: top;\"><strong>09.09.2020<\/strong><\/td>\n<td style=\"width: 81.1429%; text-align: left; vertical-align: top;\"><strong>IUZB (Dr. D.) an Z\u00c4K (Pr\u00e4sidenten)<\/strong><\/p>\n<p>dem mit Herrn Fischdick am Freitagmorgen (04.09.2020) gef\u00fchrten Gespr\u00e4ch haben Herr Gneist und ich entnommen, dass wir von ihm in Gegensatz zu Ihrer Ank\u00fcndigung keine Antwort zu erwarten haben.<\/p>\n<p>Wir fordern Sie erneut auf , die an den Vorstand der Zahn\u00e4rztekammer gerichteten Fragen nicht l\u00e4nger zu ignorieren. Dadurch verschwinden Sie nicht. Wenn Sie sich nicht dazu in der Lage sehen die Fragen zu beantworten, sollten Sie das begr\u00fcnden und allen Delegierten Ihre Hinderungsgr\u00fcnde offenlegen.<\/p>\n<p>Nach unserer Auffassung erlaubt Ihr Amt es Ihnen nicht, das Fragerecht der Delegierten zu ignorieren und dadurch die Information aller Kolleginnen und Kollegen zu unterlaufen.<\/td>\n<\/tr>\n<tr>\n<td style=\"width: 18.8571%; text-align: left; vertical-align: top;\"><strong>15.08.2020<br \/>\n<\/strong><\/td>\n<td style=\"width: 81.1429%; text-align: left; vertical-align: top;\"><strong>IUZB Information f\u00fcr die Berliner Zahn\u00e4rzteschaft:<br \/>\n<\/strong><a href=\"https:\/\/iuzb.de\/?p=30718\" target=\"_blank\" rel=\"noopener noreferrer\">Fortsetzung: IUZB Produktwarnung f\u00fcr die von der Z\u00c4K Berlin vermittelten \u201eSchutzmasken\u201c<\/a><\/td>\n<\/tr>\n<tr>\n<td style=\"width: 18.8571%; text-align: left; vertical-align: top;\"><strong>30.07.2020<br \/>\n<\/strong><\/td>\n<td style=\"width: 81.1429%; text-align: left; vertical-align: top;\"><strong>IUZB Information f\u00fcr die Berliner Zahn\u00e4rzteschaft<br \/>\n<\/strong><a href=\"https:\/\/iuzb.de\/?p=30664\" target=\"_blank\" rel=\"noopener noreferrer\">Zahn\u00e4rztekammer Berlin sieht keine \u201eMeldepflicht\u201c an ihre Mitglieder \u00fcber eine angebliche Mangelhaftigkeit von durch die aukando GmbH gelieferte Masken<\/a><\/td>\n<\/tr>\n<tr>\n<td style=\"width: 18.8571%; text-align: left; vertical-align: top;\"><strong>21.07.2020<br \/>\n<\/strong><\/td>\n<td style=\"width: 81.1429%; text-align: left; vertical-align: top;\"><strong>IUZB Information f\u00fcr die Berliner Zahn\u00e4rzteschaft<br \/>\n<\/strong><a href=\"https:\/\/iuzb.de\/?p=30628\" target=\"_blank\" rel=\"noopener noreferrer\">Produktwarnung f\u00fcr die von der Z\u00c4K Berlin vermittelten FFP2 Masken der Firma Aukando<\/a><\/td>\n<\/tr>\n<tr>\n<td style=\"width: 18.8571%; text-align: left; vertical-align: top;\"><strong>09.07.2020<\/strong><\/td>\n<td style=\"width: 81.1429%; text-align: left; vertical-align: top;\"><strong>Z\u00c4K (Pr\u00e4sident) an IUZB (Dr. D.)<\/strong><\/p>\n<p>Ich verstehe Ihren Ton in der Mail nicht.<br \/>\nErstens hat Herr Dr. Fischdick eine Antwort nach seinem Urlaub zugesagt und zweiten bitte ich Sie, den Unterton der Unterstellung in Zukunft zu unterlassen.<br \/>\nDie Aussagen von Herrn Dr. Fischdick waren selbstverst\u00e4ndlich wahrheitsgem\u00e4\u00df, da wir die Berliner Zahn\u00e4rtinnen und Zahn\u00e4rzte keinem Risiko bez\u00fcglich der Schutzmasken ausgesetzt haben.<\/td>\n<\/tr>\n<tr>\n<td style=\"width: 18.8571%; text-align: left; vertical-align: top;\"><strong>09.07.2020<\/strong><\/td>\n<td style=\"width: 81.1429%; text-align: left; vertical-align: top;\"><strong>IUZB (Dr. D.) an Z\u00c4K (Pr\u00e4sident und Referatsleiter)<\/strong><\/p>\n<p>nachdem Herr Dr. Fischdick offenbar nicht gewillt oder nicht in der Lage ist, meiner Bitte um Auskunft nachzukommen, erwarte ich von Ihnen, dass Sie sich der Sache annehmen und daf\u00fcr sorgen, dass die von mir erbetenen Ausk\u00fcnfte jetzt gegeben werden. Eine erneute Verz\u00f6gerung ist nicht akzeptabel.<\/p>\n<p>Die \u00dcbersendung von Unterlagen aus denen unmissverst\u00e4ndlich hervorgeht, dass<\/p>\n<ul>\n<li>die Masken durch eine Berliner Apotheke \u00fcberpr\u00fcft und als ordnungsm\u00e4\u00dfig bezeichnet worden sind<\/li>\n<li>die von der Firma Aukando an die Berliner Zahnarztpraxen verschickten Masken \u00fcber eine CE-Zertifizierung verf\u00fcgen<\/li>\n<li>die Landeszahn\u00e4rztekammer Baden-W\u00fcrttemberg mit erheblichen Kapitalaufwand in die Beschaffung von Masken gegangen ist und darauf sitzen geblieben ist,<\/li>\n<\/ul>\n<p>erwarte ich bis zum 15.07.2020. Anderenfalls gehe ich davon aus, dass es die behauptete \u00dcberpr\u00fcfung der Masken durch die\u00a0 &#8222;Berliner Apotheke&#8220; nicht gegeben hat, Ihnen auch keine CE-Zertifizierung der Masken vorliegt und die Delegierten mit der Aussage \u00fcber die Landeszahn\u00e4rztekammer Baden-W\u00fcrttemberg unzutreffend informiert sind.<\/td>\n<\/tr>\n<tr>\n<td style=\"width: 18.8571%; text-align: left; vertical-align: top;\"><strong>08.07.2020<\/strong><\/td>\n<td style=\"width: 81.1429%; text-align: left; vertical-align: top;\"><strong>Z\u00c4K Berlin (GF) an IUZB (Dr. D.)<\/strong><\/p>\n<p>vielen Dank f\u00fcr Ihre E-Mail. Ich bitte Sie, auch Herrn Gneist meine Antwort weiterzuleiten, f\u00fcr den Sie ja auch nachfragen.<\/p>\n<p>Leider kann ich Ihnen den Namen des Apothekers zurzeit nicht nennen, da dieser momentan im Urlaub ist, und ich ihn zun\u00e4chst befragen muss, ob er mit der Weitergabe seiner Daten einverstanden ist.<\/p>\n<p>Das Zertifikat f\u00fcr die Masken bitte ich Sie, unmittelbar bei der Firma Aukando abzufordern.<\/p>\n<p>Urlaubsbedingt wird sich eine weitere Befassung bis Anfang August verz\u00f6gern. Ich bitte insoweit um Verst\u00e4ndnis.<\/p>\n<p>Ich w\u00fcnsche Ihnen eine erholsame Sommerzeit!<\/td>\n<\/tr>\n<tr>\n<td style=\"width: 18.8571%; text-align: left; vertical-align: top;\"><strong>06.07.2020<\/strong><\/td>\n<td style=\"width: 81.1429%; text-align: left; vertical-align: top;\"><strong>IUZB (Dr. D.) an Z\u00c4K (GF)<\/strong><\/p>\n<p>es ist mir unverst\u00e4ndlich, dass ich von Ihnen bisher noch nicht einmal eine Best\u00e4tigung meiner an Sie gerichteten E-Mail erhalten habe. Ausdr\u00fccklich hatten Sie um schriftliche Kommunikation gebeten. Ich darf Sie bitten, mir die erbetenen Ausk\u00fcnfte jetzt ohne weitere Verz\u00f6gerung zukommen zu lassen.<\/td>\n<\/tr>\n<tr>\n<td style=\"width: 18.8571%; text-align: left; vertical-align: top;\"><strong>25.06.2020<\/strong><\/td>\n<td style=\"width: 81.1429%; text-align: left; vertical-align: top;\"><strong>IUZB (Dr. D.) an Z\u00c4K (GF)<\/strong><\/p>\n<p>in Ihrem <a href=\"https:\/\/archive.newsletter2go.com\/?n2g=yea53k93-pokhid4m-10l9\" target=\"_blank\" rel=\"noopener noreferrer\">Newsletter 4-3<\/a> schreiben Sie:<\/p>\n<blockquote><p><strong>Z\u00c4K Berlin vermittelt direkten Lieferweg \/ FFP1- und FFP2-Masken bei H\u00e4ndler bestellbar<\/strong><br \/>\n[&#8230;]&#8220;Die Firma aukando ist \u00fcber pers\u00f6nliche Kontakte in der Lage, bei einem Gro\u00dfh\u00e4ndler in China FFP1- und FFP2-Masken direkt zu bestellen. Eine ersteAuslieferung dieser Masken an eine Berliner Apotheke wurde dort \u00fcberpr\u00fcft und als ordnungsm\u00e4\u00dfig bezeichnet.&#8220;[&#8230;]<\/p><\/blockquote>\n<p>In der Delegiertenversammlung vom 28. Mai 2020 hatte ich Sie um Auskunft gebeten, welche Berliner Apotheke die Masken \u00fcberpr\u00fcft hat. Sie wussten dies in diesem Moment nicht, sagten mir aber zu mir die Antwort nachzureichen. Ich bitte Sie, dies nunmehr auch zu tun.<\/p>\n<p>Die Zahn\u00e4rztekammer Berlin hat sich bei diesen fast 800 Gesch\u00e4ften als Vermittler bet\u00e4tigt. In der Delegiertenversammlung sagten Sie auf eine Frage des Delegierten Herrn Gneist, dass Ihnen das CE Zertifikat vorliegt. Ich und auch Herr Gneist bitten um Zusendung einer Kopie dieses Zertifikates.<\/p>\n<p>Auf eine meiner Fragen sagten Sie au\u00dferdem, dass die LZ\u00c4K BW mit erheblichen Kapitalaufwand in die Beschaffung von Masken gegangen ist und darauf sitzen geblieben ist. Nur am Rande m\u00f6chte Ihnen dazu mitteilen, dass ich inzwischen deswegen ein l\u00e4ngeres Telefonat mit dem Referat Praxisf\u00fchrung der Z\u00c4K B.-W.\u00a0gef\u00fchrt habe und das es demnach nicht zutrifft, dass die LZ\u00c4K BW auf Masken sitzen geblieben ist.<\/td>\n<\/tr>\n<tr>\n<td style=\"width: 18.8571%; text-align: left; vertical-align: top;\"><strong>24.06.2020<\/strong><\/td>\n<td style=\"width: 81.1429%; text-align: left; vertical-align: top;\"><strong><span style=\"text-decoration: underline;\">Z\u00c4K Berlin (Sekretariat) an IUZB (Dr. D.)<br \/>\n<\/span><\/strong>Herr Dr. Fischdick bittet Sie zur Vermeidung von Missverst\u00e4ndnissen in der m\u00fcndlichen Kommunikation um \u00dcbersendung Ihrer Anliegen per E-Mail. Bitte beachten Sie, dass aufgrund der bevorstehenden Schulferien Herr Dr. Fischdick zeitweise nicht im Haus ist. Die Bearbeitung kann daher etwas Zeit in Anspruch nehmen.<\/td>\n<\/tr>\n<\/tbody>\n<\/table>\n<p>&nbsp;<\/p>\n","protected":false},"excerpt":{"rendered":"<p>An alle Mitglieder der Zahn\u00e4rztekammer Berlin Der Pr\u00e4sident und der Vizepr\u00e4sident der Zahn\u00e4rztekammer Berlin, haben mir am Rande der gestrigen KZV Vertreterversammlung mitgeteilt, dass ihrerseits zum Thema Maskenvermittlung alles gesagt [&#8230;]<\/p>\n","protected":false},"author":13,"featured_media":31031,"comment_status":"open","ping_status":"closed","sticky":false,"template":"","format":"standard","meta":{"ngg_post_thumbnail":0,"iawp_total_views":2,"footnotes":""},"categories":[242,267,46],"tags":[],"class_list":["post-31012","post","type-post","status-publish","format-standard","has-post-thumbnail","hentry","category-infobriefe","category-maskenvermittlung","category-zahnaerztekammer-berlin"],"_links":{"self":[{"href":"https:\/\/iuzb.de\/index.php?rest_route=\/wp\/v2\/posts\/31012","targetHints":{"allow":["GET"]}}],"collection":[{"href":"https:\/\/iuzb.de\/index.php?rest_route=\/wp\/v2\/posts"}],"about":[{"href":"https:\/\/iuzb.de\/index.php?rest_route=\/wp\/v2\/types\/post"}],"author":[{"embeddable":true,"href":"https:\/\/iuzb.de\/index.php?rest_route=\/wp\/v2\/users\/13"}],"replies":[{"embeddable":true,"href":"https:\/\/iuzb.de\/index.php?rest_route=%2Fwp%2Fv2%2Fcomments&post=31012"}],"version-history":[{"count":20,"href":"https:\/\/iuzb.de\/index.php?rest_route=\/wp\/v2\/posts\/31012\/revisions"}],"predecessor-version":[{"id":31033,"href":"https:\/\/iuzb.de\/index.php?rest_route=\/wp\/v2\/posts\/31012\/revisions\/31033"}],"wp:featuredmedia":[{"embeddable":true,"href":"https:\/\/iuzb.de\/index.php?rest_route=\/wp\/v2\/media\/31031"}],"wp:attachment":[{"href":"https:\/\/iuzb.de\/index.php?rest_route=%2Fwp%2Fv2%2Fmedia&parent=31012"}],"wp:term":[{"taxonomy":"category","embeddable":true,"href":"https:\/\/iuzb.de\/index.php?rest_route=%2Fwp%2Fv2%2Fcategories&post=31012"},{"taxonomy":"post_tag","embeddable":true,"href":"https:\/\/iuzb.de\/index.php?rest_route=%2Fwp%2Fv2%2Ftags&post=31012"}],"curies":[{"name":"wp","href":"https:\/\/api.w.org\/{rel}","templated":true}]}}